{"id":70310,"date":"2025-10-15T00:01:00","date_gmt":"2025-10-15T06:01:00","guid":{"rendered":"https:\/\/www.opinionpublica.tv\/portada\/?p=70310"},"modified":"2025-10-14T20:45:07","modified_gmt":"2025-10-15T02:45:07","slug":"bienestar-animal-suspende-adopciones-de-gatos-durante-octubre-por-halloween","status":"publish","type":"post","link":"https:\/\/www.opinionpublica.tv\/portada\/bienestar-animal-suspende-adopciones-de-gatos-durante-octubre-por-halloween\/","title":{"rendered":"Bienestar Animal suspende adopciones de gatos durante todo octubre por el Halloween"},"content":{"rendered":"\n<figure class=\"wp-block-image size-full\"><img fetchpriority=\"high\" decoding=\"async\" width=\"480\" height=\"299\" src=\"https:\/\/www.opinionpublica.tv\/portada\/wp-content\/uploads\/2025\/10\/Bienestar-Animal-suspende-adopciones-de-gatos-durante-todo-octubre-por-el-Halloween.webp\" alt=\"Bienestar animal suspende adopciones de gatos durante todo octubre por el halloween\" class=\"wp-image-70314\" srcset=\"https:\/\/www.opinionpublica.tv\/portada\/wp-content\/uploads\/2025\/10\/Bienestar-Animal-suspende-adopciones-de-gatos-durante-todo-octubre-por-el-Halloween.webp 480w, https:\/\/www.opinionpublica.tv\/portada\/wp-content\/uploads\/2025\/10\/Bienestar-Animal-suspende-adopciones-de-gatos-durante-todo-octubre-por-el-Halloween-300x187.webp 300w\" sizes=\"(max-width: 480px) 100vw, 480px\" \/><\/figure>\n\n\n\n<p class=\"wp-block-paragraph\"><em>Ciudad Ju\u00e1rez, Chih<\/em>.- La Direcci\u00f3n de Atenci\u00f3n y Bienestar Animal (DABA) suspendi\u00f3 las adopciones de gatos durante el mes de octubre y hace un llamado a los juarenses para que cuiden y protejan a sus mascotas, especialmente si los felinos son negros.<\/p>\n\n\n\n<p class=\"wp-block-paragraph\">La titular de la dependencia, Alma Edith Arredondo Salinas, indic\u00f3 que en esta temporada se eleva el n\u00famero de personas que quieren adoptar gatos, sin embargo, la dependencia opta por interrumpir el proceso hasta el siguiente mes.<\/p>\n\n\n\n<p class=\"wp-block-paragraph\">Esto, debido a que se pueden presentar casos donde los animalitos son usados para actividades riesgosas, incluyendo los sacrificios.<\/p>\n\n\n\n<p class=\"wp-block-paragraph\">\u201cHay mitos, pero tambi\u00e9n nos ha pasado que en estas fechas la gente busca desesperadamente adoptar gatitos sin importar que no sean negros, el a\u00f1o pasado nos toc\u00f3 un caso donde una persona quer\u00eda un gatito para sacarle la sangre, obviamente no le dimos ning\u00fan animalito\u201d, se\u00f1al\u00f3.<\/p>\n\n\n\n<p class=\"wp-block-paragraph\">La funcionaria pidi\u00f3 a la ciudadan\u00eda no dejar salir a sus gatos, especialmente el 30 y 31 de octubre que es cuando acostumbran a hacer rituales.<\/p>\n\n\n\n<p class=\"wp-block-paragraph\">Tambi\u00e9n pidi\u00f3 cuidar a los gatos comunitarios que no tienen due\u00f1o pero que en ocasiones andan en los patios de las casas o en la calle. Se\u00f1al\u00f3 que las adopciones se estar\u00e1n reanudando a partir de noviembre.<\/p>\n","protected":false},"excerpt":{"rendered":"<p>Ciudad Ju\u00e1rez, Chih.- La Direcci\u00f3n de Atenci\u00f3n y Bienestar Animal (DABA) suspendi\u00f3 las adopciones de gatos durante el mes de octubre y hace un llamado a los juarenses para que cuiden y protejan a sus mascotas, especialmente si los felinos son negros. La titular de la dependencia, Alma Edith Arredondo Salinas, indic\u00f3 que en esta [&hellip;]<\/p>\n","protected":false},"author":6,"featured_media":70314,"comment_status":"closed","ping_status":"closed","sticky":false,"template":"","format":"standard","meta":{"_acf_changed":false,"_monsterinsights_skip_tracking":false,"slim_seo":{"title":"Bienestar Animal suspende adopciones de gatos durante todo octubre por el Halloween - Opini\u00f3n P\u00fablica","description":"Ciudad Ju\u00e1rez, Chih .- La Direcci\u00f3n de Atenci\u00f3n y Bienestar Animal (DABA) suspendi\u00f3 las adopciones de gatos durante el mes de octubre y hace un llamado a los ju"},"footnotes":""},"categories":[41],"tags":[],"class_list":["post-70310","post","type-post","status-publish","format-standard","has-post-thumbnail","hentry","category-juarez"],"acf":[],"_links":{"self":[{"href":"https:\/\/www.opinionpublica.tv\/portada\/wp-json\/wp\/v2\/posts\/70310","targetHints":{"allow":["GET"]}}],"collection":[{"href":"https:\/\/www.opinionpublica.tv\/portada\/wp-json\/wp\/v2\/posts"}],"about":[{"href":"https:\/\/www.opinionpublica.tv\/portada\/wp-json\/wp\/v2\/types\/post"}],"author":[{"embeddable":true,"href":"https:\/\/www.opinionpublica.tv\/portada\/wp-json\/wp\/v2\/users\/6"}],"replies":[{"embeddable":true,"href":"https:\/\/www.opinionpublica.tv\/portada\/wp-json\/wp\/v2\/comments?post=70310"}],"version-history":[{"count":3,"href":"https:\/\/www.opinionpublica.tv\/portada\/wp-json\/wp\/v2\/posts\/70310\/revisions"}],"predecessor-version":[{"id":70315,"href":"https:\/\/www.opinionpublica.tv\/portada\/wp-json\/wp\/v2\/posts\/70310\/revisions\/70315"}],"wp:featuredmedia":[{"embeddable":true,"href":"https:\/\/www.opinionpublica.tv\/portada\/wp-json\/wp\/v2\/media\/70314"}],"wp:attachment":[{"href":"https:\/\/www.opinionpublica.tv\/portada\/wp-json\/wp\/v2\/media?parent=70310"}],"wp:term":[{"taxonomy":"category","embeddable":true,"href":"https:\/\/www.opinionpublica.tv\/portada\/wp-json\/wp\/v2\/categories?post=70310"},{"taxonomy":"post_tag","embeddable":true,"href":"https:\/\/www.opinionpublica.tv\/portada\/wp-json\/wp\/v2\/tags?post=70310"}],"curies":[{"name":"wp","href":"https:\/\/api.w.org\/{rel}","templated":true}]}}