{"id":70165,"date":"2025-10-13T00:01:00","date_gmt":"2025-10-13T06:01:00","guid":{"rendered":"https:\/\/www.opinionpublica.tv\/portada\/?p=70165"},"modified":"2025-10-12T20:31:15","modified_gmt":"2025-10-13T02:31:15","slug":"entregan-premios-a-artesanos-ganadores-de-concurso-regional-de-ceramica-de-mata-ortiz","status":"publish","type":"post","link":"https:\/\/www.opinionpublica.tv\/portada\/entregan-premios-a-artesanos-ganadores-de-concurso-regional-de-ceramica-de-mata-ortiz\/","title":{"rendered":"Entregan premios a ganadores de concurso Regional de cer\u00e1mica de Mata Ortiz"},"content":{"rendered":"\n<figure class=\"wp-block-image size-large\"><img fetchpriority=\"high\" decoding=\"async\" width=\"1024\" height=\"684\" src=\"https:\/\/www.opinionpublica.tv\/portada\/wp-content\/uploads\/2025\/10\/Entregan-premios-a-ganadores-de-concurso-Regional-de-ceramica-de-Mata-Ortiz-1024x684.jpeg\" alt=\"Entregan premios a ganadores de concurso regional de cera\u0301mica de mata ortiz\" class=\"wp-image-70168\" srcset=\"https:\/\/www.opinionpublica.tv\/portada\/wp-content\/uploads\/2025\/10\/Entregan-premios-a-ganadores-de-concurso-Regional-de-ceramica-de-Mata-Ortiz-1024x684.jpeg 1024w, https:\/\/www.opinionpublica.tv\/portada\/wp-content\/uploads\/2025\/10\/Entregan-premios-a-ganadores-de-concurso-Regional-de-ceramica-de-Mata-Ortiz-300x200.jpeg 300w, https:\/\/www.opinionpublica.tv\/portada\/wp-content\/uploads\/2025\/10\/Entregan-premios-a-ganadores-de-concurso-Regional-de-ceramica-de-Mata-Ortiz-768x513.jpeg 768w, https:\/\/www.opinionpublica.tv\/portada\/wp-content\/uploads\/2025\/10\/Entregan-premios-a-ganadores-de-concurso-Regional-de-ceramica-de-Mata-Ortiz-1536x1026.jpeg 1536w, https:\/\/www.opinionpublica.tv\/portada\/wp-content\/uploads\/2025\/10\/Entregan-premios-a-ganadores-de-concurso-Regional-de-ceramica-de-Mata-Ortiz.jpeg 1600w\" sizes=\"(max-width: 1024px) 100vw, 1024px\" \/><\/figure>\n\n\n\n<p class=\"wp-block-paragraph\"><em>Casas Grandes, Chih<\/em>.- Un total de 26 alfareros chihuahuenses fueron premiados por Fomento y Desarrollo Artesanal del Estado de Chihuahua (Fodarch), en el marco del 28 Concurso Regional de Cer\u00e1mica de Mata Ortiz 2025, donde se destin\u00f3 una bolsa de 400 mil pesos en premios.<\/p>\n\n\n\n<p class=\"wp-block-paragraph\">La ceremonia se realiz\u00f3 en la explanada de la vieja estaci\u00f3n del ferrocarril, en la comunidad de Mata Ortiz, en el municipio de Casas Grandes.<\/p>\n\n\n\n<p class=\"wp-block-paragraph\">La bolsa de premios se reparti\u00f3 entre los ganadores de las ocho categor\u00edas y dos premios especiales: Galard\u00f3n y Excelencia.<\/p>\n\n\n\n<p class=\"wp-block-paragraph\">En total participaron 275 artesanos de la regi\u00f3n con 324 piezas registradas, de las cuales la ganadora al Premio a la Excelencia fue realizada por el artesano H\u00e9ctor Gallegos Ram\u00edrez, quien obtuvo un est\u00edmulo econ\u00f3mico de 35 mil pesos.<\/p>\n\n\n\n<p class=\"wp-block-paragraph\">Otro de los premios especiales fue el llamado Galard\u00f3n, otorgado por el artesano Jos\u00e9 Silbeira Orozco, quien obtuvo un estimulo de 25 mil pesos con su pieza.<\/p>\n\n\n\n<p class=\"wp-block-paragraph\">Liliana Terrazas, directora de Fodarch, destac\u00f3 el esfuerzo de los artesanos de Mata Ortiz, cuya alfarer\u00eda ha obtenido reconocimiento internacional, al ser parte de la identidad cultural de esta regi\u00f3n del estado e incentiv\u00f3 a seguir creando tan extraordinaria obra art\u00edstica.<\/p>\n\n\n\n<p class=\"wp-block-paragraph\">La funcionaria reconoci\u00f3 la calidad de las piezas de los participantes y subray\u00f3 la importancia de que este evento prevalezca, para promover el arte de la cer\u00e1mica en todos los niveles.<\/p>\n\n\n\n<p class=\"wp-block-paragraph\">En el pres\u00eddium estuvieron representantes municipales y estatales, la secretaria de cultura Alejandra Enr\u00edquez en representaci\u00f3n de la gobernadora del estado; Luis Ochoa, director de econom\u00eda de la SIDE; Roberto Lucero Galaz, presidente municipal de Casas Grandes; Mario Covarrubias, jefe de capacitaciones de FONART y el maestro ceramista Diego Valles.<\/p>\n\n\n\n<p class=\"wp-block-paragraph\">Al t\u00e9rmino de la ceremonia, las piezas de cada participante fueron expuestas para su comercializaci\u00f3n. Adem\u00e1s, se llev\u00f3 a cabo en el mismo lugar el Festival Gastron\u00f3mico y Cultural, donde se presentaron diferentes n\u00fameros musicales, de danza, as\u00ed como la exposici\u00f3n de productos locales y antojitos de la regi\u00f3n.<\/p>\n","protected":false},"excerpt":{"rendered":"<p>Casas Grandes, Chih.- Un total de 26 alfareros chihuahuenses fueron premiados por Fomento y Desarrollo Artesanal del Estado de Chihuahua (Fodarch), en el marco del 28 Concurso Regional de Cer\u00e1mica de Mata Ortiz 2025, donde se destin\u00f3 una bolsa de 400 mil pesos en premios. La ceremonia se realiz\u00f3 en la explanada de la vieja [&hellip;]<\/p>\n","protected":false},"author":6,"featured_media":70168,"comment_status":"closed","ping_status":"closed","sticky":false,"template":"","format":"standard","meta":{"_acf_changed":false,"_monsterinsights_skip_tracking":false,"slim_seo":{"title":"Entregan premios a ganadores de concurso Regional de cer\u00e1mica de Mata Ortiz - Opini\u00f3n P\u00fablica","description":"Casas Grandes, Chih .- Un total de 26 alfareros chihuahuenses fueron premiados por Fomento y Desarrollo Artesanal del Estado de Chihuahua (Fodarch), en el marco"},"footnotes":""},"categories":[11],"tags":[],"class_list":["post-70165","post","type-post","status-publish","format-standard","has-post-thumbnail","hentry","category-tendencias"],"acf":[],"_links":{"self":[{"href":"https:\/\/www.opinionpublica.tv\/portada\/wp-json\/wp\/v2\/posts\/70165","targetHints":{"allow":["GET"]}}],"collection":[{"href":"https:\/\/www.opinionpublica.tv\/portada\/wp-json\/wp\/v2\/posts"}],"about":[{"href":"https:\/\/www.opinionpublica.tv\/portada\/wp-json\/wp\/v2\/types\/post"}],"author":[{"embeddable":true,"href":"https:\/\/www.opinionpublica.tv\/portada\/wp-json\/wp\/v2\/users\/6"}],"replies":[{"embeddable":true,"href":"https:\/\/www.opinionpublica.tv\/portada\/wp-json\/wp\/v2\/comments?post=70165"}],"version-history":[{"count":3,"href":"https:\/\/www.opinionpublica.tv\/portada\/wp-json\/wp\/v2\/posts\/70165\/revisions"}],"predecessor-version":[{"id":70170,"href":"https:\/\/www.opinionpublica.tv\/portada\/wp-json\/wp\/v2\/posts\/70165\/revisions\/70170"}],"wp:featuredmedia":[{"embeddable":true,"href":"https:\/\/www.opinionpublica.tv\/portada\/wp-json\/wp\/v2\/media\/70168"}],"wp:attachment":[{"href":"https:\/\/www.opinionpublica.tv\/portada\/wp-json\/wp\/v2\/media?parent=70165"}],"wp:term":[{"taxonomy":"category","embeddable":true,"href":"https:\/\/www.opinionpublica.tv\/portada\/wp-json\/wp\/v2\/categories?post=70165"},{"taxonomy":"post_tag","embeddable":true,"href":"https:\/\/www.opinionpublica.tv\/portada\/wp-json\/wp\/v2\/tags?post=70165"}],"curies":[{"name":"wp","href":"https:\/\/api.w.org\/{rel}","templated":true}]}}