{"id":70140,"date":"2025-10-13T00:01:00","date_gmt":"2025-10-13T06:01:00","guid":{"rendered":"https:\/\/www.opinionpublica.tv\/portada\/?p=70140"},"modified":"2025-10-12T19:30:29","modified_gmt":"2025-10-13T01:30:29","slug":"unidad-renovacion-y-orgullo-maru-en-la-xxxii-asamblea-estatal-del-pan-chihuahua","status":"publish","type":"post","link":"https:\/\/www.opinionpublica.tv\/portada\/unidad-renovacion-y-orgullo-maru-en-la-xxxii-asamblea-estatal-del-pan-chihuahua\/","title":{"rendered":"Unidad, renovaci\u00f3n y orgullo: Maru en la XXXII Asamblea Estatal del PAN Chihuahua"},"content":{"rendered":"\n<figure class=\"wp-block-image size-large\"><img fetchpriority=\"high\" decoding=\"async\" width=\"1024\" height=\"576\" src=\"https:\/\/www.opinionpublica.tv\/portada\/wp-content\/uploads\/2025\/10\/Unidad-renovacion-y-orgullo-Maru-en-la-XXXII-Asamblea-Estatal-del-PAN-Chihuahua-1024x576.jpeg\" alt=\"Unidad, renovacio\u0301n y orgullo maru en la xxxii asamblea estatal del pan chihuahua\" class=\"wp-image-70143\" srcset=\"https:\/\/www.opinionpublica.tv\/portada\/wp-content\/uploads\/2025\/10\/Unidad-renovacion-y-orgullo-Maru-en-la-XXXII-Asamblea-Estatal-del-PAN-Chihuahua-1024x576.jpeg 1024w, https:\/\/www.opinionpublica.tv\/portada\/wp-content\/uploads\/2025\/10\/Unidad-renovacion-y-orgullo-Maru-en-la-XXXII-Asamblea-Estatal-del-PAN-Chihuahua-300x169.jpeg 300w, https:\/\/www.opinionpublica.tv\/portada\/wp-content\/uploads\/2025\/10\/Unidad-renovacion-y-orgullo-Maru-en-la-XXXII-Asamblea-Estatal-del-PAN-Chihuahua-768x432.jpeg 768w, https:\/\/www.opinionpublica.tv\/portada\/wp-content\/uploads\/2025\/10\/Unidad-renovacion-y-orgullo-Maru-en-la-XXXII-Asamblea-Estatal-del-PAN-Chihuahua.jpeg 1280w\" sizes=\"(max-width: 1024px) 100vw, 1024px\" \/><\/figure>\n\n\n\n<p class=\"wp-block-paragraph\"><em>Chihuahua, Chih<\/em>.\u2014 Encabezados por la gobernadora Maru Campos y la presidenta del PAN Chihuahua, Daniela \u00c1lvarez, el Partido Acci\u00f3n Nacional celebr\u00f3 su XXXII Asamblea Estatal, donde se ratificaron los nuevos integrantes del Consejo Estatal y del Consejo Nacional, adem\u00e1s de rendir protesta a las y los nuevos dirigentes de los comit\u00e9s directivos municipales.<\/p>\n\n\n\n<p class=\"wp-block-paragraph\">La gobernadora hizo un llamado a los panistas a cerrar filas, mantener la unidad y salir con orgullo a las calles para sumar fuerzas rumbo a 2027, a defender lo logrado en Chihuahua y seguir siendo ejemplo de buenos gobiernos.<\/p>\n\n\n\n<p class=\"wp-block-paragraph\">\u201cTenemos una tarea trascendental: ser la voz que marque la diferencia. Nos toca salir al mundo con la frente en alto, respaldados por los hechos, y gritar con fuerza: \u00a1es un orgullo pertenecer a Acci\u00f3n Nacional!\u201d, enfatiz\u00f3.<\/p>\n\n\n\n<p class=\"wp-block-paragraph\">Maru Campos destac\u00f3 que Acci\u00f3n Nacional es el partido que responde a las necesidades de la gente con hechos y no con discursos, y que los gobiernos humanistas como el de Chihuahua trabajan guiados por los valores del PAN para evitar el \u201cdolor evitable\u201d.<\/p>\n\n\n\n<p class=\"wp-block-paragraph\">Por su parte, Daniela \u00c1lvarez present\u00f3 su primer \u2018Informe de Acci\u00f3n\u2019, destacando los avances logrados durante su gesti\u00f3n, entre ellos la renovaci\u00f3n de los 45 Comit\u00e9s Directivos Municipales, la creaci\u00f3n de la Escuela de Liderazgo para J\u00f3venes, la instalaci\u00f3n del Consejo Consultivo Ciudadano, la consolidaci\u00f3n de las mesas del Sistema PAN, y el despliegue de los chalecos azules por todo el estado.<\/p>\n\n\n\n<p class=\"wp-block-paragraph\">Durante su mensaje, \u00c1lvarez reafirm\u00f3 el compromiso del PAN Chihuahua de mantenerse cercano a la gente, trabajando con honestidad, unidad y visi\u00f3n de futuro, y defendiendo con firmeza la vida, la familia y la libertad.<\/p>\n\n\n\n<p class=\"wp-block-paragraph\">\u201cDesde el norte del pa\u00eds lo decimos sin miedo, con firmeza, valent\u00eda y determinaci\u00f3n: nunca ver\u00e1n a Chihuahua arrodillarse ante el narcogobierno de Morena\u201d, expres\u00f3.<\/p>\n\n\n\n<p class=\"wp-block-paragraph\">A su vez, Santiago Taboada, delegado del Comit\u00e9 Ejecutivo Nacional, reconoci\u00f3 el liderazgo de Daniela \u00c1lvarez y Maru Campos, as\u00ed como el trabajo de todo el panismo chihuahuense.<\/p>\n\n\n\n<p class=\"wp-block-paragraph\">Anunci\u00f3 que, dentro del proceso de relanzamiento del PAN, el partido renovar\u00e1 su mensaje, manteniendo sus ideales, pero abriendo con mayor fuerza las puertas a la ciudadan\u00eda para construir juntos el rumbo de 2027.<\/p>\n\n\n\n<p class=\"wp-block-paragraph\">\u201cVamos a abrir la puerta a la ciudadan\u00eda para tener las candidaturas que M\u00e9xico necesita, porque as\u00ed naci\u00f3 el PAN\u201d, afirm\u00f3.<\/p>\n\n\n\n<p class=\"wp-block-paragraph\">Taboada se sum\u00f3 al llamado a la unidad y reiter\u00f3 el compromiso del Comit\u00e9 Ejecutivo Nacional de trabajar de cerca con Chihuahua para defender al estado del peligro que representa Morena.<\/p>\n\n\n\n<p class=\"wp-block-paragraph\">Durante la Asamblea, el panismo chihuahuense ratific\u00f3 y rindi\u00f3 protesta a las 50 mujeres y 50 hombres que integrar\u00e1n el Consejo Estatal del PAN Chihuahua 2025\u20132028, adem\u00e1s de respaldar a los 12 representantes que formar\u00e1n parte del Consejo Nacional.<\/p>\n\n\n\n<p class=\"wp-block-paragraph\">Finalmente, se tom\u00f3 protesta a las y los nuevos presidentes y secretarios generales municipales, quienes se comprometieron a trabajar con amor por el PAN y por Chihuahua, de la mano de la ciudadan\u00eda.<\/p>\n\n\n\n<p class=\"wp-block-paragraph\">Con esta Asamblea, Acci\u00f3n Nacional en Chihuahua reafirm\u00f3 su unidad, renovaci\u00f3n y compromiso con fortalecer su presencia en cada municipio para seguir defendiendo las causas que s\u00ed importan a las y los chihuahuenses.<\/p>\n","protected":false},"excerpt":{"rendered":"<p>Chihuahua, Chih.\u2014 Encabezados por la gobernadora Maru Campos y la presidenta del PAN Chihuahua, Daniela \u00c1lvarez, el Partido Acci\u00f3n Nacional celebr\u00f3 su XXXII Asamblea Estatal, donde se ratificaron los nuevos integrantes del Consejo Estatal y del Consejo Nacional, adem\u00e1s de rendir protesta a las y los nuevos dirigentes de los comit\u00e9s directivos municipales. La gobernadora [&hellip;]<\/p>\n","protected":false},"author":6,"featured_media":70143,"comment_status":"closed","ping_status":"closed","sticky":false,"template":"","format":"standard","meta":{"_acf_changed":false,"_monsterinsights_skip_tracking":false,"slim_seo":{"title":"Unidad, renovaci\u00f3n y orgullo: Maru en la XXXII Asamblea Estatal del PAN Chihuahua - Opini\u00f3n P\u00fablica","description":"Chihuahua, Chih .\u2014 Encabezados por la gobernadora Maru Campos y la presidenta del PAN Chihuahua, Daniela \u00c1lvarez, el Partido Acci\u00f3n Nacional celebr\u00f3 su XXXII As"},"footnotes":""},"categories":[4],"tags":[],"class_list":["post-70140","post","type-post","status-publish","format-standard","has-post-thumbnail","hentry","category-pulsopolitico"],"acf":[],"_links":{"self":[{"href":"https:\/\/www.opinionpublica.tv\/portada\/wp-json\/wp\/v2\/posts\/70140","targetHints":{"allow":["GET"]}}],"collection":[{"href":"https:\/\/www.opinionpublica.tv\/portada\/wp-json\/wp\/v2\/posts"}],"about":[{"href":"https:\/\/www.opinionpublica.tv\/portada\/wp-json\/wp\/v2\/types\/post"}],"author":[{"embeddable":true,"href":"https:\/\/www.opinionpublica.tv\/portada\/wp-json\/wp\/v2\/users\/6"}],"replies":[{"embeddable":true,"href":"https:\/\/www.opinionpublica.tv\/portada\/wp-json\/wp\/v2\/comments?post=70140"}],"version-history":[{"count":2,"href":"https:\/\/www.opinionpublica.tv\/portada\/wp-json\/wp\/v2\/posts\/70140\/revisions"}],"predecessor-version":[{"id":70144,"href":"https:\/\/www.opinionpublica.tv\/portada\/wp-json\/wp\/v2\/posts\/70140\/revisions\/70144"}],"wp:featuredmedia":[{"embeddable":true,"href":"https:\/\/www.opinionpublica.tv\/portada\/wp-json\/wp\/v2\/media\/70143"}],"wp:attachment":[{"href":"https:\/\/www.opinionpublica.tv\/portada\/wp-json\/wp\/v2\/media?parent=70140"}],"wp:term":[{"taxonomy":"category","embeddable":true,"href":"https:\/\/www.opinionpublica.tv\/portada\/wp-json\/wp\/v2\/categories?post=70140"},{"taxonomy":"post_tag","embeddable":true,"href":"https:\/\/www.opinionpublica.tv\/portada\/wp-json\/wp\/v2\/tags?post=70140"}],"curies":[{"name":"wp","href":"https:\/\/api.w.org\/{rel}","templated":true}]}}