{"id":70130,"date":"2025-10-13T00:01:00","date_gmt":"2025-10-13T06:01:00","guid":{"rendered":"https:\/\/www.opinionpublica.tv\/portada\/?p=70130"},"modified":"2025-10-12T18:48:14","modified_gmt":"2025-10-13T00:48:14","slug":"este-premio-es-un-impulso-para-conquistar-la-libertad-maria-corina-nobel-de-la-paz-2025","status":"publish","type":"post","link":"https:\/\/www.opinionpublica.tv\/portada\/este-premio-es-un-impulso-para-conquistar-la-libertad-maria-corina-nobel-de-la-paz-2025\/","title":{"rendered":"\u00abEste premio es un impulso para conquistar la libertad\u00bb, Mar\u00eda Corina: Nobel de la Paz"},"content":{"rendered":"\n<figure class=\"wp-block-image size-large\"><img fetchpriority=\"high\" decoding=\"async\" width=\"1024\" height=\"620\" src=\"https:\/\/www.opinionpublica.tv\/portada\/wp-content\/uploads\/2025\/10\/22Este-premio-es-un-impulso-para-conquistar-la-libertad22-Maria-Corina-Nobel-de-la-Paz-1024x620.avif\" alt=\"%22este premio es un impulso para conquistar la libertad%22, mari\u0301a corina nobel de la paz\" class=\"wp-image-70133\" srcset=\"https:\/\/www.opinionpublica.tv\/portada\/wp-content\/uploads\/2025\/10\/22Este-premio-es-un-impulso-para-conquistar-la-libertad22-Maria-Corina-Nobel-de-la-Paz-1024x620.avif 1024w, https:\/\/www.opinionpublica.tv\/portada\/wp-content\/uploads\/2025\/10\/22Este-premio-es-un-impulso-para-conquistar-la-libertad22-Maria-Corina-Nobel-de-la-Paz-300x182.avif 300w, https:\/\/www.opinionpublica.tv\/portada\/wp-content\/uploads\/2025\/10\/22Este-premio-es-un-impulso-para-conquistar-la-libertad22-Maria-Corina-Nobel-de-la-Paz-768x465.avif 768w, https:\/\/www.opinionpublica.tv\/portada\/wp-content\/uploads\/2025\/10\/22Este-premio-es-un-impulso-para-conquistar-la-libertad22-Maria-Corina-Nobel-de-la-Paz.avif 1100w\" sizes=\"(max-width: 1024px) 100vw, 1024px\" \/><\/figure>\n\n\n\n<p class=\"wp-block-paragraph\">El pasado viernes, de madrugada, desde Oslo, a Mar\u00eda Corina Machado le comunicaron que hab\u00eda ganado el Premio Nobel de la Paz, y todav\u00eda se ve emocionada.<\/p>\n\n\n\n<p class=\"wp-block-paragraph\">Dice que no sab\u00eda que estaba nominada, que este reconocimiento es para todo el pueblo venezolano y puede cambiar el destino de su pa\u00eds. \u201cYo todav\u00eda lo estoy procesando\u201d, dice, con una sonrisa, la l\u00edder de la oposici\u00f3n venezolana en esta entrevista por video, una de las primeras que da luego de ser reconocida con uno de los mayores premios del mundo.<\/p>\n\n\n\n<p class=\"wp-block-paragraph\">\u201cHa tenido un efecto impresionante. Es muy hermoso porque los venezolanos dicen \u2018todos nos lo ganamos\u2019. Esto es un reconocimiento a su gesta, a la sociedad. Un pa\u00eds que est\u00e1 unido en un momento tremendamente doloroso, pero con una enorme esperanza\u201d, dice Machado desde alg\u00fan lugar desconocido de su pa\u00eds.<\/p>\n\n\n\n<p class=\"wp-block-paragraph\">La ex diputada pas\u00f3 a la clandestinidad en agosto del a\u00f1o pasado, luego que el chavismo atribuyera a Nicol\u00e1s Maduro el triunfo en las presidenciales del 28 de julio de 2024, aunque a\u00fan no muestran las actas de esos comicios, y que de acuerdo con las actas reunidas por la oposici\u00f3n, el ganador fue Edmundo Gonz\u00e1lez, hoy exiliado en Espa\u00f1a.<\/p>\n\n\n\n<p class=\"wp-block-paragraph\">*\u00bfC\u00f3mo impacta en el r\u00e9gimen chavista este Premio Nobel que gan\u00f3 usted?<\/p>\n\n\n\n<p class=\"wp-block-paragraph\">Incluso aquellos actores del crimen global entienden perfectamente la reputaci\u00f3n, la credibilidad y la protecci\u00f3n que significa el Nobel de la Paz. Hay algo tambi\u00e9n con el momento. Yo te digo que est\u00e1 la mano de Dios porque ocurre en el momento en que estamos ya en una fase resolutiva, en mi opini\u00f3n, donde el r\u00e9gimen est\u00e1 m\u00e1s brutalmente agresivo, represivo, violento.<\/p>\n\n\n\n<p class=\"wp-block-paragraph\">Esto reafirma que la comunidad internacional, la democracia del mundo, nos acompa\u00f1a y reconoce lo que significa la lucha que se est\u00e1 dando en Venezuela, que va mucho m\u00e1s all\u00e1 de Venezuela. Los pa\u00edses de Am\u00e9rica Latina lo entienden por las consecuencias que tiene la crisis migratoria, las redes del crimen organizado, la desestabilizaci\u00f3n, el narcotr\u00e1fico, todo lo que se organiza y controla desde Venezuela.<\/p>\n\n\n\n<p class=\"wp-block-paragraph\">Al final, esto es la historia y el testimonio de una sociedad que utilizando los instrumentos de la lucha c\u00edvica pudo enfrentarse a la estructura criminal m\u00e1s brutal; resistir, avanzar y aliarse persuadiendo a otros actores para poder garantizar una transici\u00f3n a la democracia ordenada. Yo creo que es una historia de \u00e9xito para la humanidad.<\/p>\n\n\n\n<p class=\"wp-block-paragraph\">*\u00bfEste premio la blinda ante lo que pueda hacer el r\u00e9gimen en contra suya, o al contrario?<\/p>\n\n\n\n<p class=\"wp-block-paragraph\">Yo he aprendido, a trav\u00e9s de los a\u00f1os y los golpes, que este es un r\u00e9gimen que no tiene ning\u00fan tipo de escr\u00fapulos. No se paran ante nada y al final son como una fiera herida que est\u00e1 dispuesta a llevarse todo por delante en su l\u00f3gica, como los criminales, que es un d\u00eda m\u00e1s, un d\u00eda m\u00e1s.<\/p>\n\n\n\n<p class=\"wp-block-paragraph\">Sin embargo, yo pienso que s\u00ed, que esto nos trae protecci\u00f3n a todos los venezolanos, porque ha puesto el foco del mundo sobre Venezuela.<\/p>\n\n\n\n<p class=\"wp-block-paragraph\">*En este contexto, \u00bfpiensa dejar la clandestinidad?<\/p>\n\n\n\n<p class=\"wp-block-paragraph\">Yo vivo un d\u00eda a la vez. Y he aprendido a tener lo que hemos llamado paciencia estrat\u00e9gica, es una de las cualidades m\u00e1s dif\u00edciles de asumir cuando est\u00e1s enfrentando una emergencia humanitaria como la que vive Venezuela. Pero cada d\u00eda a la vez, y nosotros estamos construyendo ese momento correcto en el cual nos encontraremos todos los venezolanos nuevamente.<\/p>\n\n\n\n<p class=\"wp-block-paragraph\">*\u00bfEntonces el Nobel de la Paz es un impulso para la oposici\u00f3n, que parec\u00eda deca\u00edda \u00faltimamente?<\/p>\n\n\n\n<p class=\"wp-block-paragraph\">Por supuesto que nos trae mucha energ\u00eda que reimpulsa, que nos inyecta emoci\u00f3n. Pero no es verdad que esto es un pa\u00eds que estaba deca\u00eddo, en absoluto. Esto es un pa\u00eds que est\u00e1 replegado, que nos estamos cuidando, pero que venimos subiendo en fuerza. Y quien est\u00e1 m\u00e1s d\u00e9bil todos los d\u00edas es Maduro, \u00e9l est\u00e1 en este momento en el umbral de su salida. Ya tiene que escoger. Si sale v\u00eda una negociaci\u00f3n o sale sin negociaci\u00f3n.<\/p>\n\n\n\n<p class=\"wp-block-paragraph\">El Nobel a Machado llega cuando el chavismo est\u00e1 bajo presi\u00f3n de Estados Unidos, que realiza operaciones militares frente a las costas venezolanas para combatir la droga que sale desde ese pa\u00eds; adem\u00e1s los \u00edndices econ\u00f3micos est\u00e1n otra vez a la baja, y se espera que el frente diplom\u00e1tico suba de intensidad por el premio a la l\u00edder opositora.<\/p>\n\n\n\n<p class=\"wp-block-paragraph\">*Tuvo una llamada con el Presidente Donald Trump. \u00bfC\u00f3mo fue esa conversaci\u00f3n?<\/p>\n\n\n\n<p class=\"wp-block-paragraph\">Fue una conversaci\u00f3n muy grata, muy franca, fluida y, bueno, obviamente el contenido, yo prefiero mantenerlo en privado, pero en todo caso me pareci\u00f3 muy bueno poder hablar con el Presidente Trump justo el d\u00eda del premio.<\/p>\n\n\n\n<p class=\"wp-block-paragraph\">*\u00bfHabr\u00e1n comentado algo sobre las operaciones que realiza Estados Unidos en el Caribe frente a las costas venezolanas?<\/p>\n\n\n\n<p class=\"wp-block-paragraph\">No, absolutamente no. Nosotros no tenemos nada que opinar o decir o intervenir en una operaci\u00f3n de defensa promovida por la seguridad nacional de otro pa\u00eds. Eso es una decisi\u00f3n que toma cada naci\u00f3n.<\/p>\n\n\n\n<p class=\"wp-block-paragraph\">*\u00bfC\u00f3mo cree ha impactado en el r\u00e9gimen los distintos frentes de presi\u00f3n?<\/p>\n\n\n\n<p class=\"wp-block-paragraph\">Yo creo que al final han ido confluyendo todas las din\u00e1micas. Y era inevitable porque est\u00e1s enfrentando a unos criminales que saquearon el pa\u00eds, que tienen al 90% de la poblaci\u00f3n bajo terror y que est\u00e1n aliados con los peores criminales del mundo, que han entregado Venezuela a la operaci\u00f3n de estos agentes externos de Rusia, de Ir\u00e1n, Hezbol\u00e1, Hamas, los carteles de la droga, la guerrilla, que desde Venezuela coordinan el Tren de Aragua, que ha cometido cr\u00edmenes desde Chile hasta Canad\u00e1.<\/p>\n\n\n\n<p class=\"wp-block-paragraph\">El propio gobierno de Chile ha denunciado ante la comisi\u00f3n de la Corte Penal Internacional el involucramiento directo de Diosdado Cabello en el asesinato del teniente Ronald Ojeda. Entonces, al final, el mundo ha entendido lo que ocurre en Venezuela y ha decidido actuar en consecuencia.<\/p>\n\n\n\n<p class=\"wp-block-paragraph\">Creo que es un momento de agradecer a aquellos dem\u00f3cratas y a los pueblos de Am\u00e9rica Latina que nos han acompa\u00f1ado. Ha sido un camino muy largo, muy doloroso, pero finalmente siento que estamos efectivamente llegando a las horas finales.<\/p>\n\n\n\n<p class=\"wp-block-paragraph\">*En ese escenario, \u00bfqu\u00e9 papel tendr\u00eda usted en la pr\u00f3xima etapa considerando el estatus que tiene con el Nobel de la Paz?<\/p>\n\n\n\n<p class=\"wp-block-paragraph\">Los venezolanos elegimos un Presidente, se llama Edmundo Gonz\u00e1lez. Lo que hay que hacer es hacer valer la soberan\u00eda popular y, por supuesto, yo voy a acompa\u00f1ar a Edmundo, como \u00e9l ha dicho y como yo he ratificado.<\/p>\n\n\n\n<p class=\"wp-block-paragraph\">Quiero aprovechar este planteamiento para insistir en algo: el r\u00e9gimen, despu\u00e9s que estuvo en negaci\u00f3n durante mucho tiempo diciendo que aqu\u00ed no pasaba nada, ahora ha entendido que esto (que dejen el poder) es inevitable. Entonces, pretenden asustar y dicen que la salida de Maduro traer\u00eda un caos a Venezuela. Eso es absolutamente falso. El caos es hoy.<\/p>\n\n\n\n<p class=\"wp-block-paragraph\">Cuando tratan de decir que aqu\u00ed habr\u00eda un escenario de violencia o guerra civil, eso es mentira. Todos queremos lo mismo, que se vaya Maduro de una vez y podamos ir a una transici\u00f3n democr\u00e1tica ordenada. Cientos de miles de venezolanos est\u00e1n regados por el mundo, sobre todo en Am\u00e9rica Latina, esperando el minuto que salga Maduro para empezar a regresar.<\/p>\n\n\n\n<p class=\"wp-block-paragraph\">Entonces, yo quiero darles la tranquilidad a los hermanos de Am\u00e9rica Latina de que esta transici\u00f3n va a ser ordenada.<\/p>\n\n\n\n<p class=\"wp-block-paragraph\">*\u00bfQu\u00e9 les dir\u00eda a pol\u00edticos de izquierda en distintas partes del mundo que han criticado en t\u00e9rminos muy duros su Premio Nobel?<\/p>\n\n\n\n<p class=\"wp-block-paragraph\">Absolutamente nada. Yo lo digo siempre, lo repito. Las agresiones, cuando vienen de determinadas personas, terminan siendo elogios para m\u00ed.<\/p>\n\n\n\n<p class=\"wp-block-paragraph\">*\u00bfRecuerda alg\u00fan otro Nobel de la Paz que pueda parecerse a la situaci\u00f3n pol\u00edtica en Venezuela y a su figura como l\u00edder de un movimiento que busca la democracia?<\/p>\n\n\n\n<p class=\"wp-block-paragraph\">Yo no puedo compararme con ninguna de esas personas, por favor. En su inmensa mayor\u00eda, las admiro much\u00edsimo. Te voy a confesar algo, cuando ten\u00eda 12 a\u00f1os estaba absolutamente enamorada de Lech Walesa (expresidente de Polonia y Nobel de la Paz en 1983). Yo lo ve\u00eda como el h\u00e9roe de mi vida y yo digo, \u00bfc\u00f3mo puede estar pasando esto?<\/p>\n\n\n\n<p class=\"wp-block-paragraph\">Lo digo con el coraz\u00f3n en la mano. Este es un reconocimiento al pueblo de Venezuela. Yo soy una de millones que estamos dando esta lucha y tambi\u00e9n es un reconocimiento para todos los que han acompa\u00f1ado nuestra causa, nuestra lucha. As\u00ed que estamos conmovidos.<\/p>\n\n\n\n<p class=\"wp-block-paragraph\">*\u00bfSab\u00eda que un grupo de chilenos la nominaron al Nobel?<\/p>\n\n\n\n<p class=\"wp-block-paragraph\">Yo s\u00e9, yo lo s\u00e9 y no tengo ni idea qu\u00e9 pas\u00f3 aqu\u00ed. O sea, de verdad, no conozco c\u00f3mo es el procedimiento. Cuando esos amigos me dijeron, yo dije, \u2018Ay, pero por el amor de Dios, qu\u00e9 exageraci\u00f3n\u2019, \u00bfqu\u00e9 te puedo decir?<\/p>\n\n\n\n<p class=\"wp-block-paragraph\">Yo los quiero tanto a todos, estoy tan agradecida como venezolana, porque adem\u00e1s es un reconocimiento a nuestra sociedad, a nuestro pueblo que se lo merece. (El Universal)<\/p>\n","protected":false},"excerpt":{"rendered":"<p>El pasado viernes, de madrugada, desde Oslo, a Mar\u00eda Corina Machado le comunicaron que hab\u00eda ganado el Premio Nobel de la Paz, y todav\u00eda se ve emocionada. Dice que no sab\u00eda que estaba nominada, que este reconocimiento es para todo el pueblo venezolano y puede cambiar el destino de su pa\u00eds. \u201cYo todav\u00eda lo estoy [&hellip;]<\/p>\n","protected":false},"author":6,"featured_media":70133,"comment_status":"closed","ping_status":"closed","sticky":false,"template":"","format":"standard","meta":{"_acf_changed":false,"_monsterinsights_skip_tracking":false,"slim_seo":{"title":"\"Este premio es un impulso para conquistar la libertad\", Mar\u00eda Corina: Nobel de la Paz - Opini\u00f3n P\u00fablica","description":"El pasado viernes, de madrugada, desde Oslo, a Mar\u00eda Corina Machado le comunicaron que hab\u00eda ganado el Premio Nobel de la Paz, y todav\u00eda se ve emocionada. Dice"},"footnotes":""},"categories":[4],"tags":[],"class_list":["post-70130","post","type-post","status-publish","format-standard","has-post-thumbnail","hentry","category-pulsopolitico"],"acf":[],"_links":{"self":[{"href":"https:\/\/www.opinionpublica.tv\/portada\/wp-json\/wp\/v2\/posts\/70130","targetHints":{"allow":["GET"]}}],"collection":[{"href":"https:\/\/www.opinionpublica.tv\/portada\/wp-json\/wp\/v2\/posts"}],"about":[{"href":"https:\/\/www.opinionpublica.tv\/portada\/wp-json\/wp\/v2\/types\/post"}],"author":[{"embeddable":true,"href":"https:\/\/www.opinionpublica.tv\/portada\/wp-json\/wp\/v2\/users\/6"}],"replies":[{"embeddable":true,"href":"https:\/\/www.opinionpublica.tv\/portada\/wp-json\/wp\/v2\/comments?post=70130"}],"version-history":[{"count":2,"href":"https:\/\/www.opinionpublica.tv\/portada\/wp-json\/wp\/v2\/posts\/70130\/revisions"}],"predecessor-version":[{"id":70134,"href":"https:\/\/www.opinionpublica.tv\/portada\/wp-json\/wp\/v2\/posts\/70130\/revisions\/70134"}],"wp:featuredmedia":[{"embeddable":true,"href":"https:\/\/www.opinionpublica.tv\/portada\/wp-json\/wp\/v2\/media\/70133"}],"wp:attachment":[{"href":"https:\/\/www.opinionpublica.tv\/portada\/wp-json\/wp\/v2\/media?parent=70130"}],"wp:term":[{"taxonomy":"category","embeddable":true,"href":"https:\/\/www.opinionpublica.tv\/portada\/wp-json\/wp\/v2\/categories?post=70130"},{"taxonomy":"post_tag","embeddable":true,"href":"https:\/\/www.opinionpublica.tv\/portada\/wp-json\/wp\/v2\/tags?post=70130"}],"curies":[{"name":"wp","href":"https:\/\/api.w.org\/{rel}","templated":true}]}}