{"id":70095,"date":"2025-10-13T00:01:00","date_gmt":"2025-10-13T06:01:00","guid":{"rendered":"https:\/\/www.opinionpublica.tv\/portada\/?p=70095"},"modified":"2025-10-11T17:18:56","modified_gmt":"2025-10-11T23:18:56","slug":"efemerides-13-de-octubre-un-dia-como-hoy-en-la-historia","status":"publish","type":"post","link":"https:\/\/www.opinionpublica.tv\/portada\/efemerides-13-de-octubre-un-dia-como-hoy-en-la-historia\/","title":{"rendered":"Efem\u00e9rides 13 de octubre | Un d\u00eda como hoy en la historia&#8230;"},"content":{"rendered":"\n<p class=\"wp-block-paragraph\"><em>Un d\u00eda 13 de octubre como hoy, pero de 1972, un avi\u00f3n en el que viajaban 45 personas, entre ellas el equipo de rugby uruguayo Old Christian Club, se estrella en los Andes. Durante dos meses los supervivientes se alimentaron de restos humanos para sobrevivir<\/em>.<\/p>\n\n\n\n<figure class=\"wp-block-image size-full\"><img fetchpriority=\"high\" decoding=\"async\" width=\"700\" height=\"387\" src=\"https:\/\/www.opinionpublica.tv\/portada\/wp-content\/uploads\/2025\/10\/1972-un-avion-en-el-que-viajaban-45-personas-entre-ellas-el-equipo-de-rugby-uruguayo-Old-Christian-Club-se-estrella-en-los-Andes.jpeg\" alt=\"1972, un avio\u0301n en el que viajaban 45 personas, entre ellas el equipo de rugby uruguayo old christian club, se estrella en los andes\" class=\"wp-image-70096\" srcset=\"https:\/\/www.opinionpublica.tv\/portada\/wp-content\/uploads\/2025\/10\/1972-un-avion-en-el-que-viajaban-45-personas-entre-ellas-el-equipo-de-rugby-uruguayo-Old-Christian-Club-se-estrella-en-los-Andes.jpeg 700w, https:\/\/www.opinionpublica.tv\/portada\/wp-content\/uploads\/2025\/10\/1972-un-avion-en-el-que-viajaban-45-personas-entre-ellas-el-equipo-de-rugby-uruguayo-Old-Christian-Club-se-estrella-en-los-Andes-300x166.jpeg 300w\" sizes=\"(max-width: 700px) 100vw, 700px\" \/><\/figure>\n\n\n\n<p class=\"wp-block-paragraph\"><strong>Otras efem\u00e9rides<\/strong><\/p>\n\n\n\n<p class=\"wp-block-paragraph\">1792.- Se coloca la primera piedra del edificio que se convertir\u00eda en la Casa Blanca.<\/p>\n\n\n\n<p class=\"wp-block-paragraph\">1843.- Isabel II establece el rojo y amarillo como bandera de Espa\u00f1a al decretar que las escarapelas de todos los cuerpos del Ej\u00e9rcito tengan esos colores.<\/p>\n\n\n\n<p class=\"wp-block-paragraph\">1884.- El meridiano de Greenwich es adoptado como referencia para medir las longitudes de la Tierra en una conferencia internacional celebrada en Washington (EE.UU.).<\/p>\n\n\n\n<p class=\"wp-block-paragraph\">1934.- Las tropas gubernamentales ocupan la ciudad de Oviedo y ponen fin a la &#8216;Revoluci\u00f3n de Asturias&#8217;.<\/p>\n\n\n\n<p class=\"wp-block-paragraph\">1950.- Estreno oficial en Nueva York de la pel\u00edcula &#8216;Eva al desnudo&#8217; (&#8216;All about Eve&#8217;).<\/p>\n\n\n\n<p class=\"wp-block-paragraph\">1983.- Entra en funcionamiento el primer sistema de telefon\u00eda celular, Sistema M\u00f3vil Avanzado (AMPS, siglas en ingl\u00e9s).<\/p>\n\n\n\n<p class=\"wp-block-paragraph\">1992.- Un Concorde franc\u00e9s concluye la vuelta al mundo en 32 horas y 49 minutos, r\u00e9cord de la aviaci\u00f3n.<\/p>\n\n\n\n<p class=\"wp-block-paragraph\">1994.- Se lanza el primer navegador web comercial, el Mosaic Netscape 0.9.<\/p>\n\n\n\n<p class=\"wp-block-paragraph\">2006.- El surcoreano Ban Ki-moon sustituye al ghan\u00e9s Kofi Annan como secretario general de la ONU.<\/p>\n\n\n\n<p class=\"wp-block-paragraph\">2008.- El economista estadounidense Paul Krugman, Premio Nobel de Econom\u00eda 2008.<\/p>\n\n\n\n<p class=\"wp-block-paragraph\">2009.- Pl\u00e1cido Domingo recibe el mayor premio de la m\u00fasica cl\u00e1sica, el de la Fundaci\u00f3n Birgit Nilsson.<\/p>\n\n\n\n<p class=\"wp-block-paragraph\">2015.- El grupo terrorista Estado Isl\u00e1mico insta a los musulmanes a la &#8216;guerra santa&#8217; contra Rusia y EE.UU.<\/p>\n\n\n\n<p class=\"wp-block-paragraph\">2016.- Bob Dylan, Premio Nobel de Literatura.<\/p>\n\n\n\n<p class=\"wp-block-paragraph\">2017.- Comienza una ola de incendios forestales que se prolonga hasta el d\u00eda 19 en Galicia (cuatro fallecidos y m\u00e1s de 35.000 hect\u00e1reas calcinadas), Castilla y Le\u00f3n y Asturias.<\/p>\n\n\n\n<p class=\"wp-block-paragraph\">2020.- El Gobierno concede al tenista Rafael Nadal la Gran Cruz de la Real Orden del M\u00e9rito Deportivo.<\/p>\n\n\n\n<p class=\"wp-block-paragraph\">2020.- Apple presenta el iPhone 12, primero compatible con 5G.<\/p>\n\n\n\n<p class=\"wp-block-paragraph\">2021.- Un hombre armado con arco y flechas mata a cinco personas en la ciudad noruega de Kongsberg.<\/p>\n\n\n\n<p class=\"wp-block-paragraph\"><strong>Nacimientos<\/strong><\/p>\n\n\n\n<p class=\"wp-block-paragraph\">1789.- Manuel Eduardo de Gorostiza, escritor mexicano.<\/p>\n\n\n\n<p class=\"wp-block-paragraph\">1821.- Rudolf Virchow, m\u00e9dico alem\u00e1n.<\/p>\n\n\n\n<p class=\"wp-block-paragraph\">1921.- Yves Montand, actor y cantante franc\u00e9s.<\/p>\n\n\n\n<p class=\"wp-block-paragraph\">1925.- Margaret Thatcher, ex primera ministra brit\u00e1nica.<\/p>\n\n\n\n<p class=\"wp-block-paragraph\">1930.- Paquita Rico, actriz y cantante espa\u00f1ola.<\/p>\n\n\n\n<p class=\"wp-block-paragraph\">1931.- Raymond Kopa, futbolista franc\u00e9s.<\/p>\n\n\n\n<p class=\"wp-block-paragraph\">1934.- Nana Mouskouri, cantante griega.<\/p>\n\n\n\n<p class=\"wp-block-paragraph\">1940.- Pharoah Sanders, saxofonista estadounidense.<\/p>\n\n\n\n<p class=\"wp-block-paragraph\">1941.- Paul Simon, cantante estadounidense.<\/p>\n\n\n\n<p class=\"wp-block-paragraph\">1946.- Diego Gal\u00e1n, escritor, cr\u00edtico e historiador cinematogr\u00e1fico.<\/p>\n\n\n\n<p class=\"wp-block-paragraph\">1948.- Nusrat Fateh Ali Khan, cantante pakistan\u00ed, el &#8216;emperador del qawwali&#8217;.<\/p>\n\n\n\n<p class=\"wp-block-paragraph\">1962.- Kelly Preston, actriz estadounidense, esposa de John Travolta.<\/p>\n\n\n\n<p class=\"wp-block-paragraph\">1967.- Javier Sotomayor, atleta cubano.<\/p>\n\n\n\n<p class=\"wp-block-paragraph\">1971.- Luis Tosar, actor espa\u00f1ol.<\/p>\n\n\n\n<p class=\"wp-block-paragraph\">1971.- Sacha Baron Cohen, &#8216;Borat&#8217;, humorista brit\u00e1nico.<\/p>\n\n\n\n<p class=\"wp-block-paragraph\">1982.- Ian Thorpe, nadador australiano.<\/p>\n\n\n\n<p class=\"wp-block-paragraph\">1985.- India Mart\u00ednez, cantante espa\u00f1ola.<\/p>\n\n\n\n<p class=\"wp-block-paragraph\"><strong>Defunciones<\/strong><\/p>\n\n\n\n<p class=\"wp-block-paragraph\">1688.- Pedro de Mena, escultor espa\u00f1ol.<\/p>\n\n\n\n<p class=\"wp-block-paragraph\">1715.- Nicol\u00e1s Malebranche, fil\u00f3sofo franc\u00e9s.<\/p>\n\n\n\n<p class=\"wp-block-paragraph\">1822.- Antonio Canova, escultor italiano.<\/p>\n\n\n\n<p class=\"wp-block-paragraph\">1938.- Elzie Crisler Segar, dibujante estadounidense, creador de &#8216;Popeye&#8217;.<\/p>\n\n\n\n<p class=\"wp-block-paragraph\">1985.- Francesca Bertini, actriz italiana.<\/p>\n\n\n\n<p class=\"wp-block-paragraph\">1991.- Agust\u00edn Rodr\u00edguez Sahag\u00fan, pol\u00edtico espa\u00f1ol.<\/p>\n\n\n\n<p class=\"wp-block-paragraph\">1991.- Daniel Oduber, expresidente de Costa Rica.<\/p>\n\n\n\n<p class=\"wp-block-paragraph\">2003.- Bertram Brockhouse, Premio Nobel de F\u00edsica estadounidense.<\/p>\n\n\n\n<p class=\"wp-block-paragraph\">2007.- Vernon Bellecourt, l\u00edder del movimiento indio estadounidense.<\/p>\n\n\n\n<p class=\"wp-block-paragraph\">2007.- Andr\u00e9e de Jongh, enfermera, miembro de la resistencia belga en la Segunda Guerra Mundial.<\/p>\n\n\n\n<p class=\"wp-block-paragraph\">2008.- Guillaume Depardieu, actor franc\u00e9s.<\/p>\n\n\n\n<p class=\"wp-block-paragraph\">2014.- Antonio Cafiero, hist\u00f3rico dirigente peronista argentino.<\/p>\n\n\n\n<p class=\"wp-block-paragraph\">2015.- Manuel Miserachs i Codina, pol\u00edtico catal\u00e1n.<\/p>\n\n\n\n<p class=\"wp-block-paragraph\">2016.- Dario Fo, dramaturgo italiano, premio Nobel de Literatura.<\/p>\n\n\n\n<p class=\"wp-block-paragraph\">2016.- Bhumibol Adulyadej, rey de Tailandia.<\/p>\n\n\n\n<p class=\"wp-block-paragraph\">2018.- Jim Taylor, exjugador de f\u00fatbol americano.<\/p>\n\n\n\n<p class=\"wp-block-paragraph\">2022.- Jes\u00fas Candel, &#8216;Spiriman&#8217;, m\u00e9dico espa\u00f1ol. 2023.- Louise Gl\u00fcck, poeta estadounidense.<\/p>\n","protected":false},"excerpt":{"rendered":"<p>Un d\u00eda 13 de octubre como hoy, pero de 1972, un avi\u00f3n en el que viajaban 45 personas, entre ellas el equipo de rugby uruguayo Old Christian Club, se estrella en los Andes. Durante dos meses los supervivientes se alimentaron de restos humanos para sobrevivir. Otras efem\u00e9rides 1792.- Se coloca la primera piedra del edificio [&hellip;]<\/p>\n","protected":false},"author":6,"featured_media":70096,"comment_status":"closed","ping_status":"closed","sticky":false,"template":"","format":"standard","meta":{"_acf_changed":false,"_monsterinsights_skip_tracking":false,"slim_seo":{"title":"Efem\u00e9rides 13 de octubre | Un d\u00eda como hoy en la historia... - Opini\u00f3n P\u00fablica","description":"Un d\u00eda 13 de octubre como hoy, pero de 1972, un avi\u00f3n en el que viajaban 45 personas, entre ellas el equipo de rugby uruguayo Old Christian Club, se estrella en"},"footnotes":""},"categories":[27],"tags":[],"class_list":["post-70095","post","type-post","status-publish","format-standard","has-post-thumbnail","hentry","category-un-dia-como-hoy"],"acf":[],"_links":{"self":[{"href":"https:\/\/www.opinionpublica.tv\/portada\/wp-json\/wp\/v2\/posts\/70095","targetHints":{"allow":["GET"]}}],"collection":[{"href":"https:\/\/www.opinionpublica.tv\/portada\/wp-json\/wp\/v2\/posts"}],"about":[{"href":"https:\/\/www.opinionpublica.tv\/portada\/wp-json\/wp\/v2\/types\/post"}],"author":[{"embeddable":true,"href":"https:\/\/www.opinionpublica.tv\/portada\/wp-json\/wp\/v2\/users\/6"}],"replies":[{"embeddable":true,"href":"https:\/\/www.opinionpublica.tv\/portada\/wp-json\/wp\/v2\/comments?post=70095"}],"version-history":[{"count":1,"href":"https:\/\/www.opinionpublica.tv\/portada\/wp-json\/wp\/v2\/posts\/70095\/revisions"}],"predecessor-version":[{"id":70097,"href":"https:\/\/www.opinionpublica.tv\/portada\/wp-json\/wp\/v2\/posts\/70095\/revisions\/70097"}],"wp:featuredmedia":[{"embeddable":true,"href":"https:\/\/www.opinionpublica.tv\/portada\/wp-json\/wp\/v2\/media\/70096"}],"wp:attachment":[{"href":"https:\/\/www.opinionpublica.tv\/portada\/wp-json\/wp\/v2\/media?parent=70095"}],"wp:term":[{"taxonomy":"category","embeddable":true,"href":"https:\/\/www.opinionpublica.tv\/portada\/wp-json\/wp\/v2\/categories?post=70095"},{"taxonomy":"post_tag","embeddable":true,"href":"https:\/\/www.opinionpublica.tv\/portada\/wp-json\/wp\/v2\/tags?post=70095"}],"curies":[{"name":"wp","href":"https:\/\/api.w.org\/{rel}","templated":true}]}}