{"id":70092,"date":"2025-10-12T00:01:00","date_gmt":"2025-10-12T06:01:00","guid":{"rendered":"https:\/\/www.opinionpublica.tv\/portada\/?p=70092"},"modified":"2025-10-11T17:08:40","modified_gmt":"2025-10-11T23:08:40","slug":"efemerides-12-de-octubre-un-dia-como-hoy-en-la-historia","status":"publish","type":"post","link":"https:\/\/www.opinionpublica.tv\/portada\/efemerides-12-de-octubre-un-dia-como-hoy-en-la-historia\/","title":{"rendered":"Efem\u00e9rides 12 de octubre | Un d\u00eda como hoy en la historia&#8230;"},"content":{"rendered":"\n<p><em>Un d\u00eda 12 de octubre como hoy, pero de 1492, Crist\u00f3bal Col\u00f3n desembarca en la isla de Guanahani, a la que llam\u00f3 San Salvador, y descubre Am\u00e9rica<\/em>.<\/p>\n\n\n\n<figure class=\"wp-block-image size-full\"><img fetchpriority=\"high\" decoding=\"async\" width=\"976\" height=\"549\" src=\"https:\/\/www.opinionpublica.tv\/portada\/wp-content\/uploads\/2025\/10\/1492-Cristobal-Colon-desembarca-en-la-isla-de-Guanahani-a-la-que-llamo-San-Salvador-y-descubre-America.jpg\" alt=\"1492, cristo\u0301bal colo\u0301n desembarca en la isla de guanahani, a la que llamo\u0301 san salvador, y descubre ame\u0301rica\" class=\"wp-image-70093\" srcset=\"https:\/\/www.opinionpublica.tv\/portada\/wp-content\/uploads\/2025\/10\/1492-Cristobal-Colon-desembarca-en-la-isla-de-Guanahani-a-la-que-llamo-San-Salvador-y-descubre-America.jpg 976w, https:\/\/www.opinionpublica.tv\/portada\/wp-content\/uploads\/2025\/10\/1492-Cristobal-Colon-desembarca-en-la-isla-de-Guanahani-a-la-que-llamo-San-Salvador-y-descubre-America-300x169.jpg 300w, https:\/\/www.opinionpublica.tv\/portada\/wp-content\/uploads\/2025\/10\/1492-Cristobal-Colon-desembarca-en-la-isla-de-Guanahani-a-la-que-llamo-San-Salvador-y-descubre-America-768x432.jpg 768w\" sizes=\"(max-width: 976px) 100vw, 976px\" \/><\/figure>\n\n\n\n<p><strong>Otras efem\u00e9rides<\/strong><\/p>\n\n\n\n<p>1840.- Mar\u00eda Cristina, viuda de Fernando VII, abdica como reina gobernadora de Espa\u00f1a.<\/p>\n\n\n\n<p>1847.- Se funda en Berl\u00edn la empresa de telecomunicaciones Siemens AG.<\/p>\n\n\n\n<p>1892.- Se declara el 12 de octubre fiesta nacional en Espa\u00f1a en conmemoraci\u00f3n del descubrimiento de Am\u00e9rica.<\/p>\n\n\n\n<p>1936.- Unamuno pronuncia la frase \u00abVencer\u00e9is pero no convencer\u00e9is\u00bb sobre el bando franquista, en la Universidad de Salamanca.<\/p>\n\n\n\n<p>1964.- La Uni\u00f3n Sovi\u00e9tica lanza al espacio a tres cosmonautas en la Vosjod-1, primera nave espacial con capacidad para m\u00e1s de un tripulante.<\/p>\n\n\n\n<p>1968.- Independencia de Guinea Ecuatorial tras 180 a\u00f1os de soberan\u00eda espa\u00f1ola.<\/p>\n\n\n\n<p>1984.- La primera ministra brit\u00e1nica, Margaret Thatcher, sale ilesa de un atentado del IRA en el Grand Hotel de Brighton.<\/p>\n\n\n\n<p>1988.- Steve Jobs lanza NeXT Computer, su primer ordenador sin Apple.<\/p>\n\n\n\n<p>1992.- Clausura de la Exposici\u00f3n Universal de Sevilla (Expo 92), visitada por 41,8 millones de personas.<\/p>\n\n\n\n<p>1995.- La plaza Hit de Mostar (Bosnia) cambia su nombre por el de Plaza de Espa\u00f1a en homenaje a los &#8216;cascos azules&#8217; espa\u00f1oles.<\/p>\n\n\n\n<p>1998.- Fallece Matthew Shepard, universitario estadounidense agredido brutalmente d\u00edas antes por ser homosexual. Una ley contra cr\u00edmenes de odio lleva su nombre.<\/p>\n\n\n\n<p>1999.- La ONU calcula que en esta fecha nace el habitante 6.000 millones de la Tierra.<\/p>\n\n\n\n<p>2000.- El dramaturgo chino exiliado en Francia, Gao Xingjian, Nobel de Literatura.<\/p>\n\n\n\n<p>2002.- Atentado del grupo yihadista Jemaa Islamiya en una discoteca en Bali (Indonesia), con 202 muertos.<\/p>\n\n\n\n<p>2003.- El piloto espa\u00f1ol Dani Pedrosa, campe\u00f3n del mundo de Motociclismo en 125 cc en Malasia, primero de sus tres t\u00edtulos mundiales.<\/p>\n\n\n\n<p>2006.- Premio Nobel de Literatura al escritor turco Orhan Pamuk.<\/p>\n\n\n\n<p>2007.- El ex vicepresidente de EE.UU. Al Gore y el Grupo Intergubernamental sobre el Cambio Clim\u00e1tico de la ONU, Premio Nobel de la Paz.<\/p>\n\n\n\n<p>2008.- Nace en Sevilla el primer &#8216;beb\u00e9 medicamento&#8217; de Espa\u00f1a, gestado para la cura de su hermano con un trasplante con sangre de cord\u00f3n umbilical.<\/p>\n\n\n\n<p>2017.- EE.UU. abandona la Unesco, decisi\u00f3n secundada por Israel.<\/p>\n\n\n\n<p>2019.- El Tribunal Supremo condena (la sentencia se notificar\u00e1 el d\u00eda 14) a los l\u00edderes del &#8216;proc\u00e9s&#8217; catal\u00e1n por sedici\u00f3n y malversaci\u00f3n y descarta rebeli\u00f3n.<\/p>\n\n\n\n<p>2021.- Sale el primer n\u00famero de El Peri\u00f3dico de Espa\u00f1a, catorce a\u00f1os despu\u00e9s de que saliera en los kioscos el \u00faltimo diario de enfoque nacional.<\/p>\n\n\n\n<p>2023.- Los reyes presiden el desfile militar del 12 de octubre por vez primera junto a la princesa Leonor.<\/p>\n\n\n\n<p><strong>Nacimientos<\/strong><\/p>\n\n\n\n<p>1745.- F\u00e9lix Mar\u00eda Samaniego, fabulista espa\u00f1ol.<\/p>\n\n\n\n<p>1798.- Pedro I, emperador de Brasil.<\/p>\n\n\n\n<p>1912.- Dionisio Ridruejo, escritor y pol\u00edtico espa\u00f1ol.<\/p>\n\n\n\n<p>1918.- Francisco Javier Sa\u00e9nz de Oiza, arquitecto espa\u00f1ol.<\/p>\n\n\n\n<p>1934.- Richard Alan Meier, arquitecto estadounidense.<\/p>\n\n\n\n<p>1935.- Luciano Pavarotti, tenor italiano.<\/p>\n\n\n\n<p>1941.- Jos\u00e9 Mar\u00eda Gonz\u00e1lez Sinde, productor y director de cine.<\/p>\n\n\n\n<p>1949.- Ilich Ram\u00edrez S\u00e1nchez, terrorista venezolano conocido por &#8216;Carlos&#8217; o &#8216;Chacal&#8217;.<\/p>\n\n\n\n<p>1950.- Paul Otellini, estadounidense, consejero delegado de Intel.<\/p>\n\n\n\n<p>1952.- Jos\u00e9 Luis Turina, compositor espa\u00f1ol, nieto de Joaqu\u00edn Turina.<\/p>\n\n\n\n<p>1953.- Pepe Ca\u00f1averas, periodista espa\u00f1ol.<\/p>\n\n\n\n<p>1961.- Miguel Porlan, &#8216;Chendo&#8217;, futbolista espa\u00f1ol.<\/p>\n\n\n\n<p>1968.- Hugh Jackman, actor australiano.<\/p>\n\n\n\n<p>1969.- Judit Masc\u00f3, modelo espa\u00f1ola.<\/p>\n\n\n\n<p>1970.- Pilar Castro, actriz espa\u00f1ola.<\/p>\n\n\n\n<p>1975.- Marion Jones, atleta y jugadora de baloncesto.<\/p>\n\n\n\n<p>1990.- Melody, cantante y actriz espa\u00f1ola.<\/p>\n\n\n\n<p><strong>Defunciones<\/strong><\/p>\n\n\n\n<p>1492.- Piero della Francesca, pintor italiano.<\/p>\n\n\n\n<p>1869.- Juli\u00e1n Sanz del R\u00edo, fil\u00f3sofo espa\u00f1ol.<\/p>\n\n\n\n<p>1870.- Robert Edward Lee, &#8216;General Lee&#8217;, militar estadounidense.<\/p>\n\n\n\n<p>1924.- Anatole France, escritor franc\u00e9s.<\/p>\n\n\n\n<p>1996.- Ren\u00e9 Lacoste, tenista y empresario franc\u00e9s.<\/p>\n\n\n\n<p>1997.- John Denver, cantante &#8216;country&#8217; estadounidense.<\/p>\n\n\n\n<p>1999.- Wilt Chamberlain, jugador de baloncesto estadounidense.<\/p>\n\n\n\n<p>2002.- Ray Conniff, compositor y director de orquesta estadounidense.<\/p>\n\n\n\n<p>2004.- Jacobo Morcillo, publicista espa\u00f1ol.<\/p>\n\n\n\n<p>2005.- Roberto Uranga, cantante espa\u00f1ol, miembro fundador del grupo Mocedades.<\/p>\n\n\n\n<p>2005.- Gazi Kanaan, ministro de Interior sirio.<\/p>\n\n\n\n<p>2007.- Carlos Victoria, escritor cubano.<\/p>\n\n\n\n<p>2007.- Manuela Vargas, bailaora espa\u00f1ola.<\/p>\n\n\n\n<p>2009.- Enrique Miret Magdalena, te\u00f3logo espa\u00f1ol.<\/p>\n\n\n\n<p>2009.- Frank Vandenbroucke, ciclista belga.<\/p>\n\n\n\n<p>2010.- Manuel Alexandre, actor espa\u00f1ol.<\/p>\n\n\n\n<p>2013.- \u00d3scar Hijuelos, escritor estadounidense de origen cubano, ganador del Pulitzer.<\/p>\n\n\n\n<p>2015.- Manuel Fern\u00e1ndez Mota, poeta.<\/p>\n\n\n\n<p>2020.- Conchata Ferrell, actriz estadounidense.<\/p>\n\n\n\n<p>2021.- Emiliano Aguirre, paleont\u00f3logo espa\u00f1ol, &#8216;padre&#8217; de los yacimientos de Atapuerca.<\/p>\n\n\n\n<p>2021.- Hubert Germain, pol\u00edtico franc\u00e9s, h\u00e9roe de la resistencia francesa, 101 a\u00f1os.<\/p>\n\n\n\n<p>2023.- Carlos Pumares, periodista, guionista y cr\u00edtico de cine.<\/p>\n\n\n\n<p>2023.- Rosendo Naseiro, empresario y coleccionista de arte espa\u00f1ol.<\/p>\n\n\n\n<p>2023.- Michael &#8216;Ibo&#8217; Cooper, m\u00fasico jamaicano.<\/p>\n","protected":false},"excerpt":{"rendered":"<p>Un d\u00eda 12 de octubre como hoy, pero de 1492, Crist\u00f3bal Col\u00f3n desembarca en la isla de Guanahani, a la que llam\u00f3 San Salvador, y descubre Am\u00e9rica. Otras efem\u00e9rides 1840.- Mar\u00eda Cristina, viuda de Fernando VII, abdica como reina gobernadora de Espa\u00f1a. 1847.- Se funda en Berl\u00edn la empresa de telecomunicaciones Siemens AG. 1892.- Se [&hellip;]<\/p>\n","protected":false},"author":6,"featured_media":70093,"comment_status":"closed","ping_status":"closed","sticky":false,"template":"","format":"standard","meta":{"_acf_changed":false,"_monsterinsights_skip_tracking":false,"_monsterinsights_sitenote_active":false,"_monsterinsights_sitenote_note":"","_monsterinsights_sitenote_category":0,"slim_seo":{"title":"Efem\u00e9rides 12 de octubre | Un d\u00eda como hoy en la historia... - Opini\u00f3n P\u00fablica","description":"Un d\u00eda 12 de octubre como hoy, pero de 1492, Crist\u00f3bal Col\u00f3n desembarca en la isla de Guanahani, a la que llam\u00f3 San Salvador, y descubre Am\u00e9rica . Otras efem\u00e9ri"},"footnotes":""},"categories":[27],"tags":[],"class_list":["post-70092","post","type-post","status-publish","format-standard","has-post-thumbnail","hentry","category-un-dia-como-hoy"],"acf":[],"_links":{"self":[{"href":"https:\/\/www.opinionpublica.tv\/portada\/wp-json\/wp\/v2\/posts\/70092","targetHints":{"allow":["GET"]}}],"collection":[{"href":"https:\/\/www.opinionpublica.tv\/portada\/wp-json\/wp\/v2\/posts"}],"about":[{"href":"https:\/\/www.opinionpublica.tv\/portada\/wp-json\/wp\/v2\/types\/post"}],"author":[{"embeddable":true,"href":"https:\/\/www.opinionpublica.tv\/portada\/wp-json\/wp\/v2\/users\/6"}],"replies":[{"embeddable":true,"href":"https:\/\/www.opinionpublica.tv\/portada\/wp-json\/wp\/v2\/comments?post=70092"}],"version-history":[{"count":1,"href":"https:\/\/www.opinionpublica.tv\/portada\/wp-json\/wp\/v2\/posts\/70092\/revisions"}],"predecessor-version":[{"id":70094,"href":"https:\/\/www.opinionpublica.tv\/portada\/wp-json\/wp\/v2\/posts\/70092\/revisions\/70094"}],"wp:featuredmedia":[{"embeddable":true,"href":"https:\/\/www.opinionpublica.tv\/portada\/wp-json\/wp\/v2\/media\/70093"}],"wp:attachment":[{"href":"https:\/\/www.opinionpublica.tv\/portada\/wp-json\/wp\/v2\/media?parent=70092"}],"wp:term":[{"taxonomy":"category","embeddable":true,"href":"https:\/\/www.opinionpublica.tv\/portada\/wp-json\/wp\/v2\/categories?post=70092"},{"taxonomy":"post_tag","embeddable":true,"href":"https:\/\/www.opinionpublica.tv\/portada\/wp-json\/wp\/v2\/tags?post=70092"}],"curies":[{"name":"wp","href":"https:\/\/api.w.org\/{rel}","templated":true}]}}