{"id":69811,"date":"2025-10-08T00:01:00","date_gmt":"2025-10-08T06:01:00","guid":{"rendered":"https:\/\/www.opinionpublica.tv\/portada\/?p=69811"},"modified":"2025-10-07T21:14:58","modified_gmt":"2025-10-08T03:14:58","slug":"juarezbus-reitera-el-llamado-a-respetar-el-carril-exclusivo-y-conducir-con-responsabilidad","status":"publish","type":"post","link":"https:\/\/www.opinionpublica.tv\/portada\/juarezbus-reitera-el-llamado-a-respetar-el-carril-exclusivo-y-conducir-con-responsabilidad\/","title":{"rendered":"Ju\u00e1rezBus reitera el llamado a respetar el carril exclusivo y conducir con responsabilidad"},"content":{"rendered":"\n<figure class=\"wp-block-image size-large\"><img fetchpriority=\"high\" decoding=\"async\" width=\"1024\" height=\"576\" src=\"https:\/\/www.opinionpublica.tv\/portada\/wp-content\/uploads\/2025\/10\/JuarezBus-reitera-el-llamado-a-respetar-el-carril-exclusivo-y-conducir-con-responsabilidad-1024x576.jpeg\" alt=\"Jua\u0301rezbus reitera el llamado a respetar el carril exclusivo y conducir con responsabilidad\" class=\"wp-image-69813\" srcset=\"https:\/\/www.opinionpublica.tv\/portada\/wp-content\/uploads\/2025\/10\/JuarezBus-reitera-el-llamado-a-respetar-el-carril-exclusivo-y-conducir-con-responsabilidad-1024x576.jpeg 1024w, https:\/\/www.opinionpublica.tv\/portada\/wp-content\/uploads\/2025\/10\/JuarezBus-reitera-el-llamado-a-respetar-el-carril-exclusivo-y-conducir-con-responsabilidad-300x169.jpeg 300w, https:\/\/www.opinionpublica.tv\/portada\/wp-content\/uploads\/2025\/10\/JuarezBus-reitera-el-llamado-a-respetar-el-carril-exclusivo-y-conducir-con-responsabilidad-768x432.jpeg 768w, https:\/\/www.opinionpublica.tv\/portada\/wp-content\/uploads\/2025\/10\/JuarezBus-reitera-el-llamado-a-respetar-el-carril-exclusivo-y-conducir-con-responsabilidad-1536x864.jpeg 1536w, https:\/\/www.opinionpublica.tv\/portada\/wp-content\/uploads\/2025\/10\/JuarezBus-reitera-el-llamado-a-respetar-el-carril-exclusivo-y-conducir-con-responsabilidad.jpeg 1600w\" sizes=\"(max-width: 1024px) 100vw, 1024px\" \/><\/figure>\n\n\n\n<p class=\"wp-block-paragraph\"><em>Ciudad Ju\u00e1rez, Chih<\/em>.- La Secretar\u00eda General de Gobierno, a trav\u00e9s de la Operadora de Transporte (OTV), hace un nuevo llamado a las y los automovilistas para que respeten el carril exclusivo del Ju\u00e1rezBus.<\/p>\n\n\n\n<p class=\"wp-block-paragraph\">Reitera que, invadir este espacio representa un riesgo tanto para los pasajeros del sistema como para quienes circulan en veh\u00edculos particulares.<\/p>\n\n\n\n<p class=\"wp-block-paragraph\">El Ju\u00e1rezBus transporta diariamente a miles de personas, por lo que cualquier maniobra imprudente puede poner en peligro la vida de decenas de usuarios.<\/p>\n\n\n\n<p class=\"wp-block-paragraph\">Conducir con precauci\u00f3n, respetar los se\u00f1alamientos y planificar el traslado con tiempo, son acciones clave para mantener una movilidad segura y ordenada.<\/p>\n\n\n\n<p class=\"wp-block-paragraph\">Se pidi\u00f3 a la ciudadan\u00eda a sumarse al compromiso por una convivencia vial responsable, contribuyendo a que el sistema de transporte opere de manera eficiente y segura para todas y todos.<\/p>\n","protected":false},"excerpt":{"rendered":"<p>Ciudad Ju\u00e1rez, Chih.- La Secretar\u00eda General de Gobierno, a trav\u00e9s de la Operadora de Transporte (OTV), hace un nuevo llamado a las y los automovilistas para que respeten el carril exclusivo del Ju\u00e1rezBus. Reitera que, invadir este espacio representa un riesgo tanto para los pasajeros del sistema como para quienes circulan en veh\u00edculos particulares. El [&hellip;]<\/p>\n","protected":false},"author":6,"featured_media":69813,"comment_status":"closed","ping_status":"closed","sticky":false,"template":"","format":"standard","meta":{"_acf_changed":false,"_monsterinsights_skip_tracking":false,"slim_seo":{"title":"Ju\u00e1rezBus reitera el llamado a respetar el carril exclusivo y conducir con responsabilidad - Opini\u00f3n P\u00fablica","description":"Ciudad Ju\u00e1rez, Chih .- La Secretar\u00eda General de Gobierno, a trav\u00e9s de la Operadora de Transporte (OTV), hace un nuevo llamado a las y los automovilistas para qu"},"footnotes":""},"categories":[11],"tags":[],"class_list":["post-69811","post","type-post","status-publish","format-standard","has-post-thumbnail","hentry","category-tendencias"],"acf":[],"_links":{"self":[{"href":"https:\/\/www.opinionpublica.tv\/portada\/wp-json\/wp\/v2\/posts\/69811","targetHints":{"allow":["GET"]}}],"collection":[{"href":"https:\/\/www.opinionpublica.tv\/portada\/wp-json\/wp\/v2\/posts"}],"about":[{"href":"https:\/\/www.opinionpublica.tv\/portada\/wp-json\/wp\/v2\/types\/post"}],"author":[{"embeddable":true,"href":"https:\/\/www.opinionpublica.tv\/portada\/wp-json\/wp\/v2\/users\/6"}],"replies":[{"embeddable":true,"href":"https:\/\/www.opinionpublica.tv\/portada\/wp-json\/wp\/v2\/comments?post=69811"}],"version-history":[{"count":2,"href":"https:\/\/www.opinionpublica.tv\/portada\/wp-json\/wp\/v2\/posts\/69811\/revisions"}],"predecessor-version":[{"id":69814,"href":"https:\/\/www.opinionpublica.tv\/portada\/wp-json\/wp\/v2\/posts\/69811\/revisions\/69814"}],"wp:featuredmedia":[{"embeddable":true,"href":"https:\/\/www.opinionpublica.tv\/portada\/wp-json\/wp\/v2\/media\/69813"}],"wp:attachment":[{"href":"https:\/\/www.opinionpublica.tv\/portada\/wp-json\/wp\/v2\/media?parent=69811"}],"wp:term":[{"taxonomy":"category","embeddable":true,"href":"https:\/\/www.opinionpublica.tv\/portada\/wp-json\/wp\/v2\/categories?post=69811"},{"taxonomy":"post_tag","embeddable":true,"href":"https:\/\/www.opinionpublica.tv\/portada\/wp-json\/wp\/v2\/tags?post=69811"}],"curies":[{"name":"wp","href":"https:\/\/api.w.org\/{rel}","templated":true}]}}