{"id":69805,"date":"2025-10-08T00:01:00","date_gmt":"2025-10-08T06:01:00","guid":{"rendered":"https:\/\/www.opinionpublica.tv\/portada\/?p=69805"},"modified":"2025-10-07T21:09:32","modified_gmt":"2025-10-08T03:09:32","slug":"secretaria-de-economia-descarta-que-t-mec-sea-bilateral-tratado-sera-entre-los-tres-paises","status":"publish","type":"post","link":"https:\/\/www.opinionpublica.tv\/portada\/secretaria-de-economia-descarta-que-t-mec-sea-bilateral-tratado-sera-entre-los-tres-paises\/","title":{"rendered":"Secretar\u00eda de Econom\u00eda descarta que T-MEC sea bilateral como ha dicho Trump: &#8216;Tratado s\u00ed ser\u00e1 entre los tres pa\u00edses&#8217;"},"content":{"rendered":"\n<figure class=\"wp-block-image size-large\"><img fetchpriority=\"high\" decoding=\"async\" width=\"1024\" height=\"576\" src=\"https:\/\/www.opinionpublica.tv\/portada\/wp-content\/uploads\/2025\/10\/Secretaria-de-Economia-descarta-que-T-MEC-sea-bilateral-como-ha-dicho-Trump-Tratado-si-sera-entre-los-tres-paises-1024x576.avif\" alt=\"Secretari\u0301a de economi\u0301a descarta que t mec sea bilateral como ha dicho trump 'tratado si\u0301 sera\u0301 entre los tres pai\u0301ses'\" class=\"wp-image-69808\" srcset=\"https:\/\/www.opinionpublica.tv\/portada\/wp-content\/uploads\/2025\/10\/Secretaria-de-Economia-descarta-que-T-MEC-sea-bilateral-como-ha-dicho-Trump-Tratado-si-sera-entre-los-tres-paises-1024x576.avif 1024w, https:\/\/www.opinionpublica.tv\/portada\/wp-content\/uploads\/2025\/10\/Secretaria-de-Economia-descarta-que-T-MEC-sea-bilateral-como-ha-dicho-Trump-Tratado-si-sera-entre-los-tres-paises-300x169.avif 300w, https:\/\/www.opinionpublica.tv\/portada\/wp-content\/uploads\/2025\/10\/Secretaria-de-Economia-descarta-que-T-MEC-sea-bilateral-como-ha-dicho-Trump-Tratado-si-sera-entre-los-tres-paises-768x432.avif 768w, https:\/\/www.opinionpublica.tv\/portada\/wp-content\/uploads\/2025\/10\/Secretaria-de-Economia-descarta-que-T-MEC-sea-bilateral-como-ha-dicho-Trump-Tratado-si-sera-entre-los-tres-paises.avif 1200w\" sizes=\"(max-width: 1024px) 100vw, 1024px\" \/><\/figure>\n\n\n\n<p class=\"wp-block-paragraph\">El Tratado entre M\u00e9xico, Estados Unidos y Canad\u00e1 (T-MEC) no se convertir\u00e1 en un acuerdo bilateral, pese a la din\u00e1mica reciente de reuniones separadas entre los socios comerciales, se\u00f1al\u00f3 el subsecretario de Comercio Exterior, Luis Rosendo Guti\u00e9rrez.<\/p>\n\n\n\n<p class=\"wp-block-paragraph\">\u201cYo tengo confianza que el tratado va a seguir existiendo entre los tres pa\u00edses, y de eso estamos platicando en las mesas de negociaci\u00f3n\u201d, subray\u00f3 el funcionario durante su participaci\u00f3n en el North Capital Forum 2025.<\/p>\n\n\n\n<p class=\"wp-block-paragraph\">Guti\u00e9rrez reconoci\u00f3 que la coyuntura actual \u2014marcada por nuevos aranceles de la administraci\u00f3n Trump y tensiones en sectores como el automotriz y el acero\u2014 ha despertado inquietud entre industriales y analistas, pero insisti\u00f3 en que el tratado mantiene su car\u00e1cter regional.<\/p>\n\n\n\n<p class=\"wp-block-paragraph\">\u201cDesde hace 30 a\u00f1os los temas en nuestro acuerdo de libre comercio entre los tres pa\u00edses se han dado en muchas ocasiones de manera bilateral, y luego se acuerdan. Los tres pa\u00edses llegan a un consenso en los temas\u201d, explic\u00f3.<\/p>\n\n\n\n<p class=\"wp-block-paragraph\">El funcionario mexicano hizo referencia a las declaraciones recientes del representante comercial de Estados Unidos, Jamieson Greer, quien en Nueva York abord\u00f3 la visi\u00f3n de Washington sobre China y el reacomodo global de las cadenas de suministro.<\/p>\n\n\n\n<p class=\"wp-block-paragraph\">Para Guti\u00e9rrez, M\u00e9xico est\u00e1 \u201cbien posicionado\u201d frente al nuevo entorno comercial, a pesar de las tensiones derivadas de la pol\u00edtica industrial estadounidense. \u201cLo que estamos viviendo no es un movimiento arancelario temporal. Es un cambio de paradigma global, un cambio estructural\u201d, afirm\u00f3.<\/p>\n\n\n\n<p class=\"wp-block-paragraph\">Record\u00f3 que el 85 por ciento de las exportaciones mexicanas a Estados Unidos paga hoy cero arancel, lo que, dijo, \u201cnos coloca en una situaci\u00f3n de ventaja frente a pa\u00edses como Jap\u00f3n, Corea o la Uni\u00f3n Europea\u201d.<\/p>\n\n\n\n<p class=\"wp-block-paragraph\">\u201cM\u00e9xico tiene hoy uno de los mejores tratos preferenciales del mundo. Por supuesto que hay industrias que nos duelen \u2014automotriz, acero, aluminio, veh\u00edculos pesados\u2014, pero en el agregado, la posici\u00f3n es s\u00f3lida\u201d, sostuvo.<\/p>\n\n\n\n<p class=\"wp-block-paragraph\">Guti\u00e9rrez tambi\u00e9n destac\u00f3 que M\u00e9xico ha optado por una estrategia de colaboraci\u00f3n y cercan\u00eda con Washington, en lugar de represalias. \u201cMuchos dec\u00edan: \u00bfpor qu\u00e9 no retaliamos? Pero habr\u00eda sido dispararnos en el pie. Las plantas mexicanas tienen alt\u00edsimo contenido estadounidense; somos parte del mismo sistema de coproducci\u00f3n\u201d, se\u00f1al\u00f3.<\/p>\n\n\n\n<p class=\"wp-block-paragraph\">\u2018Daremos pelea en aranceles a camiones\u2019: Econom\u00eda<\/p>\n\n\n\n<p class=\"wp-block-paragraph\">Durante su intervenci\u00f3n, Guti\u00e9rrez enfatiz\u00f3 que M\u00e9xico seguir\u00e1 dando la batalla para mejorar las condiciones arancelarias en sectores estrat\u00e9gicos, particularmente el de veh\u00edculos pesados, tras el reciente anuncio del presidente Donald Trump de imponer nuevos grav\u00e1menes.<\/p>\n\n\n\n<p class=\"wp-block-paragraph\">\u201cLa posici\u00f3n de M\u00e9xico es seguir dando la batalla para mejorar las condiciones que tenemos en sectores estrat\u00e9gicos de nuestra econom\u00eda, como son autos, siderurgia, ahora el anuncio del presidente Trump sobre los autos pesados. Vamos a estar trabajando en eso\u201d, declar\u00f3.<\/p>\n\n\n\n<p class=\"wp-block-paragraph\">Explic\u00f3 que las negociaciones recientes han permitido reducir de manera significativa la tasa de arancel del 25 por ciento en autos y camiones que se exportan hacia el norte, gracias a que Washington ha reconocido el contenido norteamericano en la manufactura mexicana.<\/p>\n\n\n\n<p class=\"wp-block-paragraph\"><em>Con informaci\u00f3n de El Universal<\/em>.<\/p>\n","protected":false},"excerpt":{"rendered":"<p>El Tratado entre M\u00e9xico, Estados Unidos y Canad\u00e1 (T-MEC) no se convertir\u00e1 en un acuerdo bilateral, pese a la din\u00e1mica reciente de reuniones separadas entre los socios comerciales, se\u00f1al\u00f3 el subsecretario de Comercio Exterior, Luis Rosendo Guti\u00e9rrez. \u201cYo tengo confianza que el tratado va a seguir existiendo entre los tres pa\u00edses, y de eso estamos [&hellip;]<\/p>\n","protected":false},"author":6,"featured_media":69808,"comment_status":"closed","ping_status":"closed","sticky":false,"template":"","format":"standard","meta":{"_acf_changed":false,"_monsterinsights_skip_tracking":false,"slim_seo":{"title":"Secretar\u00eda de Econom\u00eda descarta que T-MEC sea bilateral como ha dicho Trump: 'Tratado s\u00ed ser\u00e1 entre los tres pa\u00edses' - Opini\u00f3n P\u00fablica","description":"El Tratado entre M\u00e9xico, Estados Unidos y Canad\u00e1 (T-MEC) no se convertir\u00e1 en un acuerdo bilateral, pese a la din\u00e1mica reciente de reuniones separadas entre los"},"footnotes":""},"categories":[3],"tags":[],"class_list":["post-69805","post","type-post","status-publish","format-standard","has-post-thumbnail","hentry","category-principal"],"acf":[],"_links":{"self":[{"href":"https:\/\/www.opinionpublica.tv\/portada\/wp-json\/wp\/v2\/posts\/69805","targetHints":{"allow":["GET"]}}],"collection":[{"href":"https:\/\/www.opinionpublica.tv\/portada\/wp-json\/wp\/v2\/posts"}],"about":[{"href":"https:\/\/www.opinionpublica.tv\/portada\/wp-json\/wp\/v2\/types\/post"}],"author":[{"embeddable":true,"href":"https:\/\/www.opinionpublica.tv\/portada\/wp-json\/wp\/v2\/users\/6"}],"replies":[{"embeddable":true,"href":"https:\/\/www.opinionpublica.tv\/portada\/wp-json\/wp\/v2\/comments?post=69805"}],"version-history":[{"count":3,"href":"https:\/\/www.opinionpublica.tv\/portada\/wp-json\/wp\/v2\/posts\/69805\/revisions"}],"predecessor-version":[{"id":69810,"href":"https:\/\/www.opinionpublica.tv\/portada\/wp-json\/wp\/v2\/posts\/69805\/revisions\/69810"}],"wp:featuredmedia":[{"embeddable":true,"href":"https:\/\/www.opinionpublica.tv\/portada\/wp-json\/wp\/v2\/media\/69808"}],"wp:attachment":[{"href":"https:\/\/www.opinionpublica.tv\/portada\/wp-json\/wp\/v2\/media?parent=69805"}],"wp:term":[{"taxonomy":"category","embeddable":true,"href":"https:\/\/www.opinionpublica.tv\/portada\/wp-json\/wp\/v2\/categories?post=69805"},{"taxonomy":"post_tag","embeddable":true,"href":"https:\/\/www.opinionpublica.tv\/portada\/wp-json\/wp\/v2\/tags?post=69805"}],"curies":[{"name":"wp","href":"https:\/\/api.w.org\/{rel}","templated":true}]}}