{"id":69797,"date":"2025-10-08T00:01:00","date_gmt":"2025-10-08T06:01:00","guid":{"rendered":"https:\/\/www.opinionpublica.tv\/portada\/?p=69797"},"modified":"2025-10-07T20:56:51","modified_gmt":"2025-10-08T02:56:51","slug":"sheinbaum-recibe-a-ex-presidenta-michelle-bachelet-de-chile-hablan-de-mujeres-en-la-politica","status":"publish","type":"post","link":"https:\/\/www.opinionpublica.tv\/portada\/sheinbaum-recibe-a-ex-presidenta-michelle-bachelet-de-chile-hablan-de-mujeres-en-la-politica\/","title":{"rendered":"Sheinbaum y ex presidenta Bachelet de Chile dialogan sobre mujeres en la pol\u00edtica"},"content":{"rendered":"\n<figure class=\"wp-block-image size-large\"><img fetchpriority=\"high\" decoding=\"async\" width=\"1024\" height=\"620\" src=\"https:\/\/www.opinionpublica.tv\/portada\/wp-content\/uploads\/2025\/10\/Sheinbaum-y-ex-presidenta-Bachelet-de-Chile-hablan-sobre-mujeres-en-la-politica-1024x620.avif\" alt=\"Sheinbaum y ex presidenta bachelet de chile hablan sobre mujeres en la poli\u0301tica\" class=\"wp-image-69802\" srcset=\"https:\/\/www.opinionpublica.tv\/portada\/wp-content\/uploads\/2025\/10\/Sheinbaum-y-ex-presidenta-Bachelet-de-Chile-hablan-sobre-mujeres-en-la-politica-1024x620.avif 1024w, https:\/\/www.opinionpublica.tv\/portada\/wp-content\/uploads\/2025\/10\/Sheinbaum-y-ex-presidenta-Bachelet-de-Chile-hablan-sobre-mujeres-en-la-politica-300x182.avif 300w, https:\/\/www.opinionpublica.tv\/portada\/wp-content\/uploads\/2025\/10\/Sheinbaum-y-ex-presidenta-Bachelet-de-Chile-hablan-sobre-mujeres-en-la-politica-768x465.avif 768w, https:\/\/www.opinionpublica.tv\/portada\/wp-content\/uploads\/2025\/10\/Sheinbaum-y-ex-presidenta-Bachelet-de-Chile-hablan-sobre-mujeres-en-la-politica.avif 1100w\" sizes=\"(max-width: 1024px) 100vw, 1024px\" \/><\/figure>\n\n\n\n<p class=\"wp-block-paragraph\"><em>Ciudad de M\u00e9xico<\/em>.- La presidenta Claudia Sheinbaum Pardo se reuni\u00f3 esta tarde en Palacio Nacional con Michelle Bachelet, expresidenta de Chile, y quien tambi\u00e9n se desempe\u00f1\u00f3 como alta comisionada de la ONU para los Derechos Humanos.<\/p>\n\n\n\n<p class=\"wp-block-paragraph\">En sus redes sociales, la jefa del Ejecutivo federal detall\u00f3 que convers\u00f3 con la expresidenta chilena sobre Am\u00e9rica Latina, el bienestar y el papel de las mujeres en la pol\u00edtica.<\/p>\n\n\n\n<p class=\"wp-block-paragraph\">\u00abRecibimos en Palacio Nacional a Michelle Bachelet, expresidenta de Chile; tambi\u00e9n se desempe\u00f1\u00f3 como alta comisionada de la ONU para los Derechos Humanos. Conversamos sobre Am\u00e9rica Latina, el bienestar y el papel de las mujeres en la pol\u00edtica\u00bb.<\/p>\n\n\n\n<p class=\"wp-block-paragraph\">En este encuentro estuvieron presentes el canciller Juan Ram\u00f3n de la Fuente, as\u00ed como Alicia B\u00e1rcena, actual secretaria de Medio Ambiente (Semarnat) y exembajadora de M\u00e9xico en Chile en el sexenio del presidente L\u00f3pez Obrador.<\/p>\n\n\n\n<p class=\"wp-block-paragraph\">Chile apuesta por Bachelet como secretaria general de la ONU<\/p>\n\n\n\n<p class=\"wp-block-paragraph\">En septiembre pasado, el presidente chileno Gabriel Boric anunci\u00f3 que su pa\u00eds nominar\u00e1 a Michelle Bachelet al puesto de secretaria general de las Naciones Unidas (ONU). (El Universal)<\/p>\n","protected":false},"excerpt":{"rendered":"<p>Ciudad de M\u00e9xico.- La presidenta Claudia Sheinbaum Pardo se reuni\u00f3 esta tarde en Palacio Nacional con Michelle Bachelet, expresidenta de Chile, y quien tambi\u00e9n se desempe\u00f1\u00f3 como alta comisionada de la ONU para los Derechos Humanos. En sus redes sociales, la jefa del Ejecutivo federal detall\u00f3 que convers\u00f3 con la expresidenta chilena sobre Am\u00e9rica Latina, [&hellip;]<\/p>\n","protected":false},"author":6,"featured_media":69802,"comment_status":"closed","ping_status":"closed","sticky":false,"template":"","format":"standard","meta":{"_acf_changed":false,"_monsterinsights_skip_tracking":false,"slim_seo":{"title":"Sheinbaum y ex presidenta Bachelet de Chile dialogan sobre mujeres en la pol\u00edtica - Opini\u00f3n P\u00fablica","description":"Ciudad de M\u00e9xico .- La presidenta Claudia Sheinbaum Pardo se reuni\u00f3 esta tarde en Palacio Nacional con Michelle Bachelet, expresidenta de Chile, y quien tambi\u00e9n"},"footnotes":""},"categories":[4],"tags":[],"class_list":["post-69797","post","type-post","status-publish","format-standard","has-post-thumbnail","hentry","category-pulsopolitico"],"acf":[],"_links":{"self":[{"href":"https:\/\/www.opinionpublica.tv\/portada\/wp-json\/wp\/v2\/posts\/69797","targetHints":{"allow":["GET"]}}],"collection":[{"href":"https:\/\/www.opinionpublica.tv\/portada\/wp-json\/wp\/v2\/posts"}],"about":[{"href":"https:\/\/www.opinionpublica.tv\/portada\/wp-json\/wp\/v2\/types\/post"}],"author":[{"embeddable":true,"href":"https:\/\/www.opinionpublica.tv\/portada\/wp-json\/wp\/v2\/users\/6"}],"replies":[{"embeddable":true,"href":"https:\/\/www.opinionpublica.tv\/portada\/wp-json\/wp\/v2\/comments?post=69797"}],"version-history":[{"count":5,"href":"https:\/\/www.opinionpublica.tv\/portada\/wp-json\/wp\/v2\/posts\/69797\/revisions"}],"predecessor-version":[{"id":69804,"href":"https:\/\/www.opinionpublica.tv\/portada\/wp-json\/wp\/v2\/posts\/69797\/revisions\/69804"}],"wp:featuredmedia":[{"embeddable":true,"href":"https:\/\/www.opinionpublica.tv\/portada\/wp-json\/wp\/v2\/media\/69802"}],"wp:attachment":[{"href":"https:\/\/www.opinionpublica.tv\/portada\/wp-json\/wp\/v2\/media?parent=69797"}],"wp:term":[{"taxonomy":"category","embeddable":true,"href":"https:\/\/www.opinionpublica.tv\/portada\/wp-json\/wp\/v2\/categories?post=69797"},{"taxonomy":"post_tag","embeddable":true,"href":"https:\/\/www.opinionpublica.tv\/portada\/wp-json\/wp\/v2\/tags?post=69797"}],"curies":[{"name":"wp","href":"https:\/\/api.w.org\/{rel}","templated":true}]}}