{"id":69787,"date":"2025-10-08T00:01:00","date_gmt":"2025-10-08T06:01:00","guid":{"rendered":"https:\/\/www.opinionpublica.tv\/portada\/?p=69787"},"modified":"2025-10-07T20:46:57","modified_gmt":"2025-10-08T02:46:57","slug":"menos-proteccion-frente-a-abusos-del-poder-el-verdadero-proposito-del-morenismo-lorenzo-cordova","status":"publish","type":"post","link":"https:\/\/www.opinionpublica.tv\/portada\/menos-proteccion-frente-a-abusos-del-poder-el-verdadero-proposito-del-morenismo-lorenzo-cordova\/","title":{"rendered":"Video: Menos protecci\u00f3n ante abusos del poder, el prop\u00f3sito del morenismo | Lorenzo C\u00f3rdova"},"content":{"rendered":"\n<p class=\"wp-block-paragraph\"><a href=\"https:\/\/www.youtube.com\/@Latinusus\"><\/a><\/p>\n\n\n\n<figure class=\"wp-block-embed is-type-video is-provider-youtube wp-block-embed-youtube wp-embed-aspect-16-9 wp-has-aspect-ratio\"><div class=\"wp-block-embed__wrapper\">\n<iframe title=\"Menos protecci\u00f3n frente a abusos del poder, el verdadero prop\u00f3sito del morenismo: Lorenzo C\u00f3rdova\" width=\"800\" height=\"450\" src=\"https:\/\/www.youtube.com\/embed\/QU31y7OKY1I?feature=oembed\" frameborder=\"0\" allow=\"accelerometer; autoplay; clipboard-write; encrypted-media; gyroscope; picture-in-picture; web-share\" referrerpolicy=\"strict-origin-when-cross-origin\" allowfullscreen><\/iframe>\n<\/div><\/figure>\n\n\n\n<p class=\"wp-block-paragraph\">El acad\u00e9mico y ex presidente del INE, Lorenzo C\u00f3rdova, asegura que M\u00e9xico necesita mayor protecci\u00f3n frente a abusos del poder, que seg\u00fan \u00e9l, son el verdadero prop\u00f3sito del llamado \u2018morenismo\u2019.<\/p>\n\n\n\n<p class=\"wp-block-paragraph\"><em>Cr\u00e9ditos: Latinus<\/em>.<\/p>\n","protected":false},"excerpt":{"rendered":"<p>El acad\u00e9mico y ex presidente del INE, Lorenzo C\u00f3rdova, asegura que M\u00e9xico necesita mayor protecci\u00f3n frente a abusos del poder, que seg\u00fan \u00e9l, son el verdadero prop\u00f3sito del llamado \u2018morenismo\u2019. Cr\u00e9ditos: Latinus.<\/p>\n","protected":false},"author":6,"featured_media":69795,"comment_status":"closed","ping_status":"closed","sticky":false,"template":"","format":"standard","meta":{"_acf_changed":false,"_monsterinsights_skip_tracking":false,"slim_seo":{"title":"Video: Menos protecci\u00f3n ante abusos del poder, el prop\u00f3sito del morenismo | Lorenzo C\u00f3rdova - Opini\u00f3n P\u00fablica","description":"https:\/\/youtu.be\/QU31y7OKY1I?si=C-PA1Cz7QQYpZ0oG El acad\u00e9mico y ex presidente del INE, Lorenzo C\u00f3rdova, asegura que M\u00e9xico necesita mayor protecci\u00f3n frente a ab"},"footnotes":""},"categories":[13,2,8],"tags":[],"class_list":["post-69787","post","type-post","status-publish","format-standard","has-post-thumbnail","hentry","category-videos-destacados-contenido","category-videos-destacados","category-videos"],"acf":[],"_links":{"self":[{"href":"https:\/\/www.opinionpublica.tv\/portada\/wp-json\/wp\/v2\/posts\/69787","targetHints":{"allow":["GET"]}}],"collection":[{"href":"https:\/\/www.opinionpublica.tv\/portada\/wp-json\/wp\/v2\/posts"}],"about":[{"href":"https:\/\/www.opinionpublica.tv\/portada\/wp-json\/wp\/v2\/types\/post"}],"author":[{"embeddable":true,"href":"https:\/\/www.opinionpublica.tv\/portada\/wp-json\/wp\/v2\/users\/6"}],"replies":[{"embeddable":true,"href":"https:\/\/www.opinionpublica.tv\/portada\/wp-json\/wp\/v2\/comments?post=69787"}],"version-history":[{"count":5,"href":"https:\/\/www.opinionpublica.tv\/portada\/wp-json\/wp\/v2\/posts\/69787\/revisions"}],"predecessor-version":[{"id":69794,"href":"https:\/\/www.opinionpublica.tv\/portada\/wp-json\/wp\/v2\/posts\/69787\/revisions\/69794"}],"wp:featuredmedia":[{"embeddable":true,"href":"https:\/\/www.opinionpublica.tv\/portada\/wp-json\/wp\/v2\/media\/69795"}],"wp:attachment":[{"href":"https:\/\/www.opinionpublica.tv\/portada\/wp-json\/wp\/v2\/media?parent=69787"}],"wp:term":[{"taxonomy":"category","embeddable":true,"href":"https:\/\/www.opinionpublica.tv\/portada\/wp-json\/wp\/v2\/categories?post=69787"},{"taxonomy":"post_tag","embeddable":true,"href":"https:\/\/www.opinionpublica.tv\/portada\/wp-json\/wp\/v2\/tags?post=69787"}],"curies":[{"name":"wp","href":"https:\/\/api.w.org\/{rel}","templated":true}]}}