{"id":69784,"date":"2025-10-08T00:01:00","date_gmt":"2025-10-08T06:01:00","guid":{"rendered":"https:\/\/www.opinionpublica.tv\/portada\/?p=69784"},"modified":"2025-10-07T19:17:44","modified_gmt":"2025-10-08T01:17:44","slug":"efemerides-8-de-octubre-un-dia-como-hoy-en-la-historia","status":"publish","type":"post","link":"https:\/\/www.opinionpublica.tv\/portada\/efemerides-8-de-octubre-un-dia-como-hoy-en-la-historia\/","title":{"rendered":"Efem\u00e9rides 8 de octubre | Un d\u00eda como hoy en la historia&#8230;"},"content":{"rendered":"\n<p class=\"wp-block-paragraph\"><em>Un d\u00eda 8 de octubre como hoy, pero de 1988, Freddie Mercury ofrece su \u00faltimo concierto. Fue en Barcelona junto a Montserrat Caball\u00e9<\/em>.<\/p>\n\n\n\n<figure class=\"wp-block-image size-full\"><img fetchpriority=\"high\" decoding=\"async\" width=\"750\" height=\"406\" src=\"https:\/\/www.opinionpublica.tv\/portada\/wp-content\/uploads\/2025\/10\/1988-Freddie-Mercury-ofrece-su-ultimo-concierto.-Fue-en-Barcelona-junto-a-Montserrat-Caballe.png\" alt=\"1988, freddie mercury ofrece su u\u0301ltimo concierto. fue en barcelona junto a montserrat caballe\u0301\" class=\"wp-image-69785\" srcset=\"https:\/\/www.opinionpublica.tv\/portada\/wp-content\/uploads\/2025\/10\/1988-Freddie-Mercury-ofrece-su-ultimo-concierto.-Fue-en-Barcelona-junto-a-Montserrat-Caballe.png 750w, https:\/\/www.opinionpublica.tv\/portada\/wp-content\/uploads\/2025\/10\/1988-Freddie-Mercury-ofrece-su-ultimo-concierto.-Fue-en-Barcelona-junto-a-Montserrat-Caballe-300x162.png 300w\" sizes=\"(max-width: 750px) 100vw, 750px\" \/><\/figure>\n\n\n\n<p class=\"wp-block-paragraph\"><strong>Otras efem\u00e9rides<\/strong><\/p>\n\n\n\n<p class=\"wp-block-paragraph\">1515.- Parte de Sanl\u00facar de Barrameda (C\u00e1diz) la expedici\u00f3n de Juan D\u00edaz de Sol\u00eds, que descubrir\u00e1 el R\u00edo de la Plata.<\/p>\n\n\n\n<p class=\"wp-block-paragraph\">1804.- Juan Jacobo Dessalines se corona emperador de Hait\u00ed, tras la expulsi\u00f3n de los franceses de la isla.<\/p>\n\n\n\n<p class=\"wp-block-paragraph\">1812.- En Argentina, Carlos de Alvear y Jos\u00e9 San Mart\u00edn derriban al Gobierno de Bernardino Ribadavia.<\/p>\n\n\n\n<p class=\"wp-block-paragraph\">1851.- Acaba el sitio de Montevideo, con lo que pr\u00e1cticamente termina la &#8216;guerra grande&#8217; de Uruguay por la rivalidad entre los partidos &#8216;Colorado&#8217; y &#8216;Blanco&#8217;.<\/p>\n\n\n\n<p class=\"wp-block-paragraph\">1871.- Comienza el gran incendio de Chicago, que destruye en tres d\u00edas m\u00e1s de 17 mil edificios y causa alrededor de 200 muertos.<\/p>\n\n\n\n<p class=\"wp-block-paragraph\">1912.- Empieza la primera Guerra de los Balcanes.<\/p>\n\n\n\n<p class=\"wp-block-paragraph\">1970.- El escritor ruso Alexander Solzhenitsyn, Premio Nobel de Literatura.<\/p>\n\n\n\n<p class=\"wp-block-paragraph\">1992.- Inauguraci\u00f3n del Museo Thyssen-Bornemisza en Madrid.<\/p>\n\n\n\n<p class=\"wp-block-paragraph\">1997.- Yahoo compra RocketMail, luego conocido como Yahoo! Mail.<\/p>\n\n\n\n<p class=\"wp-block-paragraph\">1998.- Jos\u00e9 Saramago, Premio Nobel de Literatura.<\/p>\n\n\n\n<p class=\"wp-block-paragraph\">1999.- La justicia brit\u00e1nica autoriza la extradici\u00f3n del ex dictador chileno Augusto Pinochet por 34 cargos de tortura.<\/p>\n\n\n\n<p class=\"wp-block-paragraph\">2001.- Mueren 118 personas al chocar en el aeropuerto milan\u00e9s de Linate una avioneta con un avi\u00f3n de pasajeros.<\/p>\n\n\n\n<p class=\"wp-block-paragraph\">2004.- Dimite el secretario general de la OEA, Miguel \u00c1ngel Rodr\u00edguez, tras dictar un tribunal de Costa Rica orden de captura internacional por corrupci\u00f3n durante su etapa como presidente de ese pa\u00eds.<\/p>\n\n\n\n<p class=\"wp-block-paragraph\">2005.- Un terremoto de 7,6 en la escala de Richter devasta Cachemira y causa unos 90 mil muertos en Pakist\u00e1n y 1.300 en la India.<\/p>\n\n\n\n<p class=\"wp-block-paragraph\">2010.- El disidente chino Liu Xiabo gana el Premio Nobel de la Paz.<\/p>\n\n\n\n<p class=\"wp-block-paragraph\">2015.- La FIFA suspende a su presidente, Joseph Baltter, y al vicepresidente y mandatario de la UEFA, Michel Platini, por presuntas corrupciones en ambas organizaciones.<\/p>\n\n\n\n<p class=\"wp-block-paragraph\">2018.- Primera sentencia por beb\u00e9s robados en Espa\u00f1a: el doctor Eduardo Vela es condenado por robar una reci\u00e9n nacida en 1969, pero es absuelto por la prescripci\u00f3n de los delitos.<\/p>\n\n\n\n<p class=\"wp-block-paragraph\">2020.- La estadounidense Louise Gl\u00fcck gana el Nobel de Literatura.<\/p>\n\n\n\n<p class=\"wp-block-paragraph\">2021.- La periodista filipina Mar\u00eda Ressa y el ruso Dmitry Muratov, premios Nobel de la Paz 2021.<\/p>\n\n\n\n<p class=\"wp-block-paragraph\"><strong>Nacimientos<\/strong><\/p>\n\n\n\n<p class=\"wp-block-paragraph\">1676.- Benito Jer\u00f3nimo Feij\u00f3o, monje benedictino y pol\u00edgrafo espa\u00f1ol.<\/p>\n\n\n\n<p class=\"wp-block-paragraph\">1870.- Juan Cervera, marino espa\u00f1ol.<\/p>\n\n\n\n<p class=\"wp-block-paragraph\">1895.- Juan Domingo Per\u00f3n, presidente argentino.<\/p>\n\n\n\n<p class=\"wp-block-paragraph\">1896.- Julien Duvivier, cineasta franc\u00e9s.<\/p>\n\n\n\n<p class=\"wp-block-paragraph\">1927.- C\u00e9sar Milstein, qu\u00edmico argentino nacionalizado brit\u00e1nico, Nobel de Medicina en 1984.<\/p>\n\n\n\n<p class=\"wp-block-paragraph\">1941.- Jesse Jackson, predicador y pol\u00edtico estadounidense.<\/p>\n\n\n\n<p class=\"wp-block-paragraph\">1942.- Pepe Domingo Casta\u00f1o, presentador radiof\u00f3nico espa\u00f1ol.<\/p>\n\n\n\n<p class=\"wp-block-paragraph\">1949.- Sigourney Weaver, actriz estadounidense.<\/p>\n\n\n\n<p class=\"wp-block-paragraph\">1965.- Matt Biondi, nadador estadounidense.<\/p>\n\n\n\n<p class=\"wp-block-paragraph\">1970.- Matt Damon, actor estadounidense.<\/p>\n\n\n\n<p class=\"wp-block-paragraph\">1985.- Bruno Mars, cantante estadounidense.<\/p>\n\n\n\n<p class=\"wp-block-paragraph\">1993.- Garbi\u00f1e Muguruza, tenista hispano-venezolana.<\/p>\n\n\n\n<p class=\"wp-block-paragraph\"><strong>Defunciones<\/strong><\/p>\n\n\n\n<p class=\"wp-block-paragraph\">1469.- Filippo Lippi, pintor italiano.<\/p>\n\n\n\n<p class=\"wp-block-paragraph\">1973.- Gabriel Marcel, fil\u00f3sofo franc\u00e9s.<\/p>\n\n\n\n<p class=\"wp-block-paragraph\">1982.- Fernando Lamas, actor argentino-estadounidense.<\/p>\n\n\n\n<p class=\"wp-block-paragraph\">1992.- Willy Brandt, pol\u00edtico socialista alem\u00e1n.<\/p>\n\n\n\n<p class=\"wp-block-paragraph\">1994.- Manuel Pi\u00f1a, modisto espa\u00f1ol.<\/p>\n\n\n\n<p class=\"wp-block-paragraph\">1995.- John Cairncross, esp\u00eda brit\u00e1nico.<\/p>\n\n\n\n<p class=\"wp-block-paragraph\">2001.- &#8216;La Ni\u00f1a de Huelva&#8217;, cantaora de flamenco espa\u00f1ola.<\/p>\n\n\n\n<p class=\"wp-block-paragraph\">2011.- Roger Williams, pianista estadounidense.<\/p>\n\n\n\n<p class=\"wp-block-paragraph\">2013.- Philip Chevron, m\u00fasico irland\u00e9s (guitarrista de &#8216;The Pogues&#8217;). 2019.- Carlos Celdr\u00e1n, artista y activista cultural filipino.<\/p>\n","protected":false},"excerpt":{"rendered":"<p>Un d\u00eda 8 de octubre como hoy, pero de 1988, Freddie Mercury ofrece su \u00faltimo concierto. Fue en Barcelona junto a Montserrat Caball\u00e9. Otras efem\u00e9rides 1515.- Parte de Sanl\u00facar de Barrameda (C\u00e1diz) la expedici\u00f3n de Juan D\u00edaz de Sol\u00eds, que descubrir\u00e1 el R\u00edo de la Plata. 1804.- Juan Jacobo Dessalines se corona emperador de Hait\u00ed, [&hellip;]<\/p>\n","protected":false},"author":6,"featured_media":69785,"comment_status":"closed","ping_status":"closed","sticky":false,"template":"","format":"standard","meta":{"_acf_changed":false,"_monsterinsights_skip_tracking":false,"slim_seo":{"title":"Efem\u00e9rides 8 de octubre | Un d\u00eda como hoy en la historia... - Opini\u00f3n P\u00fablica","description":"Un d\u00eda 8 de octubre como hoy, pero de 1988, Freddie Mercury ofrece su \u00faltimo concierto. Fue en Barcelona junto a Montserrat Caball\u00e9 . Otras efem\u00e9rides 1515.- Pa"},"footnotes":""},"categories":[27],"tags":[],"class_list":["post-69784","post","type-post","status-publish","format-standard","has-post-thumbnail","hentry","category-un-dia-como-hoy"],"acf":[],"_links":{"self":[{"href":"https:\/\/www.opinionpublica.tv\/portada\/wp-json\/wp\/v2\/posts\/69784","targetHints":{"allow":["GET"]}}],"collection":[{"href":"https:\/\/www.opinionpublica.tv\/portada\/wp-json\/wp\/v2\/posts"}],"about":[{"href":"https:\/\/www.opinionpublica.tv\/portada\/wp-json\/wp\/v2\/types\/post"}],"author":[{"embeddable":true,"href":"https:\/\/www.opinionpublica.tv\/portada\/wp-json\/wp\/v2\/users\/6"}],"replies":[{"embeddable":true,"href":"https:\/\/www.opinionpublica.tv\/portada\/wp-json\/wp\/v2\/comments?post=69784"}],"version-history":[{"count":1,"href":"https:\/\/www.opinionpublica.tv\/portada\/wp-json\/wp\/v2\/posts\/69784\/revisions"}],"predecessor-version":[{"id":69786,"href":"https:\/\/www.opinionpublica.tv\/portada\/wp-json\/wp\/v2\/posts\/69784\/revisions\/69786"}],"wp:featuredmedia":[{"embeddable":true,"href":"https:\/\/www.opinionpublica.tv\/portada\/wp-json\/wp\/v2\/media\/69785"}],"wp:attachment":[{"href":"https:\/\/www.opinionpublica.tv\/portada\/wp-json\/wp\/v2\/media?parent=69784"}],"wp:term":[{"taxonomy":"category","embeddable":true,"href":"https:\/\/www.opinionpublica.tv\/portada\/wp-json\/wp\/v2\/categories?post=69784"},{"taxonomy":"post_tag","embeddable":true,"href":"https:\/\/www.opinionpublica.tv\/portada\/wp-json\/wp\/v2\/tags?post=69784"}],"curies":[{"name":"wp","href":"https:\/\/api.w.org\/{rel}","templated":true}]}}