{"id":69762,"date":"2025-10-08T00:01:00","date_gmt":"2025-10-08T06:01:00","guid":{"rendered":"https:\/\/www.opinionpublica.tv\/portada\/?p=69762"},"modified":"2025-10-07T18:21:43","modified_gmt":"2025-10-08T00:21:43","slug":"los-sabores-del-poder","status":"publish","type":"post","link":"https:\/\/www.opinionpublica.tv\/portada\/los-sabores-del-poder\/","title":{"rendered":"Los sabores del poder"},"content":{"rendered":"\n<h4 class=\"wp-block-heading\">Ra\u00fal Ruiz<\/h4>\n\n\n\n<p class=\"wp-block-paragraph\">____________________________<\/p>\n\n\n\n<p class=\"wp-block-paragraph\">Sheinbaum y los Cuatro Sabores del Mandato.<\/p>\n\n\n\n<p class=\"wp-block-paragraph\">Los que me conocen de cerca, saben que tengo mis vicios. Y uno de ellos es el de comer bien.<\/p>\n\n\n\n<p class=\"wp-block-paragraph\">Hoy har\u00e9 un parang\u00f3n entre el sabor gourmet y el poder.<\/p>\n\n\n\n<p class=\"wp-block-paragraph\">A ver que les parece.<\/p>\n\n\n\n<p class=\"wp-block-paragraph\">Saludos desde CJTOWN, donde el poder se sirve en cucharadas de sem\u00e1ntica y se digiere con sarcasmo, demos por inaugurada la Primera Degustaci\u00f3n Nacional de Poderes Presidenciales.<\/p>\n\n\n\n<p class=\"wp-block-paragraph\">El men\u00fa de hoy: Claudia Sheinbaum, la cient\u00edfica devenida en chef de la gobernanza, nos ofrece un buffet de sabores que van del dulce al \u00e1cido, pasando por el amargo y el agridulce.<\/p>\n\n\n\n<p class=\"wp-block-paragraph\">Acomp\u00e1\u00f1enme en esta degustaci\u00f3n tipol\u00f3gica.<\/p>\n\n\n\n<p class=\"wp-block-paragraph\">Primer Plato: El Poder Dulce.<\/p>\n\n\n\n<p class=\"wp-block-paragraph\">\u2014 Gelatina de Legitimidad con Miel de Morena.<\/p>\n\n\n\n<p class=\"wp-block-paragraph\">Sheinbaum entra a la cocina con bata de laboratorio y receta de continuidad.<\/p>\n\n\n\n<p class=\"wp-block-paragraph\">Su dulzura inicial se sirve en porciones de \u201cprimera presidenta\u201d, \u201chist\u00f3rica victoria\u201d, y \u201cunidad nacional\u201d.<\/p>\n\n\n\n<p class=\"wp-block-paragraph\">El aplauso del comensal progresista endulza el paladar, aunque algunos notan que el az\u00facar viene del frasco de AMLO.<\/p>\n\n\n\n<p class=\"wp-block-paragraph\">Tipolog\u00eda: La Heredera de la Miel. Endulza el discurso con ciencia y feminismo, pero el sabor recuerda al postre que ya serv\u00eda el chef anterior.<\/p>\n\n\n\n<p class=\"wp-block-paragraph\">Segundo Plato: El Poder \u00c1cido \u2014 Ceviche de Decisiones con Lim\u00f3n de Centralismo.<\/p>\n\n\n\n<p class=\"wp-block-paragraph\">Cuando la receta exige autonom\u00eda, Sheinbaum exprime el lim\u00f3n del nuevo&nbsp; presidencialismo.<\/p>\n\n\n\n<p class=\"wp-block-paragraph\">La acidez aparece en la gesti\u00f3n de seguridad, donde el marinado de datos no elimina el olor a militarizaci\u00f3n.<\/p>\n\n\n\n<p class=\"wp-block-paragraph\">El ceviche se sirve con cara seria y sin cebolla: no se permite llorar.<\/p>\n\n\n\n<p class=\"wp-block-paragraph\">Tipolog\u00eda: La Qu\u00edmica del Control.<\/p>\n\n\n\n<p class=\"wp-block-paragraph\">Calcula cada gota de \u00e1cido para mantener la f\u00f3rmula estable, aunque el sabor pique en la lengua de los estados.<\/p>\n\n\n\n<p class=\"wp-block-paragraph\">Los que muerden el plato se van al corralito.<\/p>\n\n\n\n<p class=\"wp-block-paragraph\">Tercer Plato: El Poder Amargo \u2014 Caf\u00e9 de Gobernanza con Tueste de Expectativas.<\/p>\n\n\n\n<p class=\"wp-block-paragraph\">El caf\u00e9 se sirve en tazas de porcelana con logos de la 4T.<\/p>\n\n\n\n<p class=\"wp-block-paragraph\">El aroma promete energ\u00eda, pero el primer sorbo revela amargura: \u00bfd\u00f3nde est\u00e1 la transformaci\u00f3n sin AMLO? \u00bfPuede el caf\u00e9 Sheinbaum despertar sin la cafe\u00edna del caudillo?<\/p>\n\n\n\n<p class=\"wp-block-paragraph\">Algunos comensales piden az\u00facar, otros se resignan al insomnio institucional.<\/p>\n\n\n\n<p class=\"wp-block-paragraph\">Tipolog\u00eda: La Barista del Silencio.<\/p>\n\n\n\n<p class=\"wp-block-paragraph\">Sirve caf\u00e9 con elegancia, pero el tueste lo hizo otro. Ella solo controla la espuma.<\/p>\n\n\n\n<p class=\"wp-block-paragraph\">Pero en su segundo a\u00f1o, ella prepara el caf\u00e9.<\/p>\n\n\n\n<p class=\"wp-block-paragraph\">Cuarto Plato: El Poder Agridulce \u2014 Mole de Futuro con Chiles de Realidad.<\/p>\n\n\n\n<p class=\"wp-block-paragraph\">Aqu\u00ed la chef se arriesga: mezcla cacao del Bienestar con chiles de gobernabilidad.<\/p>\n\n\n\n<p class=\"wp-block-paragraph\">El resultado es complejo, profundo, contradictorio.<\/p>\n\n\n\n<p class=\"wp-block-paragraph\">Pero efectivo.<\/p>\n\n\n\n<p class=\"wp-block-paragraph\">El mole Sheinbaum tiene notas de transici\u00f3n, de ruptura contenida, de feminismo institucional.<\/p>\n\n\n\n<p class=\"wp-block-paragraph\">El dulzor del cambio se enfrenta al picor de la continuidad.<\/p>\n\n\n\n<p class=\"wp-block-paragraph\">Tipolog\u00eda: La Cocinera del Umbral. Sabe que el mole no se improvisa.<\/p>\n\n\n\n<p class=\"wp-block-paragraph\">Lo cocina lento, con ingredientes que a\u00fan no revela.<\/p>\n\n\n\n<p class=\"wp-block-paragraph\">Postre:<\/p>\n\n\n\n<p class=\"wp-block-paragraph\">Algunos esperan souffl\u00e9, otros pastel, pero unos mastican esperanza, otros muerden desencanto.<\/p>\n\n\n\n<p class=\"wp-block-paragraph\">Vienen nuevas recetas.<\/p>\n\n\n\n<p class=\"wp-block-paragraph\">Los comensales, presienten sabores m\u00e1s fuertes.<\/p>\n\n\n\n<p class=\"wp-block-paragraph\">En CJTOWN, la cr\u00edtica se sirve con sal, no con odio.<\/p>\n\n\n\n<p class=\"wp-block-paragraph\">Porque el poder, como la cocina, se juzga por el sabor\u2026 pero tambi\u00e9n por qui\u00e9n lo sirve y a qui\u00e9n alimenta.<\/p>\n","protected":false},"excerpt":{"rendered":"<p>Ra\u00fal Ruiz ____________________________ Sheinbaum y los Cuatro Sabores del Mandato. Los que me conocen de cerca, saben que tengo mis vicios. Y uno de ellos es el de comer bien. Hoy har\u00e9 un parang\u00f3n entre el sabor gourmet y el poder. A ver que les parece. Saludos desde CJTOWN, donde el poder se sirve en [&hellip;]<\/p>\n","protected":false},"author":6,"featured_media":43347,"comment_status":"closed","ping_status":"closed","sticky":false,"template":"","format":"standard","meta":{"_acf_changed":false,"_monsterinsights_skip_tracking":false,"slim_seo":{"title":"Los sabores del poder - Opini\u00f3n P\u00fablica","description":"Ra\u00fal Ruiz ____________________________ Sheinbaum y los Cuatro Sabores del Mandato. Los que me conocen de cerca, saben que tengo mis vicios. Y uno de ellos es el"},"footnotes":""},"categories":[21],"tags":[593],"class_list":["post-69762","post","type-post","status-publish","format-standard","has-post-thumbnail","hentry","category-cartapacio","tag-cartapacio"],"acf":[],"_links":{"self":[{"href":"https:\/\/www.opinionpublica.tv\/portada\/wp-json\/wp\/v2\/posts\/69762","targetHints":{"allow":["GET"]}}],"collection":[{"href":"https:\/\/www.opinionpublica.tv\/portada\/wp-json\/wp\/v2\/posts"}],"about":[{"href":"https:\/\/www.opinionpublica.tv\/portada\/wp-json\/wp\/v2\/types\/post"}],"author":[{"embeddable":true,"href":"https:\/\/www.opinionpublica.tv\/portada\/wp-json\/wp\/v2\/users\/6"}],"replies":[{"embeddable":true,"href":"https:\/\/www.opinionpublica.tv\/portada\/wp-json\/wp\/v2\/comments?post=69762"}],"version-history":[{"count":1,"href":"https:\/\/www.opinionpublica.tv\/portada\/wp-json\/wp\/v2\/posts\/69762\/revisions"}],"predecessor-version":[{"id":69763,"href":"https:\/\/www.opinionpublica.tv\/portada\/wp-json\/wp\/v2\/posts\/69762\/revisions\/69763"}],"wp:featuredmedia":[{"embeddable":true,"href":"https:\/\/www.opinionpublica.tv\/portada\/wp-json\/wp\/v2\/media\/43347"}],"wp:attachment":[{"href":"https:\/\/www.opinionpublica.tv\/portada\/wp-json\/wp\/v2\/media?parent=69762"}],"wp:term":[{"taxonomy":"category","embeddable":true,"href":"https:\/\/www.opinionpublica.tv\/portada\/wp-json\/wp\/v2\/categories?post=69762"},{"taxonomy":"post_tag","embeddable":true,"href":"https:\/\/www.opinionpublica.tv\/portada\/wp-json\/wp\/v2\/tags?post=69762"}],"curies":[{"name":"wp","href":"https:\/\/api.w.org\/{rel}","templated":true}]}}