{"id":69744,"date":"2025-10-08T00:01:00","date_gmt":"2025-10-08T06:01:00","guid":{"rendered":"https:\/\/www.opinionpublica.tv\/portada\/?p=69744"},"modified":"2025-10-06T19:27:33","modified_gmt":"2025-10-07T01:27:33","slug":"extiende-gobierno-estatal-el-programa-soy-mexico-hasta-el-viernes-31-de-octubre","status":"publish","type":"post","link":"https:\/\/www.opinionpublica.tv\/portada\/extiende-gobierno-estatal-el-programa-soy-mexico-hasta-el-viernes-31-de-octubre\/","title":{"rendered":"Extiende gobierno estatal el programa \u00abSoy M\u00e9xico\u00bb hasta el viernes 31 de octubre"},"content":{"rendered":"\n<figure class=\"wp-block-image size-large\"><img fetchpriority=\"high\" decoding=\"async\" width=\"1024\" height=\"684\" src=\"https:\/\/www.opinionpublica.tv\/portada\/wp-content\/uploads\/2025\/10\/Extiende-gobierno-estatal-el-programa-22Soy-Mexico22-hasta-el-viernes-31-de-octubre-1024x684.jpeg\" alt=\"Extiende gobierno estatal el programa %22soy me\u0301xico%22 hasta el viernes 31 de octubre\" class=\"wp-image-69747\" srcset=\"https:\/\/www.opinionpublica.tv\/portada\/wp-content\/uploads\/2025\/10\/Extiende-gobierno-estatal-el-programa-22Soy-Mexico22-hasta-el-viernes-31-de-octubre-1024x684.jpeg 1024w, https:\/\/www.opinionpublica.tv\/portada\/wp-content\/uploads\/2025\/10\/Extiende-gobierno-estatal-el-programa-22Soy-Mexico22-hasta-el-viernes-31-de-octubre-300x200.jpeg 300w, https:\/\/www.opinionpublica.tv\/portada\/wp-content\/uploads\/2025\/10\/Extiende-gobierno-estatal-el-programa-22Soy-Mexico22-hasta-el-viernes-31-de-octubre-768x513.jpeg 768w, https:\/\/www.opinionpublica.tv\/portada\/wp-content\/uploads\/2025\/10\/Extiende-gobierno-estatal-el-programa-22Soy-Mexico22-hasta-el-viernes-31-de-octubre.jpeg 1280w\" sizes=\"(max-width: 1024px) 100vw, 1024px\" \/><\/figure>\n\n\n\n<p class=\"wp-block-paragraph\"><em>Ciudad Ju\u00e1rez, Chih<\/em>.- Tras la buena respuesta de la poblaci\u00f3n al programa \u201cSoy M\u00e9xico\u201d en septiembre, el Gobierno del Estado, a trav\u00e9s de la Coordinaci\u00f3n del Registro Civil, anunci\u00f3 la extensi\u00f3n del beneficio hasta el pr\u00f3ximo 31 de octubre, a fin de que m\u00e1s personas puedan tramitar su doble nacionalidad sin costo.<\/p>\n\n\n\n<p class=\"wp-block-paragraph\">Desde su arranque el pasado primero de septiembre, un total de mil 900 personas se han beneficiado con el programa en la frontera, tan solo en su edici\u00f3n 2025.<\/p>\n\n\n\n<p class=\"wp-block-paragraph\">Karla Ivette Guti\u00e9rrez Isla, coordinadora del Registro Civil en la Zona Norte, explic\u00f3 que mediante este esquema las hijas e hijos de padres mexicanos nacidos en el extranjero, obtienen su doble nacionalidad sin pagar el costo de inscripci\u00f3n y la traducci\u00f3n de documentos, para un ahorro de cerca de mil 500 pesos en todo el proceso.<\/p>\n\n\n\n<p class=\"wp-block-paragraph\">Destac\u00f3 adem\u00e1s que este beneficio permite a las y los interesados acceder plenamente a los derechos de un ciudadano mexicano, principalmente en materia de educaci\u00f3n y seguridad social, as\u00ed como cumplir con sus obligaciones, sin necesidad de renunciar a los derechos adquiridos en su pa\u00eds de origen.<\/p>\n\n\n\n<p class=\"wp-block-paragraph\">Para dicho tr\u00e1mite se debe presentar el acta de nacimiento estadounidense, el acta de nacimiento del padre o madre mexicano y una identificaci\u00f3n y CURP de ambos en original y dos copias. Si el solicitante es mayor de edad, tambi\u00e9n ser\u00e1 necesario presentar una identificaci\u00f3n oficial.<\/p>\n\n\n\n<p class=\"wp-block-paragraph\">Los interesados podr\u00e1n acudir a cualquiera de las cuatro oficial\u00edas del Registro Civil en Ciudad Ju\u00e1rez, en un horario de 9:00 a 14:00 horas, hasta el 31 de octubre, fecha en que concluir\u00e1 la ampliaci\u00f3n del programa.<\/p>\n\n\n\n<p class=\"wp-block-paragraph\">En su edici\u00f3n anterior, \u201cSoy M\u00e9xico\u201d logr\u00f3 registrar a 3 mil 679 personas, de las cuales el 50 por ciento correspondi\u00f3 a residentes de Ciudad Ju\u00e1rez, por lo que, para este a\u00f1o, se espera ampliar el alcance del programa y beneficiar a un mayor n\u00famero de familias.<\/p>\n","protected":false},"excerpt":{"rendered":"<p>Ciudad Ju\u00e1rez, Chih.- Tras la buena respuesta de la poblaci\u00f3n al programa \u201cSoy M\u00e9xico\u201d en septiembre, el Gobierno del Estado, a trav\u00e9s de la Coordinaci\u00f3n del Registro Civil, anunci\u00f3 la extensi\u00f3n del beneficio hasta el pr\u00f3ximo 31 de octubre, a fin de que m\u00e1s personas puedan tramitar su doble nacionalidad sin costo. Desde su arranque [&hellip;]<\/p>\n","protected":false},"author":6,"featured_media":69747,"comment_status":"closed","ping_status":"closed","sticky":false,"template":"","format":"standard","meta":{"_acf_changed":false,"_monsterinsights_skip_tracking":false,"slim_seo":{"title":"Extiende gobierno estatal el programa \"Soy M\u00e9xico\" hasta el viernes 31 de octubre - Opini\u00f3n P\u00fablica","description":"Ciudad Ju\u00e1rez, Chih .- Tras la buena respuesta de la poblaci\u00f3n al programa \u201cSoy M\u00e9xico\u201d en septiembre, el Gobierno del Estado, a trav\u00e9s de la Coordinaci\u00f3n del R"},"footnotes":""},"categories":[11],"tags":[],"class_list":["post-69744","post","type-post","status-publish","format-standard","has-post-thumbnail","hentry","category-tendencias"],"acf":[],"_links":{"self":[{"href":"https:\/\/www.opinionpublica.tv\/portada\/wp-json\/wp\/v2\/posts\/69744","targetHints":{"allow":["GET"]}}],"collection":[{"href":"https:\/\/www.opinionpublica.tv\/portada\/wp-json\/wp\/v2\/posts"}],"about":[{"href":"https:\/\/www.opinionpublica.tv\/portada\/wp-json\/wp\/v2\/types\/post"}],"author":[{"embeddable":true,"href":"https:\/\/www.opinionpublica.tv\/portada\/wp-json\/wp\/v2\/users\/6"}],"replies":[{"embeddable":true,"href":"https:\/\/www.opinionpublica.tv\/portada\/wp-json\/wp\/v2\/comments?post=69744"}],"version-history":[{"count":2,"href":"https:\/\/www.opinionpublica.tv\/portada\/wp-json\/wp\/v2\/posts\/69744\/revisions"}],"predecessor-version":[{"id":69748,"href":"https:\/\/www.opinionpublica.tv\/portada\/wp-json\/wp\/v2\/posts\/69744\/revisions\/69748"}],"wp:featuredmedia":[{"embeddable":true,"href":"https:\/\/www.opinionpublica.tv\/portada\/wp-json\/wp\/v2\/media\/69747"}],"wp:attachment":[{"href":"https:\/\/www.opinionpublica.tv\/portada\/wp-json\/wp\/v2\/media?parent=69744"}],"wp:term":[{"taxonomy":"category","embeddable":true,"href":"https:\/\/www.opinionpublica.tv\/portada\/wp-json\/wp\/v2\/categories?post=69744"},{"taxonomy":"post_tag","embeddable":true,"href":"https:\/\/www.opinionpublica.tv\/portada\/wp-json\/wp\/v2\/tags?post=69744"}],"curies":[{"name":"wp","href":"https:\/\/api.w.org\/{rel}","templated":true}]}}