{"id":69653,"date":"2025-10-06T00:01:00","date_gmt":"2025-10-06T06:01:00","guid":{"rendered":"https:\/\/www.opinionpublica.tv\/portada\/?p=69653"},"modified":"2025-10-05T16:18:08","modified_gmt":"2025-10-05T22:18:08","slug":"decomisa-daba-cachorros-y-diversas-especies-en-operativo-en-el-mercado-san-pancho","status":"publish","type":"post","link":"https:\/\/www.opinionpublica.tv\/portada\/decomisa-daba-cachorros-y-diversas-especies-en-operativo-en-el-mercado-san-pancho\/","title":{"rendered":"Decomisa DABA cachorros y otras especies en operativo en el Mercado &#8216;San Pancho&#8217;"},"content":{"rendered":"\n<figure class=\"wp-block-image size-large\"><img fetchpriority=\"high\" decoding=\"async\" width=\"1024\" height=\"768\" src=\"https:\/\/www.opinionpublica.tv\/portada\/wp-content\/uploads\/2025\/10\/Decomisa-DABA-cachorros-y-otras-especies-en-operativo-en-el-Mercado-San-Pancho-1024x768.jpeg\" alt=\"Decomisa daba cachorros y otras especies en operativo en el mercado 'san pancho'\" class=\"wp-image-69657\" srcset=\"https:\/\/www.opinionpublica.tv\/portada\/wp-content\/uploads\/2025\/10\/Decomisa-DABA-cachorros-y-otras-especies-en-operativo-en-el-Mercado-San-Pancho-1024x768.jpeg 1024w, https:\/\/www.opinionpublica.tv\/portada\/wp-content\/uploads\/2025\/10\/Decomisa-DABA-cachorros-y-otras-especies-en-operativo-en-el-Mercado-San-Pancho-300x225.jpeg 300w, https:\/\/www.opinionpublica.tv\/portada\/wp-content\/uploads\/2025\/10\/Decomisa-DABA-cachorros-y-otras-especies-en-operativo-en-el-Mercado-San-Pancho-768x576.jpeg 768w, https:\/\/www.opinionpublica.tv\/portada\/wp-content\/uploads\/2025\/10\/Decomisa-DABA-cachorros-y-otras-especies-en-operativo-en-el-Mercado-San-Pancho.jpeg 1280w\" sizes=\"(max-width: 1024px) 100vw, 1024px\" \/><\/figure>\n\n\n\n<p class=\"wp-block-paragraph\"><em>Ciudad Ju\u00e1rez, Chih<\/em>.- La Direcci\u00f3n de Atenci\u00f3n y Bienestar Animal (DABA), encabezado por Alma Arredondo Salinas, realiz\u00f3 un operativo conjunto con Regulaci\u00f3n Comercial y la Secretar\u00eda de Seguridad P\u00fablica Municipal, derivado de un reporte ciudadano sobre la venta ilegal de animales en el Mercado San Pancho.<\/p>\n\n\n\n<p class=\"wp-block-paragraph\">Durante la inspecci\u00f3n se localizaron siete cachorros de la raza pastor belga, que se encontraban en exhibici\u00f3n para su venta.<\/p>\n\n\n\n<p class=\"wp-block-paragraph\">Los ejemplares fueron decomisados debido a que est\u00e1 prohibido este tipo de ventas en los mercados populares. A esto se suma que son demasiado peque\u00f1os para estar expuestos, no cuentan con esquema de vacunaci\u00f3n ni documentaci\u00f3n que garantice la pureza de la raza.<\/p>\n\n\n\n<p class=\"wp-block-paragraph\">Asimismo, en otro local se detect\u00f3 la venta de conejos, peces y aves, por lo que el propietario fue notificado mediante citatorio para presentarse el d\u00eda de ma\u00f1ana, con el fin de dar seguimiento a la sanci\u00f3n correspondiente.<\/p>\n\n\n\n<p class=\"wp-block-paragraph\">Detall\u00f3 que se aseguraron h\u00e1msteres, patos, conejos, p\u00e1jaros del amor, agapornis, canarios, finches, peces y los cachorros pastor belga.<\/p>\n\n\n\n<p class=\"wp-block-paragraph\">La directora de DABA record\u00f3 que la venta de animales en la v\u00eda p\u00fablica y en espacios no autorizados est\u00e1 prohibida, ya que pone en riesgo la salud y el bienestar de las mascotas, adem\u00e1s de que no garantiza condiciones adecuadas de cuidado, procedencia ni salud.<\/p>\n\n\n\n<p class=\"wp-block-paragraph\">El propietario responsable de la venta de cachorros fue sancionado con 50 UMAS, y los animales no ser\u00e1n devueltos, conforme a la normatividad vigente.<\/p>\n\n\n\n<p class=\"wp-block-paragraph\">El objetivo de estos operativos es proteger a los animales y fomentar una cultura de respeto, adopci\u00f3n y tenencia responsable en la comunidad juarense, a\u00f1adi\u00f3.<\/p>\n","protected":false},"excerpt":{"rendered":"<p>Ciudad Ju\u00e1rez, Chih.- La Direcci\u00f3n de Atenci\u00f3n y Bienestar Animal (DABA), encabezado por Alma Arredondo Salinas, realiz\u00f3 un operativo conjunto con Regulaci\u00f3n Comercial y la Secretar\u00eda de Seguridad P\u00fablica Municipal, derivado de un reporte ciudadano sobre la venta ilegal de animales en el Mercado San Pancho. Durante la inspecci\u00f3n se localizaron siete cachorros de la [&hellip;]<\/p>\n","protected":false},"author":6,"featured_media":69657,"comment_status":"closed","ping_status":"closed","sticky":false,"template":"","format":"standard","meta":{"_acf_changed":false,"_monsterinsights_skip_tracking":false,"slim_seo":{"title":"Decomisa DABA cachorros y otras especies en operativo en el Mercado 'San Pancho' - Opini\u00f3n P\u00fablica","description":"Ciudad Ju\u00e1rez, Chih .- La Direcci\u00f3n de Atenci\u00f3n y Bienestar Animal (DABA), encabezado por Alma Arredondo Salinas, realiz\u00f3 un operativo conjunto con Regulaci\u00f3n C"},"footnotes":""},"categories":[41],"tags":[],"class_list":["post-69653","post","type-post","status-publish","format-standard","has-post-thumbnail","hentry","category-juarez"],"acf":[],"_links":{"self":[{"href":"https:\/\/www.opinionpublica.tv\/portada\/wp-json\/wp\/v2\/posts\/69653","targetHints":{"allow":["GET"]}}],"collection":[{"href":"https:\/\/www.opinionpublica.tv\/portada\/wp-json\/wp\/v2\/posts"}],"about":[{"href":"https:\/\/www.opinionpublica.tv\/portada\/wp-json\/wp\/v2\/types\/post"}],"author":[{"embeddable":true,"href":"https:\/\/www.opinionpublica.tv\/portada\/wp-json\/wp\/v2\/users\/6"}],"replies":[{"embeddable":true,"href":"https:\/\/www.opinionpublica.tv\/portada\/wp-json\/wp\/v2\/comments?post=69653"}],"version-history":[{"count":3,"href":"https:\/\/www.opinionpublica.tv\/portada\/wp-json\/wp\/v2\/posts\/69653\/revisions"}],"predecessor-version":[{"id":69658,"href":"https:\/\/www.opinionpublica.tv\/portada\/wp-json\/wp\/v2\/posts\/69653\/revisions\/69658"}],"wp:featuredmedia":[{"embeddable":true,"href":"https:\/\/www.opinionpublica.tv\/portada\/wp-json\/wp\/v2\/media\/69657"}],"wp:attachment":[{"href":"https:\/\/www.opinionpublica.tv\/portada\/wp-json\/wp\/v2\/media?parent=69653"}],"wp:term":[{"taxonomy":"category","embeddable":true,"href":"https:\/\/www.opinionpublica.tv\/portada\/wp-json\/wp\/v2\/categories?post=69653"},{"taxonomy":"post_tag","embeddable":true,"href":"https:\/\/www.opinionpublica.tv\/portada\/wp-json\/wp\/v2\/tags?post=69653"}],"curies":[{"name":"wp","href":"https:\/\/api.w.org\/{rel}","templated":true}]}}