{"id":69625,"date":"2025-10-05T15:11:13","date_gmt":"2025-10-05T21:11:13","guid":{"rendered":"https:\/\/www.opinionpublica.tv\/portada\/?p=69625"},"modified":"2025-10-05T15:12:54","modified_gmt":"2025-10-05T21:12:54","slug":"quien-robe-y-traicione-al-pueblo-enfrentara-la-justicia-no-les-voy-a-fallar-sheinbaum-a-un-ano-de-su-gobierno","status":"publish","type":"post","link":"https:\/\/www.opinionpublica.tv\/portada\/quien-robe-y-traicione-al-pueblo-enfrentara-la-justicia-no-les-voy-a-fallar-sheinbaum-a-un-ano-de-su-gobierno\/","title":{"rendered":"\u00abQuien robe y traicione al pueblo, enfrentar\u00e1 la justicia\u00bb; advierte Sheinbaum a un a\u00f1o de su gobierno"},"content":{"rendered":"\n<figure class=\"wp-block-image size-large\"><img fetchpriority=\"high\" decoding=\"async\" width=\"1024\" height=\"620\" src=\"https:\/\/www.opinionpublica.tv\/portada\/wp-content\/uploads\/2025\/10\/22Quien-robe-y-traicione-al-pueblo-enfrentara-la-justicia22-advierte-Sheinbaum-a-un-ano-de-su-gobierno-1024x620.avif\" alt=\"%22quien robe y traicione al pueblo, enfrentara\u0301 la justicia%22; advierte sheinbaum a un an\u0303o de su gobierno\" class=\"wp-image-69628\" srcset=\"https:\/\/www.opinionpublica.tv\/portada\/wp-content\/uploads\/2025\/10\/22Quien-robe-y-traicione-al-pueblo-enfrentara-la-justicia22-advierte-Sheinbaum-a-un-ano-de-su-gobierno-1024x620.avif 1024w, https:\/\/www.opinionpublica.tv\/portada\/wp-content\/uploads\/2025\/10\/22Quien-robe-y-traicione-al-pueblo-enfrentara-la-justicia22-advierte-Sheinbaum-a-un-ano-de-su-gobierno-300x182.avif 300w, https:\/\/www.opinionpublica.tv\/portada\/wp-content\/uploads\/2025\/10\/22Quien-robe-y-traicione-al-pueblo-enfrentara-la-justicia22-advierte-Sheinbaum-a-un-ano-de-su-gobierno-768x465.avif 768w, https:\/\/www.opinionpublica.tv\/portada\/wp-content\/uploads\/2025\/10\/22Quien-robe-y-traicione-al-pueblo-enfrentara-la-justicia22-advierte-Sheinbaum-a-un-ano-de-su-gobierno.avif 1100w\" sizes=\"(max-width: 1024px) 100vw, 1024px\" \/><\/figure>\n\n\n\n<p class=\"wp-block-paragraph\"><em>Ciudad de M\u00e9xico<\/em>.- Al reafirmar su compromiso con los principios de la llamada Cuarta Transformaci\u00f3n, la presidenta Claudia Sheinbaum Pardo advirti\u00f3 que quien robe y traicione al pueblo, enfrentar\u00e1 la justicia.<\/p>\n\n\n\n<p class=\"wp-block-paragraph\">Al encabezar la ceremonia por su primer a\u00f1o de gobierno ante miles de personas en el Z\u00f3calo de la Ciudad de M\u00e9xico lleno, la jefa del Ejecutivo federal afirm\u00f3 que el poder no es para enriquecerse, sino para servir con humildad.<\/p>\n\n\n\n<p class=\"wp-block-paragraph\">\u00abEn este M\u00e9xico nuevo, la honestidad no es la excepci\u00f3n, es la regla, y quien traiciona al pueblo, quien robe al pueblo, enfrenta la justicia. El poder no es para enriquecerse, es para servir con humildad\u201d.<\/p>\n\n\n\n<p class=\"wp-block-paragraph\">\u00abVamos por el camino correcto: 13.5 millones de mexicanos salieron de la pobreza\u00bb<\/p>\n\n\n\n<p class=\"wp-block-paragraph\">La mandataria federal asegur\u00f3 que \u00abvamos por el camino correcto\u00bb al destacar que en los \u00faltimos seis a\u00f1os, entre 2018 y 2024, 13.5 millones de mexicanas y mexicanos salieron de la pobreza.<\/p>\n\n\n\n<p class=\"wp-block-paragraph\">\u00abAunque quieran, no lo podr\u00e1n borrar ni las campa\u00f1as de odio, ni la mentira, ni la calumnia. Es un hecho irrefutable\u00bb.<\/p>\n\n\n\n<p class=\"wp-block-paragraph\">La jefa del Ejecutivo federal afirm\u00f3 que M\u00e9xico transita por un camino de justicia social, de dignidad y de garant\u00eda de derechos sociales, libertad, democracia y soberan\u00eda, y aseguro que su antecesor Andr\u00e9s Manuel L\u00f3pez Obrador fue, es y ser\u00e1 siempre un ejemplo de honradez, de austeridad y de profundo amor al pueblo.<\/p>\n\n\n\n<p class=\"wp-block-paragraph\"><strong>Sheinbaum destaca reducci\u00f3n de homicidio doloso en 32%<\/strong><\/p>\n\n\n\n<p class=\"wp-block-paragraph\">La mandataria federal destac\u00f3 que en el primer a\u00f1o de gobierno, se ha reducido el homicidio doloso en 32%, es decir, 27 homicidios diarios menos.<\/p>\n\n\n\n<p class=\"wp-block-paragraph\">\u00abEsta ma\u00f1ana me dieron los resultados hasta el mes de septiembre. En 12 meses hemos reducido el homicidio doloso en 32%, es decir, entre septiembre de 2024 y septiembre del 2025, se cometieron 27 homicidios diarios menos\u00bb.<\/p>\n\n\n\n<p class=\"wp-block-paragraph\"><strong>Sheinbaum: \u00abNo se permite la intervenci\u00f3n extranjera\u00bb<\/strong><\/p>\n\n\n\n<p class=\"wp-block-paragraph\">Claudia Sheinbaum Pardo advirti\u00f3 que en M\u00e9xico no se permite la intervenci\u00f3n extranjera, pues indic\u00f3 que M\u00e9xico es un pa\u00eds libre, independiente y soberano.<\/p>\n\n\n\n<p class=\"wp-block-paragraph\">\u201cFrente a cualquier deseo de injerencia o intervenci\u00f3n de una potencia extranjera en M\u00e9xico qued\u00f3 escrito en la Constituci\u00f3n el siguiente texto: `el pueblo de M\u00e9xico bajo ninguna circunstancia aceptar\u00e1 intervenciones, intromisiones o cualquier otro acto desde el extranjero que sea lesivo a su integridad, independencia y soberan\u00eda, tales como golpes de Estado, injerencia en elecciones o la violaci\u00f3n del territorio mexicano, sea esta por tierra, agua, mar o espacio a\u00e9reo\u00b4\u201c.<\/p>\n\n\n\n<p class=\"wp-block-paragraph\">\u201cEsta reforma dice en pocas palabras, M\u00e9xico no acepta injerencismo, no acepta intervencionismo. Somos un pa\u00eds libre, independiente y soberano\u201d.<\/p>\n\n\n\n<p class=\"wp-block-paragraph\">Asegur\u00f3 que cumplir\u00e1 su compromiso para que a partir del 2030 no habr\u00e1 reelecci\u00f3n a ning\u00fan puesto de elecci\u00f3n popular, pues record\u00f3 ante miles de asistentes que en M\u00e9xico ya se proh\u00edbe dejar como herencia un puesto de elecci\u00f3n. \u201cNo al nepotismo\u201d, dijo.<\/p>\n\n\n\n<p class=\"wp-block-paragraph\"><strong>Sheinbaum afirma que \u00abla econom\u00eda est\u00e1 fuerte\u00bb<\/strong><\/p>\n\n\n\n<p class=\"wp-block-paragraph\">Frente a las voces catastrofistas que anticipaban una ca\u00edda en la econom\u00eda mexicana, la presidenta Claudia Sheinbaum asegur\u00f3 que a pesar de las dif\u00edciles circunstancias internacionales, en este a\u00f1o la econom\u00eda est\u00e1 fuerte.<\/p>\n\n\n\n<p class=\"wp-block-paragraph\">Destac\u00f3 que el peso mexicano se mantiene por debajo de los 19 pesos por d\u00f3lar.<\/p>\n\n\n\n<p class=\"wp-block-paragraph\">\u00abSe tiene un crecimiento anual esperado de 1.2% frente a los catastrofistas que anticipaban una ca\u00edda. La inversi\u00f3n extranjera directa fue r\u00e9cord en el primer semestre del 2025. El turismo creci\u00f3 13.8%. Nuestra moneda se mantiene por debajo de los 19 pesos por d\u00f3lar. El desempleo se ubica en 2.7% uno de los niveles m\u00e1s bajos del mundo\u00bb.<\/p>\n\n\n\n<p class=\"wp-block-paragraph\">Ante la pol\u00e9mica por la reforma a la Ley de Amparo que recientemente se propuso, la Mandataria federal asegur\u00f3 que se busca la impartici\u00f3n de justicia m\u00e1s r\u00e1pida, m\u00e1s expedita, y garantizar la pronta actuaci\u00f3n frente delitos, como el lavado de dinero y evitar, indic\u00f3, que el amparo se vuelve resguardo de por vida de los potentados grandes que no quieren pagar sus impuestos.<\/p>\n\n\n\n<p class=\"wp-block-paragraph\">\u00abSu objetivo es hacer la impartici\u00f3n de justicia m\u00e1s r\u00e1pida, m\u00e1s expedita, garantizar la pronta actuaci\u00f3n frente al lavado de dinero y evitar que el amparo se vuelve resguardo de por vida de los potentados grandes que no quieren pagar sus impuestos.<\/p>\n\n\n\n<p class=\"wp-block-paragraph\">\u00abTren del Golfo de M\u00e9xico\u00bb: Somete a votaci\u00f3n nuevo nombre del Tren M\u00e9xico-Nuevo Laredo<\/p>\n\n\n\n<p class=\"wp-block-paragraph\">Ante miles de asistentes que llenaron el Z\u00f3calo capitalino, Claudia Sheinbaum puso a votaci\u00f3n que el Tren M\u00e9xico-Nuevo Laredo se llame \u00abTren del Golfo de M\u00e9xico\u00bb.<\/p>\n\n\n\n<p class=\"wp-block-paragraph\">\u00abM\u00e9xico-Nuevo Laredo. A ver, \u00bfc\u00f3mo ven? \u00bfQu\u00e9 les parece si a ese tren le ponemos tren del Golfo de M\u00e9xico? Lo voy a poner a votaci\u00f3n. \u00bfQui\u00e9n est\u00e1 de acuerdo que el tren que va de M\u00e9xico a Nuevo Laredo se llame `Tren del Golfo de M\u00e9xico\u00b4?\u00bb, pregunt\u00f3.<\/p>\n\n\n\n<p class=\"wp-block-paragraph\">Ante miles de manos alzadas aprobando la propuesta, la Mandataria federal inform\u00f3: \u00abMayor\u00eda\u00bb.<\/p>\n\n\n\n<p class=\"wp-block-paragraph\"><strong>\u00abNo les voy a fallar\u00bb<\/strong><\/p>\n\n\n\n<p class=\"wp-block-paragraph\">Al finalizar su mensaje de casi una hora, la presidenta Claudia Sheinbaum Pardo reiter\u00f3 que no le fallar\u00e1 al pueblo y que \u00abvamos por el camino correcto\u00bb.<\/p>\n\n\n\n<p class=\"wp-block-paragraph\">\u00abDesde este Z\u00f3calo hist\u00f3rico, reafirmamos nuestro compromiso con la cuarta transformaci\u00f3n de la vida p\u00fablica de M\u00e9xico. Una transformaci\u00f3n que le pertenece al pueblo. Como lo dije desde el primer momento ante ustedes: No les voy a fallar. Mi compromiso es con el pueblo y sigue siendo entregar mi alma, mi vida y lo mejor de m\u00ed misma por el bienestar del pueblo de M\u00e9xico. Mi compromiso es defender a la patria\u00bb.<\/p>\n\n\n\n<p class=\"wp-block-paragraph\">\u00abMi compromiso con ustedes es ser una Presidenta que sea a la altura de la generosidad y la grandeza de nuestra historia y del pueblo de M\u00e9xico. \u00a1Qu\u00e9 viva la dignidad del pueblo de M\u00e9xico! \u00a1Qu\u00e9 viva M\u00e9xico libre, independiente y soberano! \u00a1Qu\u00e9 viva por siempre M\u00e9xico! \u00a1Que viva M\u00e9xico!\u00bb.<\/p>\n\n\n\n<p class=\"wp-block-paragraph\"><em>Con informaci\u00f3n de El Universal<\/em>.<\/p>\n","protected":false},"excerpt":{"rendered":"<p>Ciudad de M\u00e9xico.- Al reafirmar su compromiso con los principios de la llamada Cuarta Transformaci\u00f3n, la presidenta Claudia Sheinbaum Pardo advirti\u00f3 que quien robe y traicione al pueblo, enfrentar\u00e1 la justicia. Al encabezar la ceremonia por su primer a\u00f1o de gobierno ante miles de personas en el Z\u00f3calo de la Ciudad de M\u00e9xico lleno, la [&hellip;]<\/p>\n","protected":false},"author":6,"featured_media":69628,"comment_status":"closed","ping_status":"closed","sticky":false,"template":"","format":"standard","meta":{"_acf_changed":false,"_monsterinsights_skip_tracking":false,"slim_seo":{"title":"\"Quien robe y traicione al pueblo, enfrentar\u00e1 la justicia\"; advierte Sheinbaum a un a\u00f1o de su gobierno - Opini\u00f3n P\u00fablica","description":"Ciudad de M\u00e9xico .- Al reafirmar su compromiso con los principios de la llamada Cuarta Transformaci\u00f3n, la presidenta Claudia Sheinbaum Pardo advirti\u00f3 que quien"},"footnotes":""},"categories":[3],"tags":[],"class_list":["post-69625","post","type-post","status-publish","format-standard","has-post-thumbnail","hentry","category-principal"],"acf":[],"_links":{"self":[{"href":"https:\/\/www.opinionpublica.tv\/portada\/wp-json\/wp\/v2\/posts\/69625","targetHints":{"allow":["GET"]}}],"collection":[{"href":"https:\/\/www.opinionpublica.tv\/portada\/wp-json\/wp\/v2\/posts"}],"about":[{"href":"https:\/\/www.opinionpublica.tv\/portada\/wp-json\/wp\/v2\/types\/post"}],"author":[{"embeddable":true,"href":"https:\/\/www.opinionpublica.tv\/portada\/wp-json\/wp\/v2\/users\/6"}],"replies":[{"embeddable":true,"href":"https:\/\/www.opinionpublica.tv\/portada\/wp-json\/wp\/v2\/comments?post=69625"}],"version-history":[{"count":3,"href":"https:\/\/www.opinionpublica.tv\/portada\/wp-json\/wp\/v2\/posts\/69625\/revisions"}],"predecessor-version":[{"id":69629,"href":"https:\/\/www.opinionpublica.tv\/portada\/wp-json\/wp\/v2\/posts\/69625\/revisions\/69629"}],"wp:featuredmedia":[{"embeddable":true,"href":"https:\/\/www.opinionpublica.tv\/portada\/wp-json\/wp\/v2\/media\/69628"}],"wp:attachment":[{"href":"https:\/\/www.opinionpublica.tv\/portada\/wp-json\/wp\/v2\/media?parent=69625"}],"wp:term":[{"taxonomy":"category","embeddable":true,"href":"https:\/\/www.opinionpublica.tv\/portada\/wp-json\/wp\/v2\/categories?post=69625"},{"taxonomy":"post_tag","embeddable":true,"href":"https:\/\/www.opinionpublica.tv\/portada\/wp-json\/wp\/v2\/tags?post=69625"}],"curies":[{"name":"wp","href":"https:\/\/api.w.org\/{rel}","templated":true}]}}