{"id":69620,"date":"2025-10-06T00:01:00","date_gmt":"2025-10-06T06:01:00","guid":{"rendered":"https:\/\/www.opinionpublica.tv\/portada\/?p=69620"},"modified":"2025-10-05T13:51:29","modified_gmt":"2025-10-05T19:51:29","slug":"video-la-4t-prefiere-cubrir-el-cochinero-de-la-corrupcion-hector-de-mauleon","status":"publish","type":"post","link":"https:\/\/www.opinionpublica.tv\/portada\/video-la-4t-prefiere-cubrir-el-cochinero-de-la-corrupcion-hector-de-mauleon\/","title":{"rendered":"Video: La 4T prefiere cubrir el cochinero de la corrupci\u00f3n | H\u00e9ctor de Maule\u00f3n | Latinus"},"content":{"rendered":"\n<p class=\"wp-block-paragraph\"><a href=\"https:\/\/www.youtube.com\/@Latinusus\"><\/a><\/p>\n\n\n\n<figure class=\"wp-block-embed is-type-video is-provider-youtube wp-block-embed-youtube wp-embed-aspect-16-9 wp-has-aspect-ratio\"><div class=\"wp-block-embed__wrapper\">\n<iframe title=\"La 4T prefiere cubrir el cochinero de la corrupci\u00f3n: H\u00e9ctor de Maule\u00f3n\" width=\"800\" height=\"450\" src=\"https:\/\/www.youtube.com\/embed\/PotUZMYrMtI?feature=oembed\" frameborder=\"0\" allow=\"accelerometer; autoplay; clipboard-write; encrypted-media; gyroscope; picture-in-picture; web-share\" referrerpolicy=\"strict-origin-when-cross-origin\" allowfullscreen><\/iframe>\n<\/div><\/figure>\n\n\n\n<p class=\"wp-block-paragraph\">El periodista e historiador, H\u00e9ctor de Maule\u00f3n, asegura que la 4T ha preferido \u00abcubrir el cochinero de la corrupci\u00f3n\u00bb del senador Ad\u00e1n Augusto L\u00f3pez y otros personajes para no afectar la imagen de Morena.<\/p>\n\n\n\n<p class=\"wp-block-paragraph\"><em>Cr\u00e9ditos: Latinus<\/em>.<\/p>\n","protected":false},"excerpt":{"rendered":"<p>El periodista e historiador, H\u00e9ctor de Maule\u00f3n, asegura que la 4T ha preferido \u00abcubrir el cochinero de la corrupci\u00f3n\u00bb del senador Ad\u00e1n Augusto L\u00f3pez y otros personajes para no afectar la imagen de Morena. Cr\u00e9ditos: Latinus.<\/p>\n","protected":false},"author":6,"featured_media":69623,"comment_status":"closed","ping_status":"closed","sticky":false,"template":"","format":"standard","meta":{"_acf_changed":false,"_monsterinsights_skip_tracking":false,"slim_seo":{"title":"Video: La 4T prefiere cubrir el cochinero de la corrupci\u00f3n | H\u00e9ctor de Maule\u00f3n | Latinus - Opini\u00f3n P\u00fablica","description":"https:\/\/youtu.be\/PotUZMYrMtI?si=UtE8339_8z5zEPG9 El periodista e historiador, H\u00e9ctor de Maule\u00f3n, asegura que la 4T ha preferido \"cubrir el cochinero de la corru"},"footnotes":""},"categories":[2,13,8],"tags":[],"class_list":["post-69620","post","type-post","status-publish","format-standard","has-post-thumbnail","hentry","category-videos-destacados","category-videos-destacados-contenido","category-videos"],"acf":[],"_links":{"self":[{"href":"https:\/\/www.opinionpublica.tv\/portada\/wp-json\/wp\/v2\/posts\/69620","targetHints":{"allow":["GET"]}}],"collection":[{"href":"https:\/\/www.opinionpublica.tv\/portada\/wp-json\/wp\/v2\/posts"}],"about":[{"href":"https:\/\/www.opinionpublica.tv\/portada\/wp-json\/wp\/v2\/types\/post"}],"author":[{"embeddable":true,"href":"https:\/\/www.opinionpublica.tv\/portada\/wp-json\/wp\/v2\/users\/6"}],"replies":[{"embeddable":true,"href":"https:\/\/www.opinionpublica.tv\/portada\/wp-json\/wp\/v2\/comments?post=69620"}],"version-history":[{"count":2,"href":"https:\/\/www.opinionpublica.tv\/portada\/wp-json\/wp\/v2\/posts\/69620\/revisions"}],"predecessor-version":[{"id":69624,"href":"https:\/\/www.opinionpublica.tv\/portada\/wp-json\/wp\/v2\/posts\/69620\/revisions\/69624"}],"wp:featuredmedia":[{"embeddable":true,"href":"https:\/\/www.opinionpublica.tv\/portada\/wp-json\/wp\/v2\/media\/69623"}],"wp:attachment":[{"href":"https:\/\/www.opinionpublica.tv\/portada\/wp-json\/wp\/v2\/media?parent=69620"}],"wp:term":[{"taxonomy":"category","embeddable":true,"href":"https:\/\/www.opinionpublica.tv\/portada\/wp-json\/wp\/v2\/categories?post=69620"},{"taxonomy":"post_tag","embeddable":true,"href":"https:\/\/www.opinionpublica.tv\/portada\/wp-json\/wp\/v2\/tags?post=69620"}],"curies":[{"name":"wp","href":"https:\/\/api.w.org\/{rel}","templated":true}]}}