{"id":69545,"date":"2025-10-04T00:01:00","date_gmt":"2025-10-04T06:01:00","guid":{"rendered":"https:\/\/www.opinionpublica.tv\/portada\/?p=69545"},"modified":"2025-10-03T21:15:28","modified_gmt":"2025-10-04T03:15:28","slug":"premia-gobierno-estatal-a-1-mil-491-estudiantes-de-excelencia-de-la-region-norte","status":"publish","type":"post","link":"https:\/\/www.opinionpublica.tv\/portada\/premia-gobierno-estatal-a-1-mil-491-estudiantes-de-excelencia-de-la-region-norte\/","title":{"rendered":"Premia gobierno estatal a 1 mil 491 estudiantes de excelencia de zona norte de Chihuahua"},"content":{"rendered":"\n<figure class=\"wp-block-image size-large\"><img fetchpriority=\"high\" decoding=\"async\" width=\"1024\" height=\"683\" src=\"https:\/\/www.opinionpublica.tv\/portada\/wp-content\/uploads\/2025\/10\/Premia-gobierno-estatal-a-1-mil-491-estudiantes-de-excelencia-de-zona-norte-de-Chihuahua-1024x683.jpeg\" alt=\"Premia gobierno estatal a 1 mil 491 estudiantes de excelencia de zona norte de chihuahua\" class=\"wp-image-69549\" srcset=\"https:\/\/www.opinionpublica.tv\/portada\/wp-content\/uploads\/2025\/10\/Premia-gobierno-estatal-a-1-mil-491-estudiantes-de-excelencia-de-zona-norte-de-Chihuahua-1024x683.jpeg 1024w, https:\/\/www.opinionpublica.tv\/portada\/wp-content\/uploads\/2025\/10\/Premia-gobierno-estatal-a-1-mil-491-estudiantes-de-excelencia-de-zona-norte-de-Chihuahua-300x200.jpeg 300w, https:\/\/www.opinionpublica.tv\/portada\/wp-content\/uploads\/2025\/10\/Premia-gobierno-estatal-a-1-mil-491-estudiantes-de-excelencia-de-zona-norte-de-Chihuahua-768x512.jpeg 768w, https:\/\/www.opinionpublica.tv\/portada\/wp-content\/uploads\/2025\/10\/Premia-gobierno-estatal-a-1-mil-491-estudiantes-de-excelencia-de-zona-norte-de-Chihuahua.jpeg 1280w\" sizes=\"(max-width: 1024px) 100vw, 1024px\" \/><\/figure>\n\n\n\n<p class=\"wp-block-paragraph\"><em>Ciudad Ju\u00e1rez, Chih<\/em>.- La Secretar\u00eda de Educaci\u00f3n y Deporte (SEyD), a trav\u00e9s del programa Generaci\u00f3n de Excelencia 2025, premi\u00f3 a mil 491 estudiantes con alto desempe\u00f1o acad\u00e9mico de planteles de educaci\u00f3n B\u00e1sica, Media Superior y Superior, pertenecientes a la regi\u00f3n norte.<\/p>\n\n\n\n<p class=\"wp-block-paragraph\">La ceremonia de premiaci\u00f3n fue encabezada por Jos\u00e9 de Jes\u00fas Granillo V\u00e1zquez, secretario de Hacienda, en representaci\u00f3n de la gobernadora Maru Campos.<\/p>\n\n\n\n<p class=\"wp-block-paragraph\">El funcionario reconoci\u00f3 a los alumnos por su compromiso y perseverancia para lograr metas importantes, como j\u00f3venes con visi\u00f3n, pasi\u00f3n de aprender y de construir un futuro mejor.<\/p>\n\n\n\n<p class=\"wp-block-paragraph\">A su vez, el subsecretario de Educaci\u00f3n en la Zona Norte, Maurilio Fuentes Estrada, indic\u00f3 que generaci\u00f3n tiene como objetivo reconocer el esfuerzo de los alumnos por alcanzar la excelencia acad\u00e9mica durante su transitar por la educaci\u00f3n secundaria, Media Superior y Superior.<\/p>\n\n\n\n<p class=\"wp-block-paragraph\">Nohem\u00ed Dami\u00e1n de Paz, alumna del Instituto de Ingenier\u00eda y Tecnolog\u00eda (IIT) de la UACJ, fue la encargada de brindar un mensaje de agradecimiento a nombre de los participantes.<\/p>\n\n\n\n<p class=\"wp-block-paragraph\">Un total de 6 mil 649 alumnas y alumnos de los municipios de Ahumada, Guadalupe, Pr\u00e1xedis G. Guerrero y Ju\u00e1rez, participaron en el sorteo de mil 491 premios, con una inversi\u00f3n de 2 millones 981 mil pesos.<\/p>\n\n\n\n<p class=\"wp-block-paragraph\">Fueron rifadas laptops, tabletas electr\u00f3nicas, celulares, bocinas y relojes inteligentes, bicicletas y un autom\u00f3vil Renault Kwid \u00faltimo modelo, cuyo ganador fue Uziel God\u00ednez Rubio egresado de la carrera de Ingenier\u00eda Mecatr\u00f3nica de la Universidad Tecnol\u00f3gica de Ciudad Ju\u00e1rez (UTCJ), con un promedio de 10.<\/p>\n\n\n\n<p class=\"wp-block-paragraph\">God\u00ednez Rubio expres\u00f3 su agradecimiento al Gobierno del Estado, en particular a la gobernadora Maru Campos y comparti\u00f3 que hasta ahora su medio de transporte habitual era el transporte p\u00fablico.<\/p>\n\n\n\n<p class=\"wp-block-paragraph\">Cabe se\u00f1alar que desde el a\u00f1o 2005 a la fecha, el programa Generaci\u00f3n de Excelencia ha reconocido a m\u00e1s de 225 mil estudiantes de todos los niveles educativos en el estado.<\/p>\n","protected":false},"excerpt":{"rendered":"<p>Ciudad Ju\u00e1rez, Chih.- La Secretar\u00eda de Educaci\u00f3n y Deporte (SEyD), a trav\u00e9s del programa Generaci\u00f3n de Excelencia 2025, premi\u00f3 a mil 491 estudiantes con alto desempe\u00f1o acad\u00e9mico de planteles de educaci\u00f3n B\u00e1sica, Media Superior y Superior, pertenecientes a la regi\u00f3n norte. La ceremonia de premiaci\u00f3n fue encabezada por Jos\u00e9 de Jes\u00fas Granillo V\u00e1zquez, secretario de [&hellip;]<\/p>\n","protected":false},"author":6,"featured_media":69549,"comment_status":"closed","ping_status":"closed","sticky":false,"template":"","format":"standard","meta":{"_acf_changed":false,"_monsterinsights_skip_tracking":false,"slim_seo":{"title":"Premia gobierno estatal a 1 mil 491 estudiantes de excelencia de zona norte de Chihuahua - Opini\u00f3n P\u00fablica","description":"Ciudad Ju\u00e1rez, Chih .- La Secretar\u00eda de Educaci\u00f3n y Deporte (SEyD), a trav\u00e9s del programa Generaci\u00f3n de Excelencia 2025, premi\u00f3 a mil 491 estudiantes con alto d"},"footnotes":""},"categories":[11],"tags":[],"class_list":["post-69545","post","type-post","status-publish","format-standard","has-post-thumbnail","hentry","category-tendencias"],"acf":[],"_links":{"self":[{"href":"https:\/\/www.opinionpublica.tv\/portada\/wp-json\/wp\/v2\/posts\/69545","targetHints":{"allow":["GET"]}}],"collection":[{"href":"https:\/\/www.opinionpublica.tv\/portada\/wp-json\/wp\/v2\/posts"}],"about":[{"href":"https:\/\/www.opinionpublica.tv\/portada\/wp-json\/wp\/v2\/types\/post"}],"author":[{"embeddable":true,"href":"https:\/\/www.opinionpublica.tv\/portada\/wp-json\/wp\/v2\/users\/6"}],"replies":[{"embeddable":true,"href":"https:\/\/www.opinionpublica.tv\/portada\/wp-json\/wp\/v2\/comments?post=69545"}],"version-history":[{"count":3,"href":"https:\/\/www.opinionpublica.tv\/portada\/wp-json\/wp\/v2\/posts\/69545\/revisions"}],"predecessor-version":[{"id":69550,"href":"https:\/\/www.opinionpublica.tv\/portada\/wp-json\/wp\/v2\/posts\/69545\/revisions\/69550"}],"wp:featuredmedia":[{"embeddable":true,"href":"https:\/\/www.opinionpublica.tv\/portada\/wp-json\/wp\/v2\/media\/69549"}],"wp:attachment":[{"href":"https:\/\/www.opinionpublica.tv\/portada\/wp-json\/wp\/v2\/media?parent=69545"}],"wp:term":[{"taxonomy":"category","embeddable":true,"href":"https:\/\/www.opinionpublica.tv\/portada\/wp-json\/wp\/v2\/categories?post=69545"},{"taxonomy":"post_tag","embeddable":true,"href":"https:\/\/www.opinionpublica.tv\/portada\/wp-json\/wp\/v2\/tags?post=69545"}],"curies":[{"name":"wp","href":"https:\/\/api.w.org\/{rel}","templated":true}]}}