{"id":69498,"date":"2025-10-03T00:01:00","date_gmt":"2025-10-03T06:01:00","guid":{"rendered":"https:\/\/www.opinionpublica.tv\/portada\/?p=69498"},"modified":"2025-10-02T20:19:08","modified_gmt":"2025-10-03T02:19:08","slug":"el-fuero-se-va-y-los-miedos-se-quedan","status":"publish","type":"post","link":"https:\/\/www.opinionpublica.tv\/portada\/el-fuero-se-va-y-los-miedos-se-quedan\/","title":{"rendered":"El fuero se va (y los miedos se quedan)"},"content":{"rendered":"\n<h4 class=\"wp-block-heading\">Ra\u00fal Ruiz<\/h4>\n\n\n\n<p class=\"wp-block-paragraph\">____________________________<\/p>\n\n\n\n<p class=\"wp-block-paragraph\">La ma\u00f1ana del 1 de octubre de 2025, mientras el sol apenas se desperezaba sobre la Rep\u00fablica, Claudia Sheinbaum anunci\u00f3 lo impensable: que el fuero se va. As\u00ed, sin anestesia. Como quien dice \u201cya no hay pastel en la fiesta\u201d y deja a los comelones con la servilleta puesta y la boca seca.<\/p>\n\n\n\n<p class=\"wp-block-paragraph\">La presidenta, sin fuero propio desde 2018, decidi\u00f3 que si ella puede andar por la vida sin blindaje constitucional, los dem\u00e1s tambi\u00e9n pueden.<\/p>\n\n\n\n<p class=\"wp-block-paragraph\">Y ah\u00ed empez\u00f3 el temblor. No en la tierra, sino en las piernas de ciertos legisladores.<\/p>\n\n\n\n<p class=\"wp-block-paragraph\">Porque si el fuero se va, \u00bfqu\u00e9 ser\u00e1 de Ad\u00e1n Augusto L\u00f3pez, ese ap\u00f3stol del pragmatismo tabasque\u00f1o que aprendi\u00f3 a caminar sobre el lodo sin ensuciarse los zapatos?<\/p>\n\n\n\n<p class=\"wp-block-paragraph\">\u00bfQu\u00e9 ser\u00e1 de Alito Moreno, el eterno presidente del PRI, que ha sobrevivido m\u00e1s esc\u00e1ndalos que temporadas de \u201cLa Rosa de Guadalupe\u201d?<\/p>\n\n\n\n<p class=\"wp-block-paragraph\">\u00bfY Ricardo Monreal, el equilibrista de Zacatecas, que ha hecho del Senado un circo de tres pistas donde \u00e9l siempre cae parado?<\/p>\n\n\n\n<p class=\"wp-block-paragraph\">La iniciativa de Sheinbaum no es s\u00f3lo jur\u00eddica. Es quir\u00fargica. Es una lobotom\u00eda institucional que busca extirpar el tumor del privilegio procesal.<\/p>\n\n\n\n<p class=\"wp-block-paragraph\">Y claro, los que han vivido del fuero como quien vive del ox\u00edgeno, est\u00e1n ahora en terapia intensiva emocional.<\/p>\n\n\n\n<p class=\"wp-block-paragraph\">Porque sin fuero, el Congreso se convierte en un parque tem\u00e1tico de la rendici\u00f3n de cuentas. Y eso, para algunos, es m\u00e1s aterrador que un citatorio del Ministerio P\u00fablico.<\/p>\n\n\n\n<p class=\"wp-block-paragraph\">El Fuero: Ese Amigo Imaginario<\/p>\n\n\n\n<p class=\"wp-block-paragraph\">Desde 1824, el fuero ha sido el amigo imaginario de los legisladores. Ese que les susurra: \u201cNo te preocupes, puedes decir lo que quieras, hacer lo que quieras, y si te cachan, primero tienen que pedir permiso para juzgarte\u201d.<\/p>\n\n\n\n<p class=\"wp-block-paragraph\">Un escudo medieval en pleno siglo XXI. Un privilegio colonial que sobrevivi\u00f3 a la Independencia, la Reforma, la Revoluci\u00f3n y hasta al reguet\u00f3n.<\/p>\n\n\n\n<p class=\"wp-block-paragraph\">Pero ahora, Sheinbaum lo quiere fuera.<\/p>\n\n\n\n<p class=\"wp-block-paragraph\">Lo quiere en el basurero de la historia, junto con el maximato, el tapado y las conferencias de prensa de Vicente Fox.<\/p>\n\n\n\n<p class=\"wp-block-paragraph\">Y lo hace con una l\u00f3gica aplastante: si la presidenta no tiene fuero, \u00bfpor qu\u00e9 los diputados s\u00ed? \u00bfAcaso legislar es m\u00e1s peligroso que gobernar? \u00bfO ser\u00e1 que legislar implica m\u00e1s tentaciones?<\/p>\n\n\n\n<p class=\"wp-block-paragraph\">El Congreso: Zool\u00f3gico sin Jaulas.<\/p>\n\n\n\n<p class=\"wp-block-paragraph\">La eliminaci\u00f3n del fuero convierte al Congreso en un zool\u00f3gico sin jaulas.<\/p>\n\n\n\n<p class=\"wp-block-paragraph\">Y eso pone nerviosos a los leones, los tigres y los mapaches. Porque sin fuero, cada sesi\u00f3n legislativa puede terminar en una audiencia judicial. Cada voto puede ser una prueba. Cada discurso, una confesi\u00f3n.<\/p>\n\n\n\n<p class=\"wp-block-paragraph\">Ricardo Anaya, desde su exilio voluntario en el PowerPoint, ya prepara una nueva presentaci\u00f3n: \u201cC\u00f3mo sobrevivir sin fuero en cinco pasos\u201d.<\/p>\n\n\n\n<p class=\"wp-block-paragraph\">Lily T\u00e9llez, que ha hecho del Senado un set de televisi\u00f3n, teme que ahora sus mon\u00f3logos puedan tener consecuencias legales.<\/p>\n\n\n\n<p class=\"wp-block-paragraph\">Y Javier Corral, que alguna vez fue el palad\u00edn de la transparencia, ahora se pregunta si la transparencia incluye mostrar las cuentas bancarias. Y pagar las cuentas pendientes en Chihuahua.<\/p>\n\n\n\n<p class=\"wp-block-paragraph\">El Miedo: Ese Nuevo Asesor Legislativo.<\/p>\n\n\n\n<p class=\"wp-block-paragraph\">Con la iniciativa de Sheinbaum, el miedo se convierte en el nuevo asesor legislativo. Ya no basta con tener operadores pol\u00edticos, asesores jur\u00eddicos y community managers.<\/p>\n\n\n\n<p class=\"wp-block-paragraph\">Ahora se necesita un abogado penalista de cabecera. Porque cualquier desliz, cualquier contrato sospechoso, cualquier viaje a Dub\u00e1i con cargo al erario, puede terminar en una carpeta de investigaci\u00f3n.<\/p>\n\n\n\n<p class=\"wp-block-paragraph\">Y eso, claro, ha generado reacciones. La panista Kenia L\u00f3pez Rabad\u00e1n, presidenta de la C\u00e1mara de Diputados, dijo que el fuero \u201cno debe ser una licencia para violar la ley\u201d. Lo cual es cierto. Pero tambi\u00e9n es cierto que muchos lo han usado como tal. Como quien usa una credencial falsa para entrar al antro de la impunidad.<\/p>\n\n\n\n<p class=\"wp-block-paragraph\">La Cuarta Transformaci\u00f3n: Cirug\u00eda sin Anestesia.<\/p>\n\n\n\n<p class=\"wp-block-paragraph\">La eliminaci\u00f3n del fuero es parte de la cirug\u00eda mayor que representa la Cuarta Transformaci\u00f3n.<\/p>\n\n\n\n<p class=\"wp-block-paragraph\">Una cirug\u00eda sin anestesia, sin bistur\u00ed, sin consentimiento informado.<\/p>\n\n\n\n<p class=\"wp-block-paragraph\">Una cirug\u00eda que busca extirpar los privilegios, los blindajes, los pactos de impunidad. Y como toda cirug\u00eda, genera dolor. Pero tambi\u00e9n esperanza.<\/p>\n\n\n\n<p class=\"wp-block-paragraph\">Porque si se aprueba, los legisladores tendr\u00e1n que pensar dos veces antes de firmar, votar o declarar.<\/p>\n\n\n\n<p class=\"wp-block-paragraph\">Tendr\u00e1n que recordar que la ley ya no es un espejo deformante, sino un cristal transparente. Y eso, aunque inc\u00f3modo, es saludable.<\/p>\n\n\n\n<p class=\"wp-block-paragraph\">CJTOWN: Observatorio de la Ca\u00edda.<\/p>\n\n\n\n<p class=\"wp-block-paragraph\">Desde CJTOWN, observamos esta ca\u00edda del fuero como quien observa el derrumbe de una estatua.<\/p>\n\n\n\n<p class=\"wp-block-paragraph\">C\u00f3mo aquella que vimos caer con la efigie de Sadam Hussein, \u00bfLa recuerdan?<\/p>\n\n\n\n<p class=\"wp-block-paragraph\">Con mezcla de asombro, sarcasmo y jocosidad.<\/p>\n\n\n\n<p class=\"wp-block-paragraph\">Porque el fuero no es s\u00f3lo una figura jur\u00eddica. Es una actitud. Una forma de estar en el poder sin estar en la ley. Y ahora, esa actitud est\u00e1 en peligro de extinci\u00f3n.<\/p>\n\n\n\n<p class=\"wp-block-paragraph\">Los personajes que todav\u00eda se pasean por el Congreso como semidioses, ahora caminar\u00e1n como mortales.<\/p>\n\n\n\n<p class=\"wp-block-paragraph\">Con miedo al citatorio, al expediente, al juez. Y eso, aunque tragic\u00f3mico, es profundamente democr\u00e1tico.<\/p>\n\n\n\n<p class=\"wp-block-paragraph\">Ep\u00edlogo: El Fuero se Va, pero \u00bfQui\u00e9n se queda?<\/p>\n\n\n\n<p class=\"wp-block-paragraph\">El fuero se va. Pero los que lo usaron, lo abusaron y lo defendieron, se quedan.<\/p>\n\n\n\n<p class=\"wp-block-paragraph\">Se quedan con sus memorias, sus archivos, sus cuentas pendientes. Se quedan en la historia como los \u00faltimos defensores de un privilegio que ya no tiene lugar en el M\u00e9xico de Sheinbaum.<\/p>\n\n\n\n<p class=\"wp-block-paragraph\">Para m\u00ed, la iniciativa de la presidenta Sheinbaum representa un avance hacia la desmantelaci\u00f3n de privilegios heredados, alineado con su visi\u00f3n de un M\u00e9xico sin impunidad.<\/p>\n\n\n\n<p class=\"wp-block-paragraph\">Su \u00e9xito depender\u00e1 de la negociaci\u00f3n legislativa, pero ya genera un debate nacional sobre la verdadera igualdad ante la ley.<\/p>\n\n\n\n<p class=\"wp-block-paragraph\">Y mientras tanto, en CJTOWN, seguimos escribiendo.<\/p>\n\n\n\n<p class=\"wp-block-paragraph\">Porque si el fuero se va, la s\u00e1tira se queda. Y eso, queridos lectores, es lo \u00fanico que garantiza que la democracia no se convierta en una farsa.<\/p>\n","protected":false},"excerpt":{"rendered":"<p>Ra\u00fal Ruiz ____________________________ La ma\u00f1ana del 1 de octubre de 2025, mientras el sol apenas se desperezaba sobre la Rep\u00fablica, Claudia Sheinbaum anunci\u00f3 lo impensable: que el fuero se va. As\u00ed, sin anestesia. Como quien dice \u201cya no hay pastel en la fiesta\u201d y deja a los comelones con la servilleta puesta y la boca [&hellip;]<\/p>\n","protected":false},"author":6,"featured_media":43347,"comment_status":"closed","ping_status":"closed","sticky":false,"template":"","format":"standard","meta":{"_acf_changed":false,"_monsterinsights_skip_tracking":false,"slim_seo":{"title":"El fuero se va (y los miedos se quedan) - Opini\u00f3n P\u00fablica","description":"Ra\u00fal Ruiz ____________________________ La ma\u00f1ana del 1 de octubre de 2025, mientras el sol apenas se desperezaba sobre la Rep\u00fablica, Claudia Sheinbaum anunci\u00f3 l"},"footnotes":""},"categories":[21],"tags":[593],"class_list":["post-69498","post","type-post","status-publish","format-standard","has-post-thumbnail","hentry","category-cartapacio","tag-cartapacio"],"acf":[],"_links":{"self":[{"href":"https:\/\/www.opinionpublica.tv\/portada\/wp-json\/wp\/v2\/posts\/69498","targetHints":{"allow":["GET"]}}],"collection":[{"href":"https:\/\/www.opinionpublica.tv\/portada\/wp-json\/wp\/v2\/posts"}],"about":[{"href":"https:\/\/www.opinionpublica.tv\/portada\/wp-json\/wp\/v2\/types\/post"}],"author":[{"embeddable":true,"href":"https:\/\/www.opinionpublica.tv\/portada\/wp-json\/wp\/v2\/users\/6"}],"replies":[{"embeddable":true,"href":"https:\/\/www.opinionpublica.tv\/portada\/wp-json\/wp\/v2\/comments?post=69498"}],"version-history":[{"count":3,"href":"https:\/\/www.opinionpublica.tv\/portada\/wp-json\/wp\/v2\/posts\/69498\/revisions"}],"predecessor-version":[{"id":69501,"href":"https:\/\/www.opinionpublica.tv\/portada\/wp-json\/wp\/v2\/posts\/69498\/revisions\/69501"}],"wp:featuredmedia":[{"embeddable":true,"href":"https:\/\/www.opinionpublica.tv\/portada\/wp-json\/wp\/v2\/media\/43347"}],"wp:attachment":[{"href":"https:\/\/www.opinionpublica.tv\/portada\/wp-json\/wp\/v2\/media?parent=69498"}],"wp:term":[{"taxonomy":"category","embeddable":true,"href":"https:\/\/www.opinionpublica.tv\/portada\/wp-json\/wp\/v2\/categories?post=69498"},{"taxonomy":"post_tag","embeddable":true,"href":"https:\/\/www.opinionpublica.tv\/portada\/wp-json\/wp\/v2\/tags?post=69498"}],"curies":[{"name":"wp","href":"https:\/\/api.w.org\/{rel}","templated":true}]}}