{"id":6938,"date":"2016-11-01T07:00:00","date_gmt":"2016-11-01T06:00:00","guid":{"rendered":"https:\/\/www.opinionpublica.tv\/portada\/2016\/11\/01\/ofrendas-de-dia-de-muertos-en-mexico\/"},"modified":"2016-11-01T07:00:00","modified_gmt":"2016-11-01T06:00:00","slug":"ofrendas-de-dia-de-muertos-en-mexico","status":"publish","type":"post","link":"https:\/\/www.opinionpublica.tv\/portada\/ofrendas-de-dia-de-muertos-en-mexico\/","title":{"rendered":"Ofrendas de D\u00eda de Muertos en M\u00e9xico"},"content":{"rendered":"<p><img fetchpriority=\"high\" decoding=\"async\" class=\" size-full wp-image-6937\" src=\"https:\/\/www.opinionpublica.tv\/portada\/wp-content\/uploads\/2016\/11\/cbdc36bd56eef1b49a4218befad8fa79.jpg\" alt=\"\" width=\"445\" height=\"290\" srcset=\"https:\/\/www.opinionpublica.tv\/portada\/wp-content\/uploads\/2016\/11\/cbdc36bd56eef1b49a4218befad8fa79.jpg 445w, https:\/\/www.opinionpublica.tv\/portada\/wp-content\/uploads\/2016\/11\/cbdc36bd56eef1b49a4218befad8fa79-300x196.jpg 300w\" sizes=\"(max-width: 445px) 100vw, 445px\" \/><br \/>\n<!--more--><\/p>\n<p class=\"text\" style=\"text-align: justify;\">No hay una f\u00f3rmula para crear la ofrenda perfecta, cada qui\u00e9n adorna como puede y quiere, lo importante es recordar a los seres queridos, o m\u00e1s bien celebrarlos, porque de recordarlos, cada d\u00eda lo hacemos.<\/p>\n<p class=\"text\" style=\"text-align: justify;\">La diversidad reina en este festejo, es por ello que te mostraremos algunas de las ofrendas que se han realizado en todo el pa\u00eds.<\/p>\n<div id=\"image_a62e912947554968484969a216d6e056ppj1y1d0\" class=\"expandedElement\">\n<figure><picture><source srcset=\"https:\/\/p2.trrsf.com\/image\/fget\/cf\/940\/0\/images.terra.com\/2016\/11\/01\/tlaquepague.jpg\" media=\"(min-width:1280px)\" \/><source srcset=\"https:\/\/p2.trrsf.com\/image\/fget\/cf\/620\/0\/images.terra.com\/2016\/11\/01\/tlaquepague.jpg\" media=\"(min-width:1024px)\" \/><source srcset=\"https:\/\/p2.trrsf.com\/image\/fget\/cf\/460\/0\/images.terra.com\/2016\/11\/01\/tlaquepague.jpg\" media=\"(min-width:768px)\" \/><source srcset=\"https:\/\/p2.trrsf.com\/image\/fget\/cf\/320\/0\/images.terra.com\/2016\/11\/01\/tlaquepague.jpg\" media=\"(min-width:300px)\" \/><img decoding=\"async\" title=\" Notimex\" src=\"https:\/\/p2.trrsf.com\/image\/fget\/cf\/460\/0\/images.terra.com\/2016\/11\/01\/tlaquepague.jpg\" alt=\"Ofrenda en Tlaquepaque, Jalisco\" width=\"460\" \/><\/picture><figcaption>\n<div class=\"imageInfo\">\n<div class=\"lineSpacer\">\u00a0<\/div>\n<div class=\"caption\">Ofrenda en Tlaquepaque, Jalisco<\/div>\n<p><small class=\"copyright\">Foto: Notimex<\/small><\/div>\n<\/figcaption><\/figure>\n<\/div>\n<p class=\"text\">\u00a0<\/p>\n<div id=\"image_abffdd940789b87bfd532e532d60f0b7yqkxpsqn\" class=\"expandedElement\">\n<figure><picture><source srcset=\"https:\/\/p2.trrsf.com\/image\/fget\/cf\/940\/0\/images.terra.com\/2016\/11\/01\/ofrenda-en-cancun.JPG\" media=\"(min-width:1280px)\" \/><source srcset=\"https:\/\/p2.trrsf.com\/image\/fget\/cf\/620\/0\/images.terra.com\/2016\/11\/01\/ofrenda-en-cancun.JPG\" media=\"(min-width:1024px)\" \/><source srcset=\"https:\/\/p2.trrsf.com\/image\/fget\/cf\/460\/0\/images.terra.com\/2016\/11\/01\/ofrenda-en-cancun.JPG\" media=\"(min-width:768px)\" \/><source srcset=\"https:\/\/p2.trrsf.com\/image\/fget\/cf\/320\/0\/images.terra.com\/2016\/11\/01\/ofrenda-en-cancun.JPG\" media=\"(min-width:300px)\" \/><img decoding=\"async\" title=\" Notimex\" src=\"https:\/\/p2.trrsf.com\/image\/fget\/cf\/460\/0\/images.terra.com\/2016\/11\/01\/ofrenda-en-cancun.JPG\" alt=\"Ofrenda DIF Canc\u00fan\" width=\"460\" \/><\/picture><figcaption>\n<div class=\"imageInfo\">\n<div class=\"lineSpacer\">\u00a0<\/div>\n<div class=\"caption\">Ofrenda DIF Canc\u00fan<\/div>\n<p><small class=\"copyright\">Foto: Notimex<\/small><\/div>\n<\/figcaption><\/figure>\n<\/div>\n<p class=\"text\">\u00a0<\/p>\n<div id=\"image_53f472989320ee834e2e03cb34f8a86c2vingvrq\" class=\"expandedElement\">\n<figure><picture><source srcset=\"https:\/\/p2.trrsf.com\/image\/fget\/cf\/940\/0\/images.terra.com\/2016\/11\/01\/altar-del-chavo-del-ocho.jpg\" media=\"(min-width:1280px)\" \/><source srcset=\"https:\/\/p2.trrsf.com\/image\/fget\/cf\/620\/0\/images.terra.com\/2016\/11\/01\/altar-del-chavo-del-ocho.jpg\" media=\"(min-width:1024px)\" \/><source srcset=\"https:\/\/p2.trrsf.com\/image\/fget\/cf\/460\/0\/images.terra.com\/2016\/11\/01\/altar-del-chavo-del-ocho.jpg\" media=\"(min-width:768px)\" \/><source srcset=\"https:\/\/p2.trrsf.com\/image\/fget\/cf\/320\/0\/images.terra.com\/2016\/11\/01\/altar-del-chavo-del-ocho.jpg\" media=\"(min-width:300px)\" \/><img decoding=\"async\" title=\" Notimex\" src=\"https:\/\/p2.trrsf.com\/image\/fget\/cf\/460\/0\/images.terra.com\/2016\/11\/01\/altar-del-chavo-del-ocho.jpg\" alt=\"Altar al Chavo del 8 en Reynosa, Tamaulipas\" width=\"460\" \/><\/picture><figcaption>\n<div class=\"imageInfo\">\n<div class=\"lineSpacer\">\u00a0<\/div>\n<div class=\"caption\">Altar al Chavo del 8 en Reynosa, Tamaulipas<\/div>\n<p><small class=\"copyright\">Foto: Notimex<\/small><\/div>\n<\/figcaption><\/figure>\n<\/div>\n<p class=\"text\">\u00a0<\/p>\n<div id=\"image_59a9f6dd40fb52e7cadd8263b9fa9848igljjiz8\" class=\"expandedElement\">\n<figure><picture><source srcset=\"https:\/\/p2.trrsf.com\/image\/fget\/cf\/940\/0\/images.terra.com\/2016\/11\/01\/zocalo.jpg\" media=\"(min-width:1280px)\" \/><source srcset=\"https:\/\/p2.trrsf.com\/image\/fget\/cf\/620\/0\/images.terra.com\/2016\/11\/01\/zocalo.jpg\" media=\"(min-width:1024px)\" \/><source srcset=\"https:\/\/p2.trrsf.com\/image\/fget\/cf\/460\/0\/images.terra.com\/2016\/11\/01\/zocalo.jpg\" media=\"(min-width:768px)\" \/><source srcset=\"https:\/\/p2.trrsf.com\/image\/fget\/cf\/320\/0\/images.terra.com\/2016\/11\/01\/zocalo.jpg\" media=\"(min-width:300px)\" \/><img decoding=\"async\" title=\" Notimex\" src=\"https:\/\/p2.trrsf.com\/image\/fget\/cf\/460\/0\/images.terra.com\/2016\/11\/01\/zocalo.jpg\" alt=\"Z\u00f3calo CDMX\" width=\"460\" \/><\/picture><figcaption>\n<div class=\"imageInfo\">\n<div class=\"lineSpacer\">\u00a0<\/div>\n<div class=\"caption\">Z\u00f3calo CDMX<\/div>\n<p><small class=\"copyright\">Foto: Notimex<\/small><\/div>\n<\/figcaption><\/figure>\n<\/div>\n<div id=\"image_15ddd36040be2ae44a85025368e9283e1b9ylzj8\" class=\"expandedElement\">\n<figure><picture><source srcset=\"https:\/\/p2.trrsf.com\/image\/fget\/cf\/940\/0\/images.terra.com\/2016\/11\/01\/reynosa.JPG\" media=\"(min-width:1280px)\" \/><source srcset=\"https:\/\/p2.trrsf.com\/image\/fget\/cf\/620\/0\/images.terra.com\/2016\/11\/01\/reynosa.JPG\" media=\"(min-width:1024px)\" \/><source srcset=\"https:\/\/p2.trrsf.com\/image\/fget\/cf\/460\/0\/images.terra.com\/2016\/11\/01\/reynosa.JPG\" media=\"(min-width:768px)\" \/><source srcset=\"https:\/\/p2.trrsf.com\/image\/fget\/cf\/320\/0\/images.terra.com\/2016\/11\/01\/reynosa.JPG\" media=\"(min-width:300px)\" \/><img decoding=\"async\" title=\" Notimex\" src=\"https:\/\/p2.trrsf.com\/image\/fget\/cf\/460\/0\/images.terra.com\/2016\/11\/01\/reynosa.JPG\" alt=\"Reynosa, Tamaulipas\" width=\"460\" \/><\/picture><figcaption>\n<div class=\"imageInfo\">\n<div class=\"lineSpacer\">\u00a0<\/div>\n<div class=\"caption\">Reynosa, Tamaulipas<\/div>\n<p><small class=\"copyright\">Foto: Notimex<\/small><\/div>\n<\/figcaption><\/figure>\n<\/div>\n<div id=\"image_2c8b7aa04e4a2a2473d7840060e97c85vjv7ux4l\" class=\"expandedElement\">\n<figure><picture><source srcset=\"https:\/\/p2.trrsf.com\/image\/fget\/cf\/940\/0\/images.terra.com\/2016\/11\/01\/chihua.jpg\" media=\"(min-width:1280px)\" \/><source srcset=\"https:\/\/p2.trrsf.com\/image\/fget\/cf\/620\/0\/images.terra.com\/2016\/11\/01\/chihua.jpg\" media=\"(min-width:1024px)\" \/><source srcset=\"https:\/\/p2.trrsf.com\/image\/fget\/cf\/460\/0\/images.terra.com\/2016\/11\/01\/chihua.jpg\" media=\"(min-width:768px)\" \/><source srcset=\"https:\/\/p2.trrsf.com\/image\/fget\/cf\/320\/0\/images.terra.com\/2016\/11\/01\/chihua.jpg\" media=\"(min-width:300px)\" \/><img decoding=\"async\" title=\" Notimex\" src=\"https:\/\/p2.trrsf.com\/image\/fget\/cf\/460\/0\/images.terra.com\/2016\/11\/01\/chihua.jpg\" alt=\"Reynosa, Tamaulipas\" width=\"460\" \/><\/picture><figcaption>\n<div class=\"imageInfo\">\n<div class=\"lineSpacer\">\u00a0<\/div>\n<div class=\"caption\">Reynosa, Tamaulipas<\/div>\n<p><small class=\"copyright\">Foto: Notimex<\/small><\/div>\n<\/figcaption><\/figure>\n<\/div>\n","protected":false},"excerpt":{"rendered":"","protected":false},"author":1,"featured_media":6937,"comment_status":"open","ping_status":"open","sticky":false,"template":"","format":"standard","meta":{"_acf_changed":false,"_monsterinsights_skip_tracking":false,"slim_seo":{"title":"Ofrendas de D\u00eda de Muertos en M\u00e9xico - Opini\u00f3n P\u00fablica","description":"No hay una f\u00f3rmula para crear la ofrenda perfecta, cada qui\u00e9n adorna como puede y quiere, lo importante es recordar a los seres queridos, o m\u00e1s bien celebrarlos"},"footnotes":""},"categories":[15],"tags":[],"class_list":["post-6938","post","type-post","status-publish","format-standard","has-post-thumbnail","hentry","category-galerias"],"acf":[],"_links":{"self":[{"href":"https:\/\/www.opinionpublica.tv\/portada\/wp-json\/wp\/v2\/posts\/6938","targetHints":{"allow":["GET"]}}],"collection":[{"href":"https:\/\/www.opinionpublica.tv\/portada\/wp-json\/wp\/v2\/posts"}],"about":[{"href":"https:\/\/www.opinionpublica.tv\/portada\/wp-json\/wp\/v2\/types\/post"}],"author":[{"embeddable":true,"href":"https:\/\/www.opinionpublica.tv\/portada\/wp-json\/wp\/v2\/users\/1"}],"replies":[{"embeddable":true,"href":"https:\/\/www.opinionpublica.tv\/portada\/wp-json\/wp\/v2\/comments?post=6938"}],"version-history":[{"count":0,"href":"https:\/\/www.opinionpublica.tv\/portada\/wp-json\/wp\/v2\/posts\/6938\/revisions"}],"wp:featuredmedia":[{"embeddable":true,"href":"https:\/\/www.opinionpublica.tv\/portada\/wp-json\/wp\/v2\/media\/6937"}],"wp:attachment":[{"href":"https:\/\/www.opinionpublica.tv\/portada\/wp-json\/wp\/v2\/media?parent=6938"}],"wp:term":[{"taxonomy":"category","embeddable":true,"href":"https:\/\/www.opinionpublica.tv\/portada\/wp-json\/wp\/v2\/categories?post=6938"},{"taxonomy":"post_tag","embeddable":true,"href":"https:\/\/www.opinionpublica.tv\/portada\/wp-json\/wp\/v2\/tags?post=6938"}],"curies":[{"name":"wp","href":"https:\/\/api.w.org\/{rel}","templated":true}]}}