{"id":69360,"date":"2025-10-01T00:01:00","date_gmt":"2025-10-01T06:01:00","guid":{"rendered":"https:\/\/www.opinionpublica.tv\/portada\/?p=69360"},"modified":"2025-09-30T19:44:52","modified_gmt":"2025-10-01T01:44:52","slug":"realizan-foro-contra-reclutamiento-de-ninas-ninos-y-adolescentes-en-actividades-delictivas","status":"publish","type":"post","link":"https:\/\/www.opinionpublica.tv\/portada\/realizan-foro-contra-reclutamiento-de-ninas-ninos-y-adolescentes-en-actividades-delictivas\/","title":{"rendered":"Realizan foro vs reclutamiento de ni\u00f1os y adolescentes en actividades delictivas"},"content":{"rendered":"\n<figure class=\"wp-block-image size-large\"><img fetchpriority=\"high\" decoding=\"async\" width=\"1024\" height=\"682\" src=\"https:\/\/www.opinionpublica.tv\/portada\/wp-content\/uploads\/2025\/09\/Realizan-foro-vs-reclutamiento-de-ninos-y-adolescentes-en-actividades-delictivas-1024x682.jpeg\" alt=\"Realizan foro vs reclutamiento de nin\u0303os y adolescentes en actividades delictivas\" class=\"wp-image-69365\" srcset=\"https:\/\/www.opinionpublica.tv\/portada\/wp-content\/uploads\/2025\/09\/Realizan-foro-vs-reclutamiento-de-ninos-y-adolescentes-en-actividades-delictivas-1024x682.jpeg 1024w, https:\/\/www.opinionpublica.tv\/portada\/wp-content\/uploads\/2025\/09\/Realizan-foro-vs-reclutamiento-de-ninos-y-adolescentes-en-actividades-delictivas-300x200.jpeg 300w, https:\/\/www.opinionpublica.tv\/portada\/wp-content\/uploads\/2025\/09\/Realizan-foro-vs-reclutamiento-de-ninos-y-adolescentes-en-actividades-delictivas-768x512.jpeg 768w, https:\/\/www.opinionpublica.tv\/portada\/wp-content\/uploads\/2025\/09\/Realizan-foro-vs-reclutamiento-de-ninos-y-adolescentes-en-actividades-delictivas-1536x1023.jpeg 1536w, https:\/\/www.opinionpublica.tv\/portada\/wp-content\/uploads\/2025\/09\/Realizan-foro-vs-reclutamiento-de-ninos-y-adolescentes-en-actividades-delictivas.jpeg 1600w\" sizes=\"(max-width: 1024px) 100vw, 1024px\" \/><\/figure>\n\n\n\n<p class=\"wp-block-paragraph\"><em>Ciudad Ju\u00e1rez, Chih<\/em>.- Con el objetivo de prevenir el reclutamiento de ni\u00f1as, ni\u00f1os y adolescentes en actividades delictivas, se llev\u00f3 a cabo el Foro Municipal de Prevenci\u00f3n del Reclutamiento y Utilizaci\u00f3n de Ni\u00f1as, Ni\u00f1os y Adolescentes en Ciudad Ju\u00e1rez, un espacio de reflexi\u00f3n y di\u00e1logo convocado por el Gobierno Municipal, en coordinaci\u00f3n con organismos internacionales, sociedad civil y representantes legislativos.<\/p>\n\n\n\n<p class=\"wp-block-paragraph\">El objetivo del foro fue definir acciones prioritarias que permitan reducir el riesgo de que ni\u00f1as, ni\u00f1os y adolescentes (NNA) sean incorporados a din\u00e1micas de la delincuencia organizada, as\u00ed como identificar los retos t\u00e9cnicos y pol\u00edticos para fortalecer su protecci\u00f3n en el \u00e1mbito local.<\/p>\n\n\n\n<p class=\"wp-block-paragraph\">La presidenta del DIF Municipal, Rub\u00ed Enr\u00edquez, subray\u00f3 la importancia de trabajar de manera conjunta con organismos civiles y acad\u00e9micos, al destacar que \u201clas ni\u00f1as y los ni\u00f1os, su lugar debe ser la escuela. El gobierno no puede solo, necesita de instituciones, sociedad civil y academia para que juntos podamos sacar a los ni\u00f1os de estas condiciones\u201d.<\/p>\n\n\n\n<p class=\"wp-block-paragraph\">Enr\u00edquez tambi\u00e9n adelant\u00f3 que la Presidenta de la Rep\u00fablica, Claudia Sheinbaum, lanzar\u00e1 pr\u00f3ximamente un programa enfocado en adolescentes de 12 a 16 a\u00f1os para su reinserci\u00f3n escolar.<\/p>\n\n\n\n<p class=\"wp-block-paragraph\">Por su parte, Laura Mar\u00edn, directora de SIPINNA Ju\u00e1rez, destac\u00f3 que el foro permitir\u00e1 trazar un mapeo real sobre c\u00f3mo y d\u00f3nde se da el reclutamiento de menores en la ciudad, reiterando el compromiso del alcalde Cruz P\u00e9rez Cu\u00e9llar y del DIF Municipal para impulsar pol\u00edticas de protecci\u00f3n a la ni\u00f1ez.<\/p>\n\n\n\n<p class=\"wp-block-paragraph\">En representaci\u00f3n de UNICEF M\u00e9xico, Ignacio L\u00f3pez, enfatiz\u00f3 que el reclutamiento de infantes siempre es forzado y que el reto es ofrecer alternativas reales a ni\u00f1as y ni\u00f1os en situaci\u00f3n de vulnerabilidad, subrayando que \u201ceste fen\u00f3meno no solo afecta su presente, tambi\u00e9n limita su futuro. Prevenirlo es una tarea que nos involucra a todos\u201d.<\/p>\n\n\n\n<p class=\"wp-block-paragraph\">A su vez, Jean Paul Aguilera, de FICOSEC Zona Norte, recalc\u00f3 que la prevenci\u00f3n y la reinserci\u00f3n son complementarias, al afirmar que \u201ccuando damos una segunda oportunidad a un adolescente, no solo cambiamos una vida, tambi\u00e9n fortalecemos la paz social y la competitividad de la comunidad\u201d.<\/p>\n\n\n\n<p class=\"wp-block-paragraph\">El foro se extendi\u00f3 y se plante\u00f3 como un primer paso para consolidar pol\u00edticas p\u00fablicas que atiendan de manera integral este fen\u00f3meno en Ciudad Ju\u00e1rez, a trav\u00e9s de la colaboraci\u00f3n entre gobierno, sociedad civil, academia, organismos internacionales y sector privado.<\/p>\n","protected":false},"excerpt":{"rendered":"<p>Ciudad Ju\u00e1rez, Chih.- Con el objetivo de prevenir el reclutamiento de ni\u00f1as, ni\u00f1os y adolescentes en actividades delictivas, se llev\u00f3 a cabo el Foro Municipal de Prevenci\u00f3n del Reclutamiento y Utilizaci\u00f3n de Ni\u00f1as, Ni\u00f1os y Adolescentes en Ciudad Ju\u00e1rez, un espacio de reflexi\u00f3n y di\u00e1logo convocado por el Gobierno Municipal, en coordinaci\u00f3n con organismos internacionales, [&hellip;]<\/p>\n","protected":false},"author":6,"featured_media":69365,"comment_status":"closed","ping_status":"closed","sticky":false,"template":"","format":"standard","meta":{"_acf_changed":false,"_monsterinsights_skip_tracking":false,"slim_seo":{"title":"Realizan foro vs reclutamiento de ni\u00f1os y adolescentes en actividades delictivas - Opini\u00f3n P\u00fablica","description":"Ciudad Ju\u00e1rez, Chih .- Con el objetivo de prevenir el reclutamiento de ni\u00f1as, ni\u00f1os y adolescentes en actividades delictivas, se llev\u00f3 a cabo el Foro Municipal"},"footnotes":""},"categories":[41],"tags":[],"class_list":["post-69360","post","type-post","status-publish","format-standard","has-post-thumbnail","hentry","category-juarez"],"acf":[],"_links":{"self":[{"href":"https:\/\/www.opinionpublica.tv\/portada\/wp-json\/wp\/v2\/posts\/69360","targetHints":{"allow":["GET"]}}],"collection":[{"href":"https:\/\/www.opinionpublica.tv\/portada\/wp-json\/wp\/v2\/posts"}],"about":[{"href":"https:\/\/www.opinionpublica.tv\/portada\/wp-json\/wp\/v2\/types\/post"}],"author":[{"embeddable":true,"href":"https:\/\/www.opinionpublica.tv\/portada\/wp-json\/wp\/v2\/users\/6"}],"replies":[{"embeddable":true,"href":"https:\/\/www.opinionpublica.tv\/portada\/wp-json\/wp\/v2\/comments?post=69360"}],"version-history":[{"count":4,"href":"https:\/\/www.opinionpublica.tv\/portada\/wp-json\/wp\/v2\/posts\/69360\/revisions"}],"predecessor-version":[{"id":69366,"href":"https:\/\/www.opinionpublica.tv\/portada\/wp-json\/wp\/v2\/posts\/69360\/revisions\/69366"}],"wp:featuredmedia":[{"embeddable":true,"href":"https:\/\/www.opinionpublica.tv\/portada\/wp-json\/wp\/v2\/media\/69365"}],"wp:attachment":[{"href":"https:\/\/www.opinionpublica.tv\/portada\/wp-json\/wp\/v2\/media?parent=69360"}],"wp:term":[{"taxonomy":"category","embeddable":true,"href":"https:\/\/www.opinionpublica.tv\/portada\/wp-json\/wp\/v2\/categories?post=69360"},{"taxonomy":"post_tag","embeddable":true,"href":"https:\/\/www.opinionpublica.tv\/portada\/wp-json\/wp\/v2\/tags?post=69360"}],"curies":[{"name":"wp","href":"https:\/\/api.w.org\/{rel}","templated":true}]}}