{"id":6936,"date":"2016-11-01T07:00:00","date_gmt":"2016-11-01T06:00:00","guid":{"rendered":"https:\/\/www.opinionpublica.tv\/portada\/2016\/11\/01\/nina-sobreviviente-de-cancer-se-suicida-por-bullying\/"},"modified":"2016-11-01T07:00:00","modified_gmt":"2016-11-01T06:00:00","slug":"nina-sobreviviente-de-cancer-se-suicida-por-bullying","status":"publish","type":"post","link":"https:\/\/www.opinionpublica.tv\/portada\/nina-sobreviviente-de-cancer-se-suicida-por-bullying\/","title":{"rendered":"Ni\u00f1a sobreviviente de c\u00e1ncer se suicida por bullying"},"content":{"rendered":"<p><img fetchpriority=\"high\" decoding=\"async\" class=\" size-full wp-image-6935\" src=\"https:\/\/www.opinionpublica.tv\/portada\/wp-content\/uploads\/2016\/11\/1b17286058d127164f8eacc154edfaaa.jpg\" alt=\"\" width=\"494\" height=\"545\" srcset=\"https:\/\/www.opinionpublica.tv\/portada\/wp-content\/uploads\/2016\/11\/1b17286058d127164f8eacc154edfaaa.jpg 494w, https:\/\/www.opinionpublica.tv\/portada\/wp-content\/uploads\/2016\/11\/1b17286058d127164f8eacc154edfaaa-272x300.jpg 272w\" sizes=\"(max-width: 494px) 100vw, 494px\" \/><br \/>\n<!--more--><\/p>\n<p style=\"text-align: justify;\">Bethany Thompson vivi\u00f3 una terrible pesadilla al luchar contra un tumor cancer\u00edgeno en el cerebro y cuando por fin logr\u00f3 librarse de esa enfermedad, vendr\u00eda algo a\u00fan peor\u00a0para lo que no estaba preparada, la crueldad y bullying de otros ni\u00f1os de su edad, por lo que no aguant\u00f3 m\u00e1s y decidi\u00f3 suicidarse.<\/p>\n<p style=\"text-align: justify;\">Con tan s\u00f3lo 11 a\u00f1os, la ni\u00f1a se hab\u00eda convertido en una sobreviviente del c\u00e1ncer cerebral pero al ser constantemente acosada y v\u00edctima de burlas por tener una\u00a0sonrisa \u201cchueca\u201d, debido a la enfermedad que padeci\u00f3,\u00a0termin\u00f3 con su vida.<\/p>\n<p style=\"text-align: justify;\">De acuerdo con Daily Mail ,\u00a0la ni\u00f1a lleg\u00f3 a su casa proveniente de la escuela, pero sus intenciones eran otras, fue al porche de su casa en Ohio y tom\u00f3 la decisi\u00f3n fatal de dispararse.<\/p>\n<p style=\"text-align: justify;\">\u201cCreo que ella estaba agotada. Sent\u00eda que nadie pod\u00eda hacer nada por ella (\u2026) La gente tiene que saber que incluso las cosas m\u00e1s peque\u00f1as pueden quebrar a alguien\u201d, cont\u00f3 su madre a los medios locales.<\/p>\n<p style=\"text-align: justify;\">Las autoridades explican que antes de cometer el suicidio , Bethany le cont\u00f3 a su mejor amiga sus intenciones.<\/p>\n<p class=\"text\">INFORMACI\u00d3N DE TERRA<\/p>\n","protected":false},"excerpt":{"rendered":"","protected":false},"author":1,"featured_media":6935,"comment_status":"open","ping_status":"open","sticky":false,"template":"","format":"standard","meta":{"_acf_changed":false,"_monsterinsights_skip_tracking":false,"slim_seo":{"title":"Ni\u00f1a sobreviviente de c\u00e1ncer se suicida por bullying - Opini\u00f3n P\u00fablica","description":"Bethany Thompson vivi\u00f3 una terrible pesadilla al luchar contra un tumor cancer\u00edgeno en el cerebro y cuando por fin logr\u00f3 librarse de esa enfermedad, vendr\u00eda alg"},"footnotes":""},"categories":[11],"tags":[],"class_list":["post-6936","post","type-post","status-publish","format-standard","has-post-thumbnail","hentry","category-tendencias"],"acf":[],"_links":{"self":[{"href":"https:\/\/www.opinionpublica.tv\/portada\/wp-json\/wp\/v2\/posts\/6936","targetHints":{"allow":["GET"]}}],"collection":[{"href":"https:\/\/www.opinionpublica.tv\/portada\/wp-json\/wp\/v2\/posts"}],"about":[{"href":"https:\/\/www.opinionpublica.tv\/portada\/wp-json\/wp\/v2\/types\/post"}],"author":[{"embeddable":true,"href":"https:\/\/www.opinionpublica.tv\/portada\/wp-json\/wp\/v2\/users\/1"}],"replies":[{"embeddable":true,"href":"https:\/\/www.opinionpublica.tv\/portada\/wp-json\/wp\/v2\/comments?post=6936"}],"version-history":[{"count":0,"href":"https:\/\/www.opinionpublica.tv\/portada\/wp-json\/wp\/v2\/posts\/6936\/revisions"}],"wp:featuredmedia":[{"embeddable":true,"href":"https:\/\/www.opinionpublica.tv\/portada\/wp-json\/wp\/v2\/media\/6935"}],"wp:attachment":[{"href":"https:\/\/www.opinionpublica.tv\/portada\/wp-json\/wp\/v2\/media?parent=6936"}],"wp:term":[{"taxonomy":"category","embeddable":true,"href":"https:\/\/www.opinionpublica.tv\/portada\/wp-json\/wp\/v2\/categories?post=6936"},{"taxonomy":"post_tag","embeddable":true,"href":"https:\/\/www.opinionpublica.tv\/portada\/wp-json\/wp\/v2\/tags?post=6936"}],"curies":[{"name":"wp","href":"https:\/\/api.w.org\/{rel}","templated":true}]}}