{"id":69314,"date":"2025-10-01T00:01:00","date_gmt":"2025-10-01T06:01:00","guid":{"rendered":"https:\/\/www.opinionpublica.tv\/portada\/?p=69314"},"modified":"2025-09-30T16:57:35","modified_gmt":"2025-09-30T22:57:35","slug":"sheinbaum-designa-a-alejandro-encinas-como-representante-de-mexico-ante-la-oea","status":"publish","type":"post","link":"https:\/\/www.opinionpublica.tv\/portada\/sheinbaum-designa-a-alejandro-encinas-como-representante-de-mexico-ante-la-oea\/","title":{"rendered":"Alejandro Encinas ser\u00e1 nuevo representante de M\u00e9xico ante la OEA, aprobar\u00e1 el Senado"},"content":{"rendered":"\n<figure class=\"wp-block-image size-full\"><img fetchpriority=\"high\" decoding=\"async\" width=\"770\" height=\"530\" src=\"https:\/\/www.opinionpublica.tv\/portada\/wp-content\/uploads\/2025\/09\/Alejandro-Encinas-sera-nuevo-representante-de-Mexico-ante-la-OEA-aprobara-el-Senado.webp\" alt=\"Alejandro encinas sera\u0301 nuevo representante de me\u0301xico ante la oea, aprobara\u0301 el senado\" class=\"wp-image-69325\" srcset=\"https:\/\/www.opinionpublica.tv\/portada\/wp-content\/uploads\/2025\/09\/Alejandro-Encinas-sera-nuevo-representante-de-Mexico-ante-la-OEA-aprobara-el-Senado.webp 770w, https:\/\/www.opinionpublica.tv\/portada\/wp-content\/uploads\/2025\/09\/Alejandro-Encinas-sera-nuevo-representante-de-Mexico-ante-la-OEA-aprobara-el-Senado-300x206.webp 300w, https:\/\/www.opinionpublica.tv\/portada\/wp-content\/uploads\/2025\/09\/Alejandro-Encinas-sera-nuevo-representante-de-Mexico-ante-la-OEA-aprobara-el-Senado-768x529.webp 768w\" sizes=\"(max-width: 770px) 100vw, 770px\" \/><\/figure>\n\n\n\n<p class=\"wp-block-paragraph\">La presidenta Claudia Sheinbaum design\u00f3 a Alejandro Encinas Rodr\u00edguez como pr\u00f3ximo representante de M\u00e9xico ante la Organizaci\u00f3n de los Estados Americanos (OEA).<\/p>\n\n\n\n<p class=\"wp-block-paragraph\">El nombramiento fue enviado al Senado por conducto de la Secretar\u00eda de Gobernaci\u00f3n y la Mesa Directiva lo turn\u00f3 a la Comisi\u00f3n de Relaciones Exteriores, que deber\u00e1 analizarlo y emitir un dictamen para su eventual ratificaci\u00f3n en el pleno.<\/p>\n\n\n\n<p class=\"wp-block-paragraph\">Encinas, pol\u00edtico de larga trayectoria, ha sido senador, subsecretario de Derechos Humanos en la Secretar\u00eda de Gobernaci\u00f3n y jefe de Gobierno interino del entonces Distrito Federal. En la actualidad se desempe\u00f1a como secretario de Planeaci\u00f3n, Ordenamiento Territorial y Coordinaci\u00f3n Metropolitana en la administraci\u00f3n capitalina.<\/p>\n\n\n\n<p class=\"wp-block-paragraph\">Proceso de ratificaci\u00f3n en el Senado<\/p>\n\n\n\n<p class=\"wp-block-paragraph\">De ser ratificado, Encinas tendr\u00e1 la encomienda de representar al pa\u00eds en uno de los organismos multilaterales m\u00e1s influyentes del hemisferio, donde se abordan temas de derechos humanos, democracia y cooperaci\u00f3n internacional. El proceso de ratificaci\u00f3n contempla comparecencias ante la Comisi\u00f3n de Relaciones Exteriores, en las que deber\u00e1 exponer sus objetivos y prioridades al frente de la misi\u00f3n mexicana.<\/p>\n\n\n\n<p class=\"wp-block-paragraph\">La Comisi\u00f3n de Relaciones Exteriores ser\u00e1 la encargada de discutir el nombramiento en los pr\u00f3ximos d\u00edas. De aprobarse, pasar\u00e1 al pleno del Senado para su votaci\u00f3n final, en cumplimiento con lo que establece la ley para designaciones de representantes diplom\u00e1ticos.<\/p>\n\n\n\n<p class=\"wp-block-paragraph\">El nombramiento cobra relevancia en un momento de tensiones entre M\u00e9xico y la OEA, luego de que el organismo cuestionara procesos judiciales internos, lo que fue calificado por Sheinbaum como una intromisi\u00f3n en asuntos pol\u00edticos nacionales. La designaci\u00f3n de Encinas se interpreta como un intento de fortalecer la representaci\u00f3n diplom\u00e1tica mexicana con un perfil experimentado en materia de derechos humanos y gesti\u00f3n pol\u00edtica.<\/p>\n\n\n\n<p class=\"wp-block-paragraph\">Ante se\u00f1alamientos de la OEA, Sheinbaum pugnar\u00e1 por el di\u00e1logo<\/p>\n\n\n\n<p class=\"wp-block-paragraph\"><strong>Trayectoria de Alejandro Encinas<\/strong><\/p>\n\n\n\n<p class=\"wp-block-paragraph\">La Organizaci\u00f3n de los Estados Americanos (OEA) est\u00e1 integrada actualmente por 32 pa\u00edses miembros activos, tras la salida de Venezuela en 2019 y la suspensi\u00f3n de Nicaragua en 2023. M\u00e9xico se adhiri\u00f3 en 1948 como miembro fundador. Alejandro Encinas Rodr\u00edguez (n. 1954) es licenciado en Econom\u00eda por la UNAM y ha sido militante tanto del PRD como de Morena.<\/p>\n\n\n\n<p class=\"wp-block-paragraph\">Entre sus cargos m\u00e1s relevantes destacan: diputado federal (1988-1991 y 2000-2003), senador de la Rep\u00fablica (2006-2012), jefe de Gobierno interino del Distrito Federal (2005-2006) y subsecretario de Derechos Humanos, Poblaci\u00f3n y Migraci\u00f3n en la Secretar\u00eda de Gobernaci\u00f3n (2018-2023).<\/p>\n\n\n\n<p class=\"wp-block-paragraph\">En este \u00faltimo encargo encabez\u00f3 la Comisi\u00f3n para la Verdad y Acceso a la Justicia en el caso Ayotzinapa. (Exc\u00e9lsior)<\/p>\n","protected":false},"excerpt":{"rendered":"<p>La presidenta Claudia Sheinbaum design\u00f3 a Alejandro Encinas Rodr\u00edguez como pr\u00f3ximo representante de M\u00e9xico ante la Organizaci\u00f3n de los Estados Americanos (OEA). El nombramiento fue enviado al Senado por conducto de la Secretar\u00eda de Gobernaci\u00f3n y la Mesa Directiva lo turn\u00f3 a la Comisi\u00f3n de Relaciones Exteriores, que deber\u00e1 analizarlo y emitir un dictamen para [&hellip;]<\/p>\n","protected":false},"author":6,"featured_media":69325,"comment_status":"closed","ping_status":"closed","sticky":false,"template":"","format":"standard","meta":{"_acf_changed":false,"_monsterinsights_skip_tracking":false,"slim_seo":{"title":"Alejandro Encinas ser\u00e1 nuevo representante de M\u00e9xico ante la OEA, aprobar\u00e1 el Senado - Opini\u00f3n P\u00fablica","description":"La presidenta Claudia Sheinbaum design\u00f3 a Alejandro Encinas Rodr\u00edguez como pr\u00f3ximo representante de M\u00e9xico ante la Organizaci\u00f3n de los Estados Americanos (OEA)."},"footnotes":""},"categories":[4],"tags":[],"class_list":["post-69314","post","type-post","status-publish","format-standard","has-post-thumbnail","hentry","category-pulsopolitico"],"acf":[],"_links":{"self":[{"href":"https:\/\/www.opinionpublica.tv\/portada\/wp-json\/wp\/v2\/posts\/69314","targetHints":{"allow":["GET"]}}],"collection":[{"href":"https:\/\/www.opinionpublica.tv\/portada\/wp-json\/wp\/v2\/posts"}],"about":[{"href":"https:\/\/www.opinionpublica.tv\/portada\/wp-json\/wp\/v2\/types\/post"}],"author":[{"embeddable":true,"href":"https:\/\/www.opinionpublica.tv\/portada\/wp-json\/wp\/v2\/users\/6"}],"replies":[{"embeddable":true,"href":"https:\/\/www.opinionpublica.tv\/portada\/wp-json\/wp\/v2\/comments?post=69314"}],"version-history":[{"count":8,"href":"https:\/\/www.opinionpublica.tv\/portada\/wp-json\/wp\/v2\/posts\/69314\/revisions"}],"predecessor-version":[{"id":69327,"href":"https:\/\/www.opinionpublica.tv\/portada\/wp-json\/wp\/v2\/posts\/69314\/revisions\/69327"}],"wp:featuredmedia":[{"embeddable":true,"href":"https:\/\/www.opinionpublica.tv\/portada\/wp-json\/wp\/v2\/media\/69325"}],"wp:attachment":[{"href":"https:\/\/www.opinionpublica.tv\/portada\/wp-json\/wp\/v2\/media?parent=69314"}],"wp:term":[{"taxonomy":"category","embeddable":true,"href":"https:\/\/www.opinionpublica.tv\/portada\/wp-json\/wp\/v2\/categories?post=69314"},{"taxonomy":"post_tag","embeddable":true,"href":"https:\/\/www.opinionpublica.tv\/portada\/wp-json\/wp\/v2\/tags?post=69314"}],"curies":[{"name":"wp","href":"https:\/\/api.w.org\/{rel}","templated":true}]}}