{"id":69291,"date":"2025-09-30T00:01:00","date_gmt":"2025-09-30T06:01:00","guid":{"rendered":"https:\/\/www.opinionpublica.tv\/portada\/?p=69291"},"modified":"2025-09-29T20:57:10","modified_gmt":"2025-09-30T02:57:10","slug":"ya-se-han-tramitado-mas-de-211-mil-engomados-ecologicos-en-lo-que-va-del-ano-alcalde","status":"publish","type":"post","link":"https:\/\/www.opinionpublica.tv\/portada\/ya-se-han-tramitado-mas-de-211-mil-engomados-ecologicos-en-lo-que-va-del-ano-alcalde\/","title":{"rendered":"Ya se han tramitado 211 mil engomados ecol\u00f3gicos en lo que va del a\u00f1o: P\u00e9rez Cu\u00e9llar"},"content":{"rendered":"\n<figure class=\"wp-block-image size-large\"><img fetchpriority=\"high\" decoding=\"async\" width=\"1024\" height=\"682\" src=\"https:\/\/www.opinionpublica.tv\/portada\/wp-content\/uploads\/2025\/09\/Ya-se-han-tramitado-211-mil-engomados-ecologicos-en-lo-que-va-del-ano-Perez-Cuellar-1024x682.jpeg\" alt=\"Ya se han tramitado 211 mil engomados ecolo\u0301gicos en lo que va del an\u0303o pe\u0301rez cue\u0301llar\" class=\"wp-image-69296\" srcset=\"https:\/\/www.opinionpublica.tv\/portada\/wp-content\/uploads\/2025\/09\/Ya-se-han-tramitado-211-mil-engomados-ecologicos-en-lo-que-va-del-ano-Perez-Cuellar-1024x682.jpeg 1024w, https:\/\/www.opinionpublica.tv\/portada\/wp-content\/uploads\/2025\/09\/Ya-se-han-tramitado-211-mil-engomados-ecologicos-en-lo-que-va-del-ano-Perez-Cuellar-300x200.jpeg 300w, https:\/\/www.opinionpublica.tv\/portada\/wp-content\/uploads\/2025\/09\/Ya-se-han-tramitado-211-mil-engomados-ecologicos-en-lo-que-va-del-ano-Perez-Cuellar-768x512.jpeg 768w, https:\/\/www.opinionpublica.tv\/portada\/wp-content\/uploads\/2025\/09\/Ya-se-han-tramitado-211-mil-engomados-ecologicos-en-lo-que-va-del-ano-Perez-Cuellar-1536x1023.jpeg 1536w, https:\/\/www.opinionpublica.tv\/portada\/wp-content\/uploads\/2025\/09\/Ya-se-han-tramitado-211-mil-engomados-ecologicos-en-lo-que-va-del-ano-Perez-Cuellar.jpeg 1600w\" sizes=\"(max-width: 1024px) 100vw, 1024px\" \/><\/figure>\n\n\n\n<p class=\"wp-block-paragraph\"><em>Ciudad Ju\u00e1rez, Chih<\/em>.- El presidente municipal, Cruz P\u00e9rez Cu\u00e9llar, dio a conocer que alrededor de 211 mil juarenses han tramitado el engomado ecol\u00f3gico en lo que va del presente a\u00f1o.<\/p>\n\n\n\n<p class=\"wp-block-paragraph\">El alcalde se\u00f1al\u00f3 que luego de extenderse el plazo por m\u00e1s de un mes, este 1 de octubre las personas que comentan alguna infracci\u00f3n vial, tendr\u00e1n que mostrar el engomado ecol\u00f3gico, ya que \u00fanicamente se le solicitar\u00e1 a quienes violen una norma de tr\u00e1nsito.<\/p>\n\n\n\n<p class=\"wp-block-paragraph\">\u201cCuando se cometa una infracci\u00f3n se va a solicitar el engomado pero no habr\u00e1 cacer\u00eda de brujas, no habr\u00e1 retenes, simplemente se incluye y se solicitar\u00e1 el engomado a quienes cometan alguna infracci\u00f3n\u201d, indic\u00f3.<\/p>\n\n\n\n<p class=\"wp-block-paragraph\">As\u00ed mismo pidi\u00f3 a la ciudadan\u00eda reportar cualquier anomal\u00eda.<\/p>\n\n\n\n<p class=\"wp-block-paragraph\">Las personas que quieran tramitar el engomado ecol\u00f3gico y cumplir con la verificaci\u00f3n vehicular, pueden acercarse a los centros de verificaci\u00f3n en:<\/p>\n\n\n\n<p class=\"wp-block-paragraph\">* Heroico Colegio Militar y avenida Universidad<\/p>\n\n\n\n<p class=\"wp-block-paragraph\">* Calle Nicol\u00e1s Bravo 1583, colonia Salv\u00e1rcar<\/p>\n\n\n\n<p class=\"wp-block-paragraph\">* \u00d3scar Flores 5834, fraccionamiento Lomas del Rey<\/p>\n\n\n\n<p class=\"wp-block-paragraph\">* Santiago Troncoso 10, fraccionamiento Horizontes del Sur<\/p>\n\n\n\n<p class=\"wp-block-paragraph\">* Tecnol\u00f3gico 2115, colonia Partido La Fuente<\/p>\n\n\n\n<p class=\"wp-block-paragraph\">* Tecnol\u00f3gico 5257, colonia La Cuesta<\/p>\n\n\n\n<p class=\"wp-block-paragraph\">* Camino Viejo a San Lorenzo 7990, colonia Partido Doblado<\/p>\n\n\n\n<p class=\"wp-block-paragraph\">* Calle Papaya 6308, colonia El Granjero<\/p>\n\n\n\n<p class=\"wp-block-paragraph\">* De las Torres 7638, colonia Fernando Baeza<\/p>\n\n\n\n<p class=\"wp-block-paragraph\">* Reforma 3109 y Municipio Libre, colonia Melchor Ocampo<\/p>\n\n\n\n<p class=\"wp-block-paragraph\">* Tzetzales 3080, colonia Azteca<\/p>\n\n\n\n<p class=\"wp-block-paragraph\">* Jilotepec 1533, colonia Salv\u00e1rcar<\/p>\n\n\n\n<p class=\"wp-block-paragraph\">* Puerto de Palos 1408, colonia Praderas de Oriente<\/p>\n\n\n\n<p class=\"wp-block-paragraph\">* Carretera Ju\u00e1rez Porvenir 880, ejido Zaragoza<\/p>\n\n\n\n<p class=\"wp-block-paragraph\">* Paseo Triunfo de la Rep\u00fablica 322-B, colonia San Lorenzo<\/p>\n\n\n\n<p class=\"wp-block-paragraph\">* G\u00f3mez Mor\u00edn 1583, colonia Sat\u00e9lite<\/p>\n\n\n\n<p class=\"wp-block-paragraph\">* \u00d3scar Flores 6571-13, colonia La Presa (Plaza Camila)<\/p>\n\n\n\n<p class=\"wp-block-paragraph\">* Paseo Triunfo de la Rep\u00fablica 746, colonia El Crucero<\/p>\n\n\n\n<p class=\"wp-block-paragraph\">* Calle Grosella<\/p>\n\n\n\n<p class=\"wp-block-paragraph\">* Manuel Talam\u00e1s Camandari 6946, colonia Puente Alto<\/p>\n\n\n\n<p class=\"wp-block-paragraph\">* Calle Gabriel Garc\u00eda M\u00e1rquez 6060, Infonavit Casas Grandes<\/p>\n\n\n\n<p class=\"wp-block-paragraph\">* Mesa Central 2774, colonia Olivia Espinoza<\/p>\n\n\n\n<p class=\"wp-block-paragraph\">* Plutarco El\u00edas Calles 279, El Colegio<\/p>\n\n\n\n<p class=\"wp-block-paragraph\">* Calle Manuel Herrera Lazo 505, colonia Manuel G\u00f3mez Mor\u00edn<\/p>\n\n\n\n<p class=\"wp-block-paragraph\">* Bulevar Norzagaray 3530, colonia Altavista<\/p>\n\n\n\n<p class=\"wp-block-paragraph\">* L\u00f3pez Mateos 2050 local G-8, colonia Jardines de San Jos\u00e9 (Plaza El Paseo)<\/p>\n\n\n\n<p class=\"wp-block-paragraph\">* Valle del Sol 1151-B, colonia Salv\u00e1rcar<\/p>\n\n\n\n<p class=\"wp-block-paragraph\">* Fray Servando Teresa de Mier 6405, San Lorenzo<\/p>\n\n\n\n<p class=\"wp-block-paragraph\">* Carretera Ju\u00e1rez Porvenir 1555, Ejido Zaragoza Distrito Bravo<\/p>\n\n\n\n<p class=\"wp-block-paragraph\">* Avenida De la Raza 5496, colonia Olimpia<\/p>\n\n\n\n<p class=\"wp-block-paragraph\">* Ram\u00f3n Ray\u00f3n y Humariza, colonia Praderas del Sol<\/p>\n\n\n\n<p class=\"wp-block-paragraph\">* Profesora Eliza Griensen 3150, colonia Revoluci\u00f3n<\/p>\n\n\n\n<p class=\"wp-block-paragraph\">* Perimetral Carlos Amaya 1510, colonia Azteca<\/p>\n\n\n\n<p class=\"wp-block-paragraph\">* Avenida 16 de Septiembre 775, colonia Centro<\/p>\n\n\n\n<p class=\"wp-block-paragraph\">* Miguel de la Madrid 7121, Colinas de Ju\u00e1rez<\/p>\n\n\n\n<p class=\"wp-block-paragraph\">* Pavo Real 3411, colonia Divisi\u00f3n del Norte * Bulevar Zaragoza 1823, colonia 1 de Mayo.<\/p>\n","protected":false},"excerpt":{"rendered":"<p>Ciudad Ju\u00e1rez, Chih.- El presidente municipal, Cruz P\u00e9rez Cu\u00e9llar, dio a conocer que alrededor de 211 mil juarenses han tramitado el engomado ecol\u00f3gico en lo que va del presente a\u00f1o. El alcalde se\u00f1al\u00f3 que luego de extenderse el plazo por m\u00e1s de un mes, este 1 de octubre las personas que comentan alguna infracci\u00f3n vial, [&hellip;]<\/p>\n","protected":false},"author":6,"featured_media":69296,"comment_status":"closed","ping_status":"closed","sticky":false,"template":"","format":"standard","meta":{"_acf_changed":false,"_monsterinsights_skip_tracking":false,"slim_seo":{"title":"Ya se han tramitado 211 mil engomados ecol\u00f3gicos en lo que va del a\u00f1o: P\u00e9rez Cu\u00e9llar - Opini\u00f3n P\u00fablica","description":"Ciudad Ju\u00e1rez, Chih .- El presidente municipal, Cruz P\u00e9rez Cu\u00e9llar, dio a conocer que alrededor de 211 mil juarenses han tramitado el engomado ecol\u00f3gico en lo q"},"footnotes":""},"categories":[41],"tags":[],"class_list":["post-69291","post","type-post","status-publish","format-standard","has-post-thumbnail","hentry","category-juarez"],"acf":[],"_links":{"self":[{"href":"https:\/\/www.opinionpublica.tv\/portada\/wp-json\/wp\/v2\/posts\/69291","targetHints":{"allow":["GET"]}}],"collection":[{"href":"https:\/\/www.opinionpublica.tv\/portada\/wp-json\/wp\/v2\/posts"}],"about":[{"href":"https:\/\/www.opinionpublica.tv\/portada\/wp-json\/wp\/v2\/types\/post"}],"author":[{"embeddable":true,"href":"https:\/\/www.opinionpublica.tv\/portada\/wp-json\/wp\/v2\/users\/6"}],"replies":[{"embeddable":true,"href":"https:\/\/www.opinionpublica.tv\/portada\/wp-json\/wp\/v2\/comments?post=69291"}],"version-history":[{"count":4,"href":"https:\/\/www.opinionpublica.tv\/portada\/wp-json\/wp\/v2\/posts\/69291\/revisions"}],"predecessor-version":[{"id":69297,"href":"https:\/\/www.opinionpublica.tv\/portada\/wp-json\/wp\/v2\/posts\/69291\/revisions\/69297"}],"wp:featuredmedia":[{"embeddable":true,"href":"https:\/\/www.opinionpublica.tv\/portada\/wp-json\/wp\/v2\/media\/69296"}],"wp:attachment":[{"href":"https:\/\/www.opinionpublica.tv\/portada\/wp-json\/wp\/v2\/media?parent=69291"}],"wp:term":[{"taxonomy":"category","embeddable":true,"href":"https:\/\/www.opinionpublica.tv\/portada\/wp-json\/wp\/v2\/categories?post=69291"},{"taxonomy":"post_tag","embeddable":true,"href":"https:\/\/www.opinionpublica.tv\/portada\/wp-json\/wp\/v2\/tags?post=69291"}],"curies":[{"name":"wp","href":"https:\/\/api.w.org\/{rel}","templated":true}]}}