{"id":6928,"date":"2016-11-01T07:00:00","date_gmt":"2016-11-01T06:00:00","guid":{"rendered":"https:\/\/www.opinionpublica.tv\/portada\/2016\/11\/01\/video-protesta-pro-trump-en-hollywood\/"},"modified":"2016-11-01T07:00:00","modified_gmt":"2016-11-01T06:00:00","slug":"video-protesta-pro-trump-en-hollywood","status":"publish","type":"post","link":"https:\/\/www.opinionpublica.tv\/portada\/video-protesta-pro-trump-en-hollywood\/","title":{"rendered":"Video: Protesta pro Trump en Hollywood"},"content":{"rendered":"<p><img fetchpriority=\"high\" decoding=\"async\" class=\" size-full wp-image-6927\" src=\"https:\/\/www.opinionpublica.tv\/portada\/wp-content\/uploads\/2016\/11\/3616316bf9087433e85531d71a0fe227.jpg\" alt=\"\" width=\"499\" height=\"329\" srcset=\"https:\/\/www.opinionpublica.tv\/portada\/wp-content\/uploads\/2016\/11\/3616316bf9087433e85531d71a0fe227.jpg 499w, https:\/\/www.opinionpublica.tv\/portada\/wp-content\/uploads\/2016\/11\/3616316bf9087433e85531d71a0fe227-300x198.jpg 300w\" sizes=\"(max-width: 499px) 100vw, 499px\" \/><br \/>\n<!--more--><\/p>\n<p style=\"text-align: justify;\">Un grupo de seguidores del candidato republicano a la presidencia, Donald Trump, protest\u00f3 en Hollywood este fin de semana, cinco d\u00edas despu\u00e9s de que su estrella en el paseo de la fama fuera destruida.<\/p>\n<div class=\"k2_video\"><iframe title=\"Protesta pro Trump en Hollywood\" width=\"800\" height=\"450\" src=\"https:\/\/www.youtube.com\/embed\/9BYgEoRGpmM?feature=oembed\" frameborder=\"0\" allow=\"accelerometer; autoplay; clipboard-write; encrypted-media; gyroscope; picture-in-picture; web-share\" referrerpolicy=\"strict-origin-when-cross-origin\" allowfullscreen><\/iframe>\n<\/div>\n","protected":false},"excerpt":{"rendered":"","protected":false},"author":1,"featured_media":6927,"comment_status":"open","ping_status":"open","sticky":false,"template":"","format":"standard","meta":{"_acf_changed":false,"_monsterinsights_skip_tracking":false,"slim_seo":{"title":"Video: Protesta pro Trump en Hollywood - Opini\u00f3n P\u00fablica","description":"Un grupo de seguidores del candidato republicano a la presidencia, Donald Trump, protest\u00f3 en Hollywood este fin de semana, cinco d\u00edas despu\u00e9s de que su estrella"},"footnotes":""},"categories":[8],"tags":[],"class_list":["post-6928","post","type-post","status-publish","format-standard","has-post-thumbnail","hentry","category-videos"],"acf":[],"_links":{"self":[{"href":"https:\/\/www.opinionpublica.tv\/portada\/wp-json\/wp\/v2\/posts\/6928","targetHints":{"allow":["GET"]}}],"collection":[{"href":"https:\/\/www.opinionpublica.tv\/portada\/wp-json\/wp\/v2\/posts"}],"about":[{"href":"https:\/\/www.opinionpublica.tv\/portada\/wp-json\/wp\/v2\/types\/post"}],"author":[{"embeddable":true,"href":"https:\/\/www.opinionpublica.tv\/portada\/wp-json\/wp\/v2\/users\/1"}],"replies":[{"embeddable":true,"href":"https:\/\/www.opinionpublica.tv\/portada\/wp-json\/wp\/v2\/comments?post=6928"}],"version-history":[{"count":0,"href":"https:\/\/www.opinionpublica.tv\/portada\/wp-json\/wp\/v2\/posts\/6928\/revisions"}],"wp:featuredmedia":[{"embeddable":true,"href":"https:\/\/www.opinionpublica.tv\/portada\/wp-json\/wp\/v2\/media\/6927"}],"wp:attachment":[{"href":"https:\/\/www.opinionpublica.tv\/portada\/wp-json\/wp\/v2\/media?parent=6928"}],"wp:term":[{"taxonomy":"category","embeddable":true,"href":"https:\/\/www.opinionpublica.tv\/portada\/wp-json\/wp\/v2\/categories?post=6928"},{"taxonomy":"post_tag","embeddable":true,"href":"https:\/\/www.opinionpublica.tv\/portada\/wp-json\/wp\/v2\/tags?post=6928"}],"curies":[{"name":"wp","href":"https:\/\/api.w.org\/{rel}","templated":true}]}}