{"id":69221,"date":"2025-09-29T00:01:00","date_gmt":"2025-09-29T06:01:00","guid":{"rendered":"https:\/\/www.opinionpublica.tv\/portada\/?p=69221"},"modified":"2025-09-28T16:19:03","modified_gmt":"2025-09-28T22:19:03","slug":"supervisa-alcalde-jornada-masiva-de-esterilizacion-de-mascotas-en-el-sur-oriente","status":"publish","type":"post","link":"https:\/\/www.opinionpublica.tv\/portada\/supervisa-alcalde-jornada-masiva-de-esterilizacion-de-mascotas-en-el-sur-oriente\/","title":{"rendered":"Supervisa alcalde la jornada masiva de esterilizaci\u00f3n de mascotas en el sur oriente"},"content":{"rendered":"\n<figure class=\"wp-block-image size-large\"><img fetchpriority=\"high\" decoding=\"async\" width=\"1024\" height=\"682\" src=\"https:\/\/www.opinionpublica.tv\/portada\/wp-content\/uploads\/2025\/09\/Supervisa-alcalde-la-jornada-masiva-de-esterilizacion-de-mascotas-en-el-sur-oriente-1024x682.jpeg\" alt=\"Supervisa alcalde la jornada masiva de esterilizacio\u0301n de mascotas en el sur oriente\" class=\"wp-image-69224\" srcset=\"https:\/\/www.opinionpublica.tv\/portada\/wp-content\/uploads\/2025\/09\/Supervisa-alcalde-la-jornada-masiva-de-esterilizacion-de-mascotas-en-el-sur-oriente-1024x682.jpeg 1024w, https:\/\/www.opinionpublica.tv\/portada\/wp-content\/uploads\/2025\/09\/Supervisa-alcalde-la-jornada-masiva-de-esterilizacion-de-mascotas-en-el-sur-oriente-300x200.jpeg 300w, https:\/\/www.opinionpublica.tv\/portada\/wp-content\/uploads\/2025\/09\/Supervisa-alcalde-la-jornada-masiva-de-esterilizacion-de-mascotas-en-el-sur-oriente-768x512.jpeg 768w, https:\/\/www.opinionpublica.tv\/portada\/wp-content\/uploads\/2025\/09\/Supervisa-alcalde-la-jornada-masiva-de-esterilizacion-de-mascotas-en-el-sur-oriente-1536x1023.jpeg 1536w, https:\/\/www.opinionpublica.tv\/portada\/wp-content\/uploads\/2025\/09\/Supervisa-alcalde-la-jornada-masiva-de-esterilizacion-de-mascotas-en-el-sur-oriente.jpeg 1600w\" sizes=\"(max-width: 1024px) 100vw, 1024px\" \/><\/figure>\n\n\n\n<p class=\"wp-block-paragraph\"><em>Ciudad Ju\u00e1rez, Chih<\/em>.- El presidente municipal de Ju\u00e1rez, Cruz P\u00e9rez Cu\u00e9llar, supervis\u00f3 de manera personal las esterilizaciones masivas de mascotas organizadas por la Direcci\u00f3n de Atenci\u00f3n y Bienestar Animal (DABA) que se llevan a cabo en el Centro Comunitario de la Universidad Aut\u00f3noma de Ciudad Ju\u00e1rez (UACJ), ubicado en la zona suroriente de la ciudad.<\/p>\n\n\n\n<p class=\"wp-block-paragraph\">Durante esta jornada, que se desarroll\u00f3 en dos d\u00edas, se realizaron m\u00e1s de 700 procedimientos, con lo que ya se superan las 5 mil esterilizaciones en lo que va del a\u00f1o, avanzando firmemente hacia la meta de alcanzar 10 mil antes de que finalice el 2025.<\/p>\n\n\n\n<p class=\"wp-block-paragraph\">El alcalde estuvo acompa\u00f1ado por Alma Arredondo, titular de la Direcci\u00f3n de Atenci\u00f3n y Bienestar Animal (DABA), quien destac\u00f3 la importancia de estas acciones para el cuidado de la salud p\u00fablica y el bienestar de las familias juarenses.<\/p>\n\n\n\n<p class=\"wp-block-paragraph\">Asimismo, se anunci\u00f3 que muy pronto estas jornadas de esterilizaci\u00f3n se llevar\u00e1n a cabo de manera semanal, reforzando el compromiso del Gobierno Municipal con el control de la sobrepoblaci\u00f3n canina y felina.<\/p>\n\n\n\n<p class=\"wp-block-paragraph\">Asimismo durante su recorrido el jefe de la comuna aprovech\u00f3 para saludar a los asistentes, as\u00ed como al personal y voluntarios de estas jornadas, destacando el caso del jovencito Iker quien demuestra su amor por los animales participando en las jornadas ayudando con la atenci\u00f3n a los animalitos despu\u00e9s de salir del procedimiento d\u00e1ndole instrucciones a sus due\u00f1os para que al despertar est\u00e9n tranquilos.<\/p>\n\n\n\n<p class=\"wp-block-paragraph\">Asimismo acompa\u00f1ado por el personal del museo interactivo La Rodadora, se realiz\u00f3 la invitaci\u00f3n a la siguiente jornada a realizarse en las instalaciones de dicho recinto ubicado en el parque central, esto ser\u00e1 el d\u00eda 12 de octubre desde las 07:00 a las 19:00 horas. Evento que ser\u00e1 tambi\u00e9n con causa ya que se realizar\u00e1 una colecta de alimento para mascotas que se entregar\u00e1 al banco de alimentos que ayuda a los distintos refugios para animales rescatados que operan en la ciudad.<\/p>\n\n\n\n<p class=\"wp-block-paragraph\">Se recuerda a la ciudadan\u00eda que todos los servicios de la Direcci\u00f3n de Atenci\u00f3n y Bienestar Animal son gratuitos, reafirmando la convicci\u00f3n de esta administraci\u00f3n de trabajar en favor de una Ciudad Ju\u00e1rez m\u00e1s saludable, responsable y con mejores condiciones de vida para las mascotas y sus familias.<\/p>\n","protected":false},"excerpt":{"rendered":"<p>Ciudad Ju\u00e1rez, Chih.- El presidente municipal de Ju\u00e1rez, Cruz P\u00e9rez Cu\u00e9llar, supervis\u00f3 de manera personal las esterilizaciones masivas de mascotas organizadas por la Direcci\u00f3n de Atenci\u00f3n y Bienestar Animal (DABA) que se llevan a cabo en el Centro Comunitario de la Universidad Aut\u00f3noma de Ciudad Ju\u00e1rez (UACJ), ubicado en la zona suroriente de la ciudad. [&hellip;]<\/p>\n","protected":false},"author":6,"featured_media":69224,"comment_status":"closed","ping_status":"closed","sticky":false,"template":"","format":"standard","meta":{"_acf_changed":false,"_monsterinsights_skip_tracking":false,"slim_seo":{"title":"Supervisa alcalde la jornada masiva de esterilizaci\u00f3n de mascotas en el sur oriente - Opini\u00f3n P\u00fablica","description":"Ciudad Ju\u00e1rez, Chih .- El presidente municipal de Ju\u00e1rez, Cruz P\u00e9rez Cu\u00e9llar, supervis\u00f3 de manera personal las esterilizaciones masivas de mascotas organizadas"},"footnotes":""},"categories":[41],"tags":[],"class_list":["post-69221","post","type-post","status-publish","format-standard","has-post-thumbnail","hentry","category-juarez"],"acf":[],"_links":{"self":[{"href":"https:\/\/www.opinionpublica.tv\/portada\/wp-json\/wp\/v2\/posts\/69221","targetHints":{"allow":["GET"]}}],"collection":[{"href":"https:\/\/www.opinionpublica.tv\/portada\/wp-json\/wp\/v2\/posts"}],"about":[{"href":"https:\/\/www.opinionpublica.tv\/portada\/wp-json\/wp\/v2\/types\/post"}],"author":[{"embeddable":true,"href":"https:\/\/www.opinionpublica.tv\/portada\/wp-json\/wp\/v2\/users\/6"}],"replies":[{"embeddable":true,"href":"https:\/\/www.opinionpublica.tv\/portada\/wp-json\/wp\/v2\/comments?post=69221"}],"version-history":[{"count":2,"href":"https:\/\/www.opinionpublica.tv\/portada\/wp-json\/wp\/v2\/posts\/69221\/revisions"}],"predecessor-version":[{"id":69225,"href":"https:\/\/www.opinionpublica.tv\/portada\/wp-json\/wp\/v2\/posts\/69221\/revisions\/69225"}],"wp:featuredmedia":[{"embeddable":true,"href":"https:\/\/www.opinionpublica.tv\/portada\/wp-json\/wp\/v2\/media\/69224"}],"wp:attachment":[{"href":"https:\/\/www.opinionpublica.tv\/portada\/wp-json\/wp\/v2\/media?parent=69221"}],"wp:term":[{"taxonomy":"category","embeddable":true,"href":"https:\/\/www.opinionpublica.tv\/portada\/wp-json\/wp\/v2\/categories?post=69221"},{"taxonomy":"post_tag","embeddable":true,"href":"https:\/\/www.opinionpublica.tv\/portada\/wp-json\/wp\/v2\/tags?post=69221"}],"curies":[{"name":"wp","href":"https:\/\/api.w.org\/{rel}","templated":true}]}}