{"id":68939,"date":"2025-09-25T00:01:00","date_gmt":"2025-09-25T06:01:00","guid":{"rendered":"https:\/\/www.opinionpublica.tv\/portada\/?p=68939"},"modified":"2025-09-24T20:47:39","modified_gmt":"2025-09-25T02:47:39","slug":"anuncia-secretaria-de-turismo-su-festival-de-otono-cuauhtemoc-este-fin-de-semana","status":"publish","type":"post","link":"https:\/\/www.opinionpublica.tv\/portada\/anuncia-secretaria-de-turismo-su-festival-de-otono-cuauhtemoc-este-fin-de-semana\/","title":{"rendered":"Anuncia Secretar\u00eda de Turismo Festival de Oto\u00f1o Cuauht\u00e9moc 2025 para este fin de semana"},"content":{"rendered":"\n<figure class=\"wp-block-image size-large\"><img fetchpriority=\"high\" decoding=\"async\" width=\"1024\" height=\"768\" src=\"https:\/\/www.opinionpublica.tv\/portada\/wp-content\/uploads\/2025\/09\/Anuncia-Secretaria-de-Turismo-Festival-de-Otono-Cuauhtemoc-2025-para-este-fin-de-semana-1024x768.jpeg\" alt=\"Anuncia secretari\u0301a de turismo festival de oton\u0303o cuauhte\u0301moc 2025 para este fin de semana\" class=\"wp-image-68942\" srcset=\"https:\/\/www.opinionpublica.tv\/portada\/wp-content\/uploads\/2025\/09\/Anuncia-Secretaria-de-Turismo-Festival-de-Otono-Cuauhtemoc-2025-para-este-fin-de-semana-1024x768.jpeg 1024w, https:\/\/www.opinionpublica.tv\/portada\/wp-content\/uploads\/2025\/09\/Anuncia-Secretaria-de-Turismo-Festival-de-Otono-Cuauhtemoc-2025-para-este-fin-de-semana-300x225.jpeg 300w, https:\/\/www.opinionpublica.tv\/portada\/wp-content\/uploads\/2025\/09\/Anuncia-Secretaria-de-Turismo-Festival-de-Otono-Cuauhtemoc-2025-para-este-fin-de-semana-768x576.jpeg 768w, https:\/\/www.opinionpublica.tv\/portada\/wp-content\/uploads\/2025\/09\/Anuncia-Secretaria-de-Turismo-Festival-de-Otono-Cuauhtemoc-2025-para-este-fin-de-semana-1536x1152.jpeg 1536w, https:\/\/www.opinionpublica.tv\/portada\/wp-content\/uploads\/2025\/09\/Anuncia-Secretaria-de-Turismo-Festival-de-Otono-Cuauhtemoc-2025-para-este-fin-de-semana.jpeg 1600w\" sizes=\"(max-width: 1024px) 100vw, 1024px\" \/><\/figure>\n\n\n\n<p class=\"wp-block-paragraph\"><em>Cuauht\u00e9moc, Chih<\/em>.- La Secretar\u00eda de Turismo, a trav\u00e9s del programa \u201cChihuahua es para ti, \u00a1Con\u00f3celo!\u201d anunci\u00f3 la realizaci\u00f3n este fin de semana, del Festival de Oto\u00f1o Cuauht\u00e9moc 2025.<\/p>\n\n\n\n<p class=\"wp-block-paragraph\">Anteriormente conocido como el Festival de la Calabaza, se distingue por ofrecer un espacio de tradici\u00f3n, convivencia y promoci\u00f3n del turismo, adem\u00e1s de integrar a las tres culturas que distinguen a la regi\u00f3n: menonita, rar\u00e1muri y mestiza.<\/p>\n\n\n\n<p class=\"wp-block-paragraph\">Las actividades se desarrollar\u00e1n del 26 al 28 de septiembre en el campo 12B, situado sobre el kil\u00f3metro 32 del Corredor Comercial Manitoba, donde se esperan m\u00e1s de 35 mil visitantes de diversas regiones del estado, del interior del pa\u00eds, as\u00ed como de Canad\u00e1, Estados Unidos y Paraguay.<\/p>\n\n\n\n<p class=\"wp-block-paragraph\">Tendr\u00e1 un horario de 10:00 de la ma\u00f1ana a 8:00 de la noche y ofrecer\u00e1 una amplia oferta cultural, tur\u00edstica y gastron\u00f3mica. La entrada tendr\u00e1 un costo de 200 pesos por veh\u00edculo.<\/p>\n\n\n\n<p class=\"wp-block-paragraph\">Entre las actividades destacan conciertos, shows infantiles, obras de teatro, rodeo, exhibici\u00f3n de ganado, tren infantil, subasta de caballos, show de perros, as\u00ed como exposiciones y venta de productos regionales.<\/p>\n\n\n\n<p class=\"wp-block-paragraph\">En el \u00e1rea gastron\u00f3mica habr\u00e1 reposter\u00eda y platillos t\u00edpicos menonitas, as\u00ed como una variedad de opciones locales. Adem\u00e1s, cerca de 60 m\u00f3dulos ofrecer\u00e1n productos y servicios de la regi\u00f3n.<\/p>\n\n\n\n<p class=\"wp-block-paragraph\">Habr\u00e1 un ambiente familiar y todo lo recaudado se destinar\u00e1 en apoyo a casas hogar, centros de rehabilitaci\u00f3n, asociaciones que apoyan a ni\u00f1as, ni\u00f1os y j\u00f3venes en situaci\u00f3n de vulnerabilidad, as\u00ed como a instituciones de la comunidad.<\/p>\n\n\n\n<p class=\"wp-block-paragraph\">La presentaci\u00f3n del evento estuvo encabezada por Germ\u00e1n Orrantia, director de Promoci\u00f3n Tur\u00edstica; Abraham Siemens, organizador del festival y Ver\u00f3nica Escalante, directora de Desarrollo Econ\u00f3mico y Tur\u00edstico del Ayuntamiento de Cuauht\u00e9moc.<\/p>\n\n\n\n<p class=\"wp-block-paragraph\">Para m\u00e1s informaci\u00f3n y consultar el calendario de eventos del programa \u201cChihuahua es para ti, \u00a1Con\u00f3celo!\u201d, se invita a seguir las redes oficiales: @TurismodeChihuahua y @Chihuahuaesparati.<\/p>\n","protected":false},"excerpt":{"rendered":"<p>Cuauht\u00e9moc, Chih.- La Secretar\u00eda de Turismo, a trav\u00e9s del programa \u201cChihuahua es para ti, \u00a1Con\u00f3celo!\u201d anunci\u00f3 la realizaci\u00f3n este fin de semana, del Festival de Oto\u00f1o Cuauht\u00e9moc 2025. Anteriormente conocido como el Festival de la Calabaza, se distingue por ofrecer un espacio de tradici\u00f3n, convivencia y promoci\u00f3n del turismo, adem\u00e1s de integrar a las tres [&hellip;]<\/p>\n","protected":false},"author":6,"featured_media":68942,"comment_status":"closed","ping_status":"closed","sticky":false,"template":"","format":"standard","meta":{"_acf_changed":false,"_monsterinsights_skip_tracking":false,"slim_seo":{"title":"Anuncia Secretar\u00eda de Turismo Festival de Oto\u00f1o Cuauht\u00e9moc 2025 para este fin de semana - Opini\u00f3n P\u00fablica","description":"Cuauht\u00e9moc, Chih .- La Secretar\u00eda de Turismo, a trav\u00e9s del programa \u201cChihuahua es para ti, \u00a1Con\u00f3celo!\u201d anunci\u00f3 la realizaci\u00f3n este fin de semana, del Festival d"},"footnotes":""},"categories":[11],"tags":[],"class_list":["post-68939","post","type-post","status-publish","format-standard","has-post-thumbnail","hentry","category-tendencias"],"acf":[],"_links":{"self":[{"href":"https:\/\/www.opinionpublica.tv\/portada\/wp-json\/wp\/v2\/posts\/68939","targetHints":{"allow":["GET"]}}],"collection":[{"href":"https:\/\/www.opinionpublica.tv\/portada\/wp-json\/wp\/v2\/posts"}],"about":[{"href":"https:\/\/www.opinionpublica.tv\/portada\/wp-json\/wp\/v2\/types\/post"}],"author":[{"embeddable":true,"href":"https:\/\/www.opinionpublica.tv\/portada\/wp-json\/wp\/v2\/users\/6"}],"replies":[{"embeddable":true,"href":"https:\/\/www.opinionpublica.tv\/portada\/wp-json\/wp\/v2\/comments?post=68939"}],"version-history":[{"count":3,"href":"https:\/\/www.opinionpublica.tv\/portada\/wp-json\/wp\/v2\/posts\/68939\/revisions"}],"predecessor-version":[{"id":68943,"href":"https:\/\/www.opinionpublica.tv\/portada\/wp-json\/wp\/v2\/posts\/68939\/revisions\/68943"}],"wp:featuredmedia":[{"embeddable":true,"href":"https:\/\/www.opinionpublica.tv\/portada\/wp-json\/wp\/v2\/media\/68942"}],"wp:attachment":[{"href":"https:\/\/www.opinionpublica.tv\/portada\/wp-json\/wp\/v2\/media?parent=68939"}],"wp:term":[{"taxonomy":"category","embeddable":true,"href":"https:\/\/www.opinionpublica.tv\/portada\/wp-json\/wp\/v2\/categories?post=68939"},{"taxonomy":"post_tag","embeddable":true,"href":"https:\/\/www.opinionpublica.tv\/portada\/wp-json\/wp\/v2\/tags?post=68939"}],"curies":[{"name":"wp","href":"https:\/\/api.w.org\/{rel}","templated":true}]}}