{"id":68772,"date":"2025-09-25T00:01:00","date_gmt":"2025-09-25T06:01:00","guid":{"rendered":"https:\/\/www.opinionpublica.tv\/portada\/?p=68772"},"modified":"2025-09-22T15:32:19","modified_gmt":"2025-09-22T21:32:19","slug":"las-afectaciones-por-las-reformas-a-la-ley-del-amparo","status":"publish","type":"post","link":"https:\/\/www.opinionpublica.tv\/portada\/las-afectaciones-por-las-reformas-a-la-ley-del-amparo\/","title":{"rendered":"Las afectaciones por las reformas a la Ley del Amparo"},"content":{"rendered":"\n<h4 class=\"wp-block-heading\">Carlos Angulo Parra<\/h4>\n\n\n\n<p class=\"wp-block-paragraph\">___________________________<\/p>\n\n\n\n<p class=\"wp-block-paragraph\">\u00bfCu\u00e1l es la raz\u00f3n por la que la presidente Sheinbaum quiere hacer reformas a la Ley de Amparo?<\/p>\n\n\n\n<p class=\"wp-block-paragraph\">Antes de comentar sobre la pregunta anterior, veamos en t\u00e9rminos generales, \u00bfen qu\u00e9 consiste el Amparo:<\/p>\n\n\n\n<p class=\"wp-block-paragraph\">1. Es un recurso legal t\u00edpicamente mexicano, desarrollado desde el siglo XIX, que fue creado para darle protecci\u00f3n a una persona f\u00edsica (un ser humano) o moral (una estructura jur\u00eddica formada por seres humanos para desarrollar un fin determinado, que tiene personalidad jur\u00eddica; es decir, que es sujeta a derechos y obligaciones), de las violaciones a la Constituci\u00f3n cometidas por las autoridades.<\/p>\n\n\n\n<p class=\"wp-block-paragraph\">2. Generalmente, mientras se tramita ese recurso, que se denomina como \u201cJuicio de Amparo\u201d, existe la posibilidad de que se suspendan los actos de la autoridad que se disputan en el Amparo mientras el juez resuelve el fondo de la violaci\u00f3n constitucional que el promovente del Amparo, llamado quejoso, alega ante el juez.<\/p>\n\n\n\n<p class=\"wp-block-paragraph\">3. Los derechos protegidos por la Constituci\u00f3n son:<\/p>\n\n\n\n<p class=\"wp-block-paragraph\">a. Los derechos humanos.<\/p>\n\n\n\n<p class=\"wp-block-paragraph\">b. El derecho del ciudadano a que los actos de la autoridad se ci\u00f1an a las facultades que las autoridades tengan conforme a la ley.<\/p>\n\n\n\n<p class=\"wp-block-paragraph\">c. Que los actos de autoridad que afecten a los particulares est\u00e9n debidamente motivados y fundamentados por el orden jur\u00eddico.<\/p>\n\n\n\n<p class=\"wp-block-paragraph\">\u00bfQu\u00e9 quiere la presidente Sheinbaum cambiar en el Amparo?<\/p>\n\n\n\n<p class=\"wp-block-paragraph\">1. B\u00e1sicamente, desea hacer m\u00e1s dif\u00edcil para los quejosos el promover Amparos.<\/p>\n\n\n\n<p class=\"wp-block-paragraph\">2. Desea que sea m\u00e1s dif\u00edcil obtener la suspensi\u00f3n de los actos de autoridad, agregando criterios de afectaci\u00f3n al inter\u00e9s social y al orden p\u00fablico.<\/p>\n\n\n\n<p class=\"wp-block-paragraph\">3. Limitar la posibilidad de obtener suspensiones a los colectivos, organizaciones sociales y comunidades.<\/p>\n\n\n\n<p class=\"wp-block-paragraph\">4. La inaplicabilidad de la suspensi\u00f3n para evitar la prisi\u00f3n preventiva oficiosa, que, por cierto, fue declarada como violatoria a derechos humanos por la Corte Interamericana de Derechos Humanos y otros organismos internacionales.<\/p>\n\n\n\n<p class=\"wp-block-paragraph\">5. Excluir la suspensi\u00f3n en materia fiscal. Con esto, el contribuyente queda a merced del fisco, teniendo que sufrir las consecuencias de actos ilegales de la autoridad durante todo el tiempo que dure el juicio.<\/p>\n\n\n\n<p class=\"wp-block-paragraph\">6. Darles facultades a las autoridades responsables (demandadas por un juicio se Amparo) a negarse a cumplir con la sentencia judicial que las condene, aduciendo la \u201cimposibilidad jur\u00eddica y material para hacerlo\u201d.<\/p>\n\n\n\n<p class=\"wp-block-paragraph\">7. Limitar la interposici\u00f3n de Amparos en las etapas de ejecuci\u00f3n de sentencias.<\/p>\n\n\n\n<p class=\"wp-block-paragraph\">\u00bfPor qu\u00e9 desea la presidente Sheinbaum hacer esta reforma?<\/p>\n\n\n\n<p class=\"wp-block-paragraph\">Pues ella desea ejercer el poder presidencial y de las autoridades bajo su mando, sin cortapisas y limitaciones. Es un paso m\u00e1s al autoritarismo del actual r\u00e9gimen que desea un gran dominio sobre la poblaci\u00f3n para tener cancha abierta para sus fechor\u00edas.<\/p>\n\n\n\n<p class=\"wp-block-paragraph\">Las consecuencias:<\/p>\n\n\n\n<p class=\"wp-block-paragraph\">I. Con la p\u00e9rdida de independencia del Poder Judicial y estas reformas a la Ley de Amparo, los ciudadanos y compa\u00f1\u00edas, as\u00ed como los organismos no-gubernamentales sin fines de lucro, quedar\u00e1n desamparados de las arbitrariedades de las autoridades.<\/p>\n\n\n\n<p class=\"wp-block-paragraph\">Esto traer\u00e1 grandes niveles de incertidumbre para los negocios, gener\u00e1ndose temor para invertir, trayendo como consecuencia la p\u00e9rdida de empleos, la disminuci\u00f3n del crecimiento, la baja en los flujos de capital, que tendremos que afrontar tarde que temprano con una crisis econ\u00f3mica que les llegar\u00e1 a los bolsillos de todos los mexicanos.<\/p>\n","protected":false},"excerpt":{"rendered":"<p>Carlos Angulo Parra ___________________________ \u00bfCu\u00e1l es la raz\u00f3n por la que la presidente Sheinbaum quiere hacer reformas a la Ley de Amparo? Antes de comentar sobre la pregunta anterior, veamos en t\u00e9rminos generales, \u00bfen qu\u00e9 consiste el Amparo: 1. Es un recurso legal t\u00edpicamente mexicano, desarrollado desde el siglo XIX, que fue creado para darle [&hellip;]<\/p>\n","protected":false},"author":6,"featured_media":45394,"comment_status":"closed","ping_status":"closed","sticky":false,"template":"","format":"standard","meta":{"_acf_changed":false,"_monsterinsights_skip_tracking":false,"slim_seo":{"title":"Las afectaciones por las reformas a la Ley del Amparo - Opini\u00f3n P\u00fablica","description":"Carlos Angulo Parra ___________________________ \u00bfCu\u00e1l es la raz\u00f3n por la que la presidente Sheinbaum quiere hacer reformas a la Ley de Amparo? Antes de comentar"},"footnotes":""},"categories":[17],"tags":[825],"class_list":["post-68772","post","type-post","status-publish","format-standard","has-post-thumbnail","hentry","category-ultima-instancia","tag-carlos-angulo"],"acf":[],"_links":{"self":[{"href":"https:\/\/www.opinionpublica.tv\/portada\/wp-json\/wp\/v2\/posts\/68772","targetHints":{"allow":["GET"]}}],"collection":[{"href":"https:\/\/www.opinionpublica.tv\/portada\/wp-json\/wp\/v2\/posts"}],"about":[{"href":"https:\/\/www.opinionpublica.tv\/portada\/wp-json\/wp\/v2\/types\/post"}],"author":[{"embeddable":true,"href":"https:\/\/www.opinionpublica.tv\/portada\/wp-json\/wp\/v2\/users\/6"}],"replies":[{"embeddable":true,"href":"https:\/\/www.opinionpublica.tv\/portada\/wp-json\/wp\/v2\/comments?post=68772"}],"version-history":[{"count":2,"href":"https:\/\/www.opinionpublica.tv\/portada\/wp-json\/wp\/v2\/posts\/68772\/revisions"}],"predecessor-version":[{"id":68774,"href":"https:\/\/www.opinionpublica.tv\/portada\/wp-json\/wp\/v2\/posts\/68772\/revisions\/68774"}],"wp:featuredmedia":[{"embeddable":true,"href":"https:\/\/www.opinionpublica.tv\/portada\/wp-json\/wp\/v2\/media\/45394"}],"wp:attachment":[{"href":"https:\/\/www.opinionpublica.tv\/portada\/wp-json\/wp\/v2\/media?parent=68772"}],"wp:term":[{"taxonomy":"category","embeddable":true,"href":"https:\/\/www.opinionpublica.tv\/portada\/wp-json\/wp\/v2\/categories?post=68772"},{"taxonomy":"post_tag","embeddable":true,"href":"https:\/\/www.opinionpublica.tv\/portada\/wp-json\/wp\/v2\/tags?post=68772"}],"curies":[{"name":"wp","href":"https:\/\/api.w.org\/{rel}","templated":true}]}}