{"id":68680,"date":"2025-09-22T00:01:00","date_gmt":"2025-09-22T06:01:00","guid":{"rendered":"https:\/\/www.opinionpublica.tv\/portada\/?p=68680"},"modified":"2025-09-21T17:59:39","modified_gmt":"2025-09-21T23:59:39","slug":"los-cochineros-cronica-de-un-estado-buqueado","status":"publish","type":"post","link":"https:\/\/www.opinionpublica.tv\/portada\/los-cochineros-cronica-de-un-estado-buqueado\/","title":{"rendered":"Los Cochineros: Cr\u00f3nica de un Estado Buqueado"},"content":{"rendered":"\n<h4 class=\"wp-block-heading\">Ra\u00fal Ruiz<\/h4>\n\n\n\n<p class=\"wp-block-paragraph\">___________________________<\/p>\n\n\n\n<p class=\"wp-block-paragraph\">En la rep\u00fablica de los blindajes discursivos y los suicidios oportunos, el vicealmirante Salvador Camargo Vivero ha decidido zarpar.<\/p>\n\n\n\n<p class=\"wp-block-paragraph\">No en uno de los veinte \u201chuachibuques\u201d que descarg\u00f3 con la gracia de quien bendice el contrabando, sino en el discreto nav\u00edo del exilio voluntario.<\/p>\n\n\n\n<p class=\"wp-block-paragraph\">Se queda sin amparo, pero con la br\u00fajula bien calibrada: lejos de M\u00e9xico, lejos del esc\u00e1ndalo, cerca del olvido.<\/p>\n\n\n\n<p class=\"wp-block-paragraph\">La Marina, otrora s\u00edmbolo de honor y disciplina, hoy navega en aguas turbias.<\/p>\n\n\n\n<p class=\"wp-block-paragraph\">Tres marinos muertos, uno con el sello cl\u00e1sico del \u201csuicidio misterioso\u201d (ese que llega justo cuando el expediente empieza a hablar), y una presidenta que responde con la elocuencia del silencio. \u00bfSer\u00e1 que el uniforme blanco ya no es garant\u00eda de limpieza?<\/p>\n\n\n\n<p class=\"wp-block-paragraph\">Pero el verdadero espect\u00e1culo no est\u00e1 en el muelle, sino en el teatro pol\u00edtico. \u201cSanto\u201d, testigo protegido de la FGR, ha soltado una bomba con nombre de pila: uno de los hijos de AMLO, presuntamente proveedor de protecci\u00f3n para la red de huachicol fiscal. \u00bfSer\u00e1 que el nepotismo tambi\u00e9n tiene combustible propio?<\/p>\n\n\n\n<p class=\"wp-block-paragraph\">O el caso de Jos\u00e9 Luis Garc\u00eda Morales. Desaparecido el 1 de septiembre pasado, y encontrado sin vida d\u00edas despu\u00e9s.<\/p>\n\n\n\n<p class=\"wp-block-paragraph\">Mientras tanto, en Tabasco, el general Miguel \u00c1ngel L\u00f3pez es relevado justo cuando el caso Berm\u00fadez empieza a oler a p\u00f3lvora.<\/p>\n\n\n\n<p class=\"wp-block-paragraph\">Berm\u00fadez, ese exsecretario de Seguridad que parece m\u00e1s bien secretario de encubrimientos, podr\u00eda ser la llave que abra la puerta del verdadero capo: Ad\u00e1n Augusto L\u00f3pez. Eso se dice, falta mucho para que esto pueda descubrirse.<\/p>\n\n\n\n<p class=\"wp-block-paragraph\">\u00bfCoincidencia? En M\u00e9xico, las coincidencias suelen tener padrino pol\u00edtico.<\/p>\n\n\n\n<p class=\"wp-block-paragraph\">Y hablando de padrinos, el fiscal Hertz Manero ha declarado que mientras no se detenga al \u201cabuelo\u201d conocido tambi\u00e9n como el \u201cComandante H\u201d, no se citar\u00e1 a Ad\u00e1n Augusto.<\/p>\n\n\n\n<p class=\"wp-block-paragraph\">Es decir, el sistema esperaba que el capo se entregara voluntariamente, con identificaci\u00f3n oficial y comprobante de domicilio, antes de molestar al senador. Qu\u00e9 considerado.<\/p>\n\n\n\n<p class=\"wp-block-paragraph\">La presidenta Sheinbaum, por su parte, niega todo. Incluso que Rubio considera a Ad\u00e1n Augusto como&#8230; \u00abPersonaje de inter\u00e9s\u00bb.<\/p>\n\n\n\n<p class=\"wp-block-paragraph\">Niega que el relevo militar sea castigo, niega pruebas contra la diputada Hilda Araceli Brown de estar implicada con los Mayitos, y niega, con admirable consistencia, que el Estado huela a narco.<\/p>\n\n\n\n<p class=\"wp-block-paragraph\">Pero la especulaci\u00f3n crece, como la humedad en los muros del Palacio Nacional. Y si no ordena una investigaci\u00f3n a fondo, no ser\u00e1 la oposici\u00f3n o el gobierno de Donald Trump, quien la acuse de comandar un narcoestado: ser\u00e1 la l\u00f3gica.<\/p>\n\n\n\n<p class=\"wp-block-paragraph\">Porque en este pa\u00eds, donde los buques descargan di\u00e9sel ilegal como si fueran tamales en feria, y los altos mandos se suicidan con precisi\u00f3n quir\u00fargica, la \u00fanica certeza es que los cochineros no se limpian con discursos. Se limpian con justicia. O con fuego.<\/p>\n\n\n\n<p class=\"wp-block-paragraph\">Tipolog\u00eda de los Cochin\u00f3cratas del Huachibuque<\/p>\n\n\n\n<p class=\"wp-block-paragraph\">1. Los Buqueadores<\/p>\n\n\n\n<p class=\"wp-block-paragraph\">Alias: Los Almirantes del Abismo.<\/p>\n\n\n\n<p class=\"wp-block-paragraph\">&#8211; Perfil: Altos mandos navales que condecoran el contrabando como si fuera maniobra t\u00e1ctica.<\/p>\n\n\n\n<p class=\"wp-block-paragraph\">&#8211; S\u00edmbolo: Ancla oxidada con billetes enrollados.<\/p>\n\n\n\n<p class=\"wp-block-paragraph\">&#8211; Narrativa: \u201cNo vimos nada, pero descargamos todo.\u201d<\/p>\n\n\n\n<p class=\"wp-block-paragraph\">&#8211; Funci\u00f3n: Garantizar que el di\u00e9sel ilegal fluya como agua bendita por los ductos del Estado.<\/p>\n\n\n\n<p class=\"wp-block-paragraph\">2. Los Blindadores Discursivos.<\/p>\n\n\n\n<p class=\"wp-block-paragraph\">Alias: Los Negadores Profesionales.<\/p>\n\n\n\n<p class=\"wp-block-paragraph\">&#8211; Perfil: Presidentes, fiscales y voceros que niegan hasta el clima.<\/p>\n\n\n\n<p class=\"wp-block-paragraph\">&#8211; S\u00edmbolo: Micr\u00f3fono con silenciador.<\/p>\n\n\n\n<p class=\"wp-block-paragraph\">&#8211; Narrativa: \u201cNo hay pruebas, s\u00f3lo buques llenos de coincidencias.\u201d<\/p>\n\n\n\n<p class=\"wp-block-paragraph\">&#8211; Funci\u00f3n: Convertir el esc\u00e1ndalo en rumor y el rumor en olvido.<\/p>\n\n\n\n<p class=\"wp-block-paragraph\">3. Los Huachihijos<\/p>\n\n\n\n<p class=\"wp-block-paragraph\">Alias: Herederos de la Protecci\u00f3n.<\/p>\n\n\n\n<p class=\"wp-block-paragraph\">&#8211; Perfil: V\u00e1stagos de poderosos que aparecen en carpetas como fantasmas con fuero.<\/p>\n\n\n\n<p class=\"wp-block-paragraph\">&#8211; S\u00edmbolo: Certificado de impunidad con firma paterna.<\/p>\n\n\n\n<p class=\"wp-block-paragraph\">&#8211; Narrativa: \u201cMi apellido no trafica, s\u00f3lo acompa\u00f1a.\u201d<\/p>\n\n\n\n<p class=\"wp-block-paragraph\">&#8211; Funci\u00f3n: Proveer cobertura simb\u00f3lica y log\u00edstica a las redes del huachicol fiscal.<\/p>\n\n\n\n<p class=\"wp-block-paragraph\">4. Los Capos Camuflados.<\/p>\n\n\n\n<p class=\"wp-block-paragraph\">Alias: Gobernadores con vocaci\u00f3n de sombra.<\/p>\n\n\n\n<p class=\"wp-block-paragraph\">&#8211; Perfil: Pol\u00edticos que operan como jefes de plaza pero bailan como dem\u00f3cratas.<\/p>\n\n\n\n<p class=\"wp-block-paragraph\">&#8211; S\u00edmbolo: Banda presidencial con manchas de di\u00e9sel.<\/p>\n\n\n\n<p class=\"wp-block-paragraph\">&#8211; Narrativa: \u201cYo s\u00f3lo gobernaba, no sab\u00eda que el Estado era una gasolinera.\u201d<\/p>\n\n\n\n<p class=\"wp-block-paragraph\">&#8211; Funci\u00f3n: Ser el verdadero centro de gravedad del crimen organizado institucional.<\/p>\n\n\n\n<p class=\"wp-block-paragraph\">5. Los Testigos Santificados.<\/p>\n\n\n\n<p class=\"wp-block-paragraph\">Alias: Los Santos del Expediente.<\/p>\n\n\n\n<p class=\"wp-block-paragraph\">&#8211; Perfil: Informantes protegidos que revelan verdades inc\u00f3modas con nombres propios.<\/p>\n\n\n\n<p class=\"wp-block-paragraph\">&#8211; S\u00edmbolo: Biblia con anexos judiciales.<\/p>\n\n\n\n<p class=\"wp-block-paragraph\">&#8211; Narrativa: \u201cYo vi todo, pero s\u00f3lo hablar\u00e9 si me canonizan.\u201d<\/p>\n\n\n\n<p class=\"wp-block-paragraph\">&#8211; Funci\u00f3n: Desestabilizar el relato oficial y abrir grietas en el blindaje discursivo.<\/p>\n\n\n\n<p class=\"wp-block-paragraph\">6. Los Marinos M\u00e1rtires.<\/p>\n\n\n\n<p class=\"wp-block-paragraph\">Alias: Los Silenciados del Sistema.<\/p>\n\n\n\n<p class=\"wp-block-paragraph\">&#8211; Perfil: Elementos que mueren en circunstancias \u201cmisteriosas\u201d justo antes de declarar.<\/p>\n\n\n\n<p class=\"wp-block-paragraph\">&#8211; S\u00edmbolo: Medalla al valor con cinta de luto.<\/p>\n\n\n\n<p class=\"wp-block-paragraph\">&#8211; Narrativa: \u201cSe suicid\u00f3 con precisi\u00f3n institucional.\u201d<\/p>\n\n\n\n<p class=\"wp-block-paragraph\">&#8211; Funci\u00f3n: Recordar que en el Estado profundo, la verdad cuesta la vida.<\/p>\n\n\n\n<p class=\"wp-block-paragraph\">7. Los Fiscalizadores de la Espera.<\/p>\n\n\n\n<p class=\"wp-block-paragraph\">Alias: Los Hertz del Suspenso<\/p>\n\n\n\n<p class=\"wp-block-paragraph\">&#8211; Perfil: Fiscales que postergan la justicia hasta que el capo se autoinculpe.<\/p>\n\n\n\n<p class=\"wp-block-paragraph\">&#8211; S\u00edmbolo: Reloj sin manecillas.<\/p>\n\n\n\n<p class=\"wp-block-paragraph\">&#8211; Narrativa: \u201cNo hay prisa, el narco tambi\u00e9n tiene derechos.\u201d<\/p>\n\n\n\n<p class=\"wp-block-paragraph\">&#8211; Funci\u00f3n: Administrar la impunidad con burocracia zen.<\/p>\n\n\n\n<p class=\"wp-block-paragraph\">Perd\u00f3n, me est\u00e1 ganando la iron\u00eda del fin de semana.<\/p>\n\n\n\n<p class=\"wp-block-paragraph\">TEL\u00d3N<\/p>\n\n\n\n<p class=\"wp-block-paragraph\">Ah\u00ed va el cerrojazo.<\/p>\n\n\n\n<p class=\"wp-block-paragraph\">La Prospectiva no predice, pero s\u00ed incomoda.<\/p>\n\n\n\n<p class=\"wp-block-paragraph\">La Ciencia de la Prospectiva, esa prima inc\u00f3moda de la futurolog\u00eda, no se dedica a leer el caf\u00e9, sino a mapear escenarios posibles, plausibles y preferibles.<\/p>\n\n\n\n<p class=\"wp-block-paragraph\">Su m\u00e9todo: detectar se\u00f1ales d\u00e9biles, analizar tendencias, y construir futuros alternativos que revelen las trampas del presente.<\/p>\n\n\n\n<p class=\"wp-block-paragraph\">No dice \u201cesto va a pasar\u201d, sino \u201cesto podr\u00eda pasar si seguimos jugando al mismo gui\u00f3n\u201d.<\/p>\n\n\n\n<p class=\"wp-block-paragraph\">Y en este melodrama pol\u00edtico, la Prospectiva nos ofrece tres finales tipo Televisa, cada uno con su propia carga simb\u00f3lica y su respectiva advertencia.<\/p>\n\n\n\n<p class=\"wp-block-paragraph\">Final 1: El coro canta.<\/p>\n\n\n\n<p class=\"wp-block-paragraph\">El detenido, harto de cargar solo el piano, decide soltar la voz. Revela nombres, pactos, cenas discretas y transferencias opacas. El esc\u00e1ndalo escala, y los protectores caen como fichas de domin\u00f3. Este final es el m\u00e1s l\u00f3gico desde la teor\u00eda de juegos: cuando el costo de callar supera el de traicionar, el canto se vuelve estrategia.<\/p>\n\n\n\n<p class=\"wp-block-paragraph\">La Prospectiva dice: Este escenario abre grietas en el sistema, pero tambi\u00e9n activa mecanismos de resiliencia institucional. El futuro se reconfigura, no sin dolor.<\/p>\n\n\n\n<p class=\"wp-block-paragraph\">Final 2: El m\u00e1rtir funcional.<\/p>\n\n\n\n<p class=\"wp-block-paragraph\">El detenido se convierte en chivo expiatorio. Se le construye una narrativa de \u201clobo solitario\u201d, se le atribuyen m\u00f3viles personales, y se le encierra con discreci\u00f3n.<\/p>\n\n\n\n<p class=\"wp-block-paragraph\">Las aguas se calman en la superficie, pero debajo siguen turbias.<\/p>\n\n\n\n<p class=\"wp-block-paragraph\">La Prospectiva dice: Este escenario perpet\u00faa el ciclo de simulaci\u00f3n. El futuro se estanca, se maquilla, se administra. La verdad se convierte en un lujo narrativo.<\/p>\n\n\n\n<p class=\"wp-block-paragraph\">Final 3: El silencio absoluto.<\/p>\n\n\n\n<p class=\"wp-block-paragraph\">El detenido aparece muerto.<\/p>\n\n\n\n<p class=\"wp-block-paragraph\">\u201cSuicidio\u201d, dir\u00eda el parte oficial.<\/p>\n\n\n\n<p class=\"wp-block-paragraph\">Las preguntas se multiplican, pero las respuestas se clausuran. Este final es el m\u00e1s oscuro, el m\u00e1s temido, el m\u00e1s eficaz para cerrar bocas.<\/p>\n\n\n\n<p class=\"wp-block-paragraph\">La Prospectiva indica: Este escenario genera trauma colectivo, erosiona la confianza, y activa din\u00e1micas de resistencia simb\u00f3lica.<\/p>\n\n\n\n<p class=\"wp-block-paragraph\">El futuro se vuelve terreno de duelo y de memoria.<\/p>\n\n\n\n<p class=\"wp-block-paragraph\">\u00bfY ahora qu\u00e9?<\/p>\n\n\n\n<p class=\"wp-block-paragraph\">La Prospectiva no elige el final, pero nos obliga a mirar el guion completo. Nos recuerda que cada desenlace es tambi\u00e9n un nuevo comienzo, y que el futuro no se espera: se dise\u00f1a, se disputa, se encarna.<\/p>\n\n\n\n<p class=\"wp-block-paragraph\">Ep\u00edlogo: La Tragedia Prospectiva en Tres Actos.<\/p>\n\n\n\n<p class=\"wp-block-paragraph\">En M\u00e9xico, mientras los relojes se derriten como en un cuadro de Dal\u00ed y los rumores se pasean con sombrero de copa, el tel\u00f3n cae.<\/p>\n\n\n\n<p class=\"wp-block-paragraph\">El p\u00fablico no aplaude: murmura. El pueblo sabio registra el eco de tres futuros posibles, cada uno con su propia m\u00fasica de fondo y su respectiva advertencia \u00e9tica.<\/p>\n\n\n\n<p class=\"wp-block-paragraph\">Acto I: El Canto del Delator.<\/p>\n\n\n\n<p class=\"wp-block-paragraph\">El detenido, convertido en tenor de la \u00f3pera judicial, entona una aria que sacude los cimientos del poder.<\/p>\n\n\n\n<p class=\"wp-block-paragraph\">Nombres, fechas, favores.<\/p>\n\n\n\n<p class=\"wp-block-paragraph\">La partitura se vuelve coral: caen protectores, se reescriben alianzas.<\/p>\n\n\n\n<p class=\"wp-block-paragraph\">M\u00e9xico celebra, pero sabe que la verdad cantada no siempre es la verdad completa.<\/p>\n\n\n\n<p class=\"wp-block-paragraph\">El futuro se abre, pero con cicatrices visibles.<\/p>\n\n\n\n<p class=\"wp-block-paragraph\">Acto II: El Chivo de Tabasco<\/p>\n\n\n\n<p class=\"wp-block-paragraph\">La narrativa oficial lo encierra en una celda simb\u00f3lica. \u201cFue \u00e9l, solo \u00e9l\u201d, repiten los voceros.<\/p>\n\n\n\n<p class=\"wp-block-paragraph\">El expediente se cierra con cinta adhesiva y olor a humedad.<\/p>\n\n\n\n<p class=\"wp-block-paragraph\">El pa\u00eds aprende a convivir con la turbiedad.<\/p>\n\n\n\n<p class=\"wp-block-paragraph\">El futuro se administra, pero no se transforma.<\/p>\n\n\n\n<p class=\"wp-block-paragraph\">Acto III: El Silencio Terminal.<\/p>\n\n\n\n<p class=\"wp-block-paragraph\">Una madrugada, el cuerpo aparece sin vida. \u201cSuicidio\u201d, dictan los peritos. Las preguntas se multiplican, pero las respuestas se archivan. El Sal\u00f3n enmudece.<\/p>\n\n\n\n<p class=\"wp-block-paragraph\">La clase pol\u00edtica guarda luto, pero tambi\u00e9n prepara m\u00e1scaras nuevas.<\/p>\n\n\n\n<p class=\"wp-block-paragraph\">El futuro se vuelve duelo, y el duelo se vuelve resistencia.<\/p>\n\n\n\n<p class=\"wp-block-paragraph\">Y as\u00ed termina esta entrega de la tragicomedia a la mexicana.<\/p>\n","protected":false},"excerpt":{"rendered":"<p>Ra\u00fal Ruiz ___________________________ En la rep\u00fablica de los blindajes discursivos y los suicidios oportunos, el vicealmirante Salvador Camargo Vivero ha decidido zarpar. No en uno de los veinte \u201chuachibuques\u201d que descarg\u00f3 con la gracia de quien bendice el contrabando, sino en el discreto nav\u00edo del exilio voluntario. Se queda sin amparo, pero con la br\u00fajula [&hellip;]<\/p>\n","protected":false},"author":6,"featured_media":43347,"comment_status":"closed","ping_status":"closed","sticky":false,"template":"","format":"standard","meta":{"_acf_changed":false,"_monsterinsights_skip_tracking":false,"slim_seo":{"title":"Los Cochineros: Cr\u00f3nica de un Estado Buqueado - Opini\u00f3n P\u00fablica","description":"Ra\u00fal Ruiz ___________________________ En la rep\u00fablica de los blindajes discursivos y los suicidios oportunos, el vicealmirante Salvador Camargo Vivero ha decidi"},"footnotes":""},"categories":[21],"tags":[593],"class_list":["post-68680","post","type-post","status-publish","format-standard","has-post-thumbnail","hentry","category-cartapacio","tag-cartapacio"],"acf":[],"_links":{"self":[{"href":"https:\/\/www.opinionpublica.tv\/portada\/wp-json\/wp\/v2\/posts\/68680","targetHints":{"allow":["GET"]}}],"collection":[{"href":"https:\/\/www.opinionpublica.tv\/portada\/wp-json\/wp\/v2\/posts"}],"about":[{"href":"https:\/\/www.opinionpublica.tv\/portada\/wp-json\/wp\/v2\/types\/post"}],"author":[{"embeddable":true,"href":"https:\/\/www.opinionpublica.tv\/portada\/wp-json\/wp\/v2\/users\/6"}],"replies":[{"embeddable":true,"href":"https:\/\/www.opinionpublica.tv\/portada\/wp-json\/wp\/v2\/comments?post=68680"}],"version-history":[{"count":4,"href":"https:\/\/www.opinionpublica.tv\/portada\/wp-json\/wp\/v2\/posts\/68680\/revisions"}],"predecessor-version":[{"id":68684,"href":"https:\/\/www.opinionpublica.tv\/portada\/wp-json\/wp\/v2\/posts\/68680\/revisions\/68684"}],"wp:featuredmedia":[{"embeddable":true,"href":"https:\/\/www.opinionpublica.tv\/portada\/wp-json\/wp\/v2\/media\/43347"}],"wp:attachment":[{"href":"https:\/\/www.opinionpublica.tv\/portada\/wp-json\/wp\/v2\/media?parent=68680"}],"wp:term":[{"taxonomy":"category","embeddable":true,"href":"https:\/\/www.opinionpublica.tv\/portada\/wp-json\/wp\/v2\/categories?post=68680"},{"taxonomy":"post_tag","embeddable":true,"href":"https:\/\/www.opinionpublica.tv\/portada\/wp-json\/wp\/v2\/tags?post=68680"}],"curies":[{"name":"wp","href":"https:\/\/api.w.org\/{rel}","templated":true}]}}