{"id":68612,"date":"2025-09-21T00:01:00","date_gmt":"2025-09-21T06:01:00","guid":{"rendered":"https:\/\/www.opinionpublica.tv\/portada\/?p=68612"},"modified":"2025-09-20T18:19:29","modified_gmt":"2025-09-21T00:19:29","slug":"efemerides-21-de-septiembre-un-dia-como-hoy-en-la-historia","status":"publish","type":"post","link":"https:\/\/www.opinionpublica.tv\/portada\/efemerides-21-de-septiembre-un-dia-como-hoy-en-la-historia\/","title":{"rendered":"Efem\u00e9rides 21 de septiembre | Un d\u00eda como hoy en la historia&#8230;"},"content":{"rendered":"\n<p class=\"wp-block-paragraph\"><em>Un d\u00eda 21 de septiembre como hoy, pero de 1993, se registra el primer encuentro de un Papa cat\u00f3lico, Juan Pablo II, con el gran rabino jud\u00edo de Israel, Israel Lau, en Castelgandolfo, residencia veraniega del pont\u00edfice<\/em>.<\/p>\n\n\n\n<figure class=\"wp-block-image size-full\"><img fetchpriority=\"high\" decoding=\"async\" width=\"600\" height=\"361\" src=\"https:\/\/www.opinionpublica.tv\/portada\/wp-content\/uploads\/2025\/09\/1993-se-registra-el-primer-encuentro-de-un-Papa-catolico-Juan-Pablo-II-con-el-gran-rabino-judio-de-Israel-Israel-Lau.png\" alt=\"1993, se registra el primer encuentro de un papa cato\u0301lico, juan pablo ii, con el gran rabino judi\u0301o de israel, israel lau\" class=\"wp-image-68614\" srcset=\"https:\/\/www.opinionpublica.tv\/portada\/wp-content\/uploads\/2025\/09\/1993-se-registra-el-primer-encuentro-de-un-Papa-catolico-Juan-Pablo-II-con-el-gran-rabino-judio-de-Israel-Israel-Lau.png 600w, https:\/\/www.opinionpublica.tv\/portada\/wp-content\/uploads\/2025\/09\/1993-se-registra-el-primer-encuentro-de-un-Papa-catolico-Juan-Pablo-II-con-el-gran-rabino-judio-de-Israel-Israel-Lau-300x181.png 300w\" sizes=\"(max-width: 600px) 100vw, 600px\" \/><\/figure>\n\n\n\n<p class=\"wp-block-paragraph\"><strong>Otras efem\u00e9rides<\/strong><\/p>\n\n\n\n<p class=\"wp-block-paragraph\">1551.- Carlos I de Espa\u00f1a ordena la fundaci\u00f3n de la Real Universidad de M\u00e9xico, hoy en d\u00eda Universidad Nacional Aut\u00f3noma de M\u00e9xico (UNAM).<\/p>\n\n\n\n<p class=\"wp-block-paragraph\">1792.- La Convenci\u00f3n francesa, en su primera sesi\u00f3n, abole de la monarqu\u00eda.<\/p>\n\n\n\n<p class=\"wp-block-paragraph\">1799.- El ingeniero y qu\u00edmico franc\u00e9s Fhilippe Lebon patenta su invento de aplicaci\u00f3n del gas para el alumbrado, la termol\u00e1mpara.<\/p>\n\n\n\n<p class=\"wp-block-paragraph\">1808.- Se crea la Junta Gubernativa de Montevideo, primera se\u00f1al de sublevaci\u00f3n de las colonias americanas contra Espa\u00f1a. \u00c9sta proclama su fidelidad al rey Fernando VII y la preside Francisco de El\u00edo.<\/p>\n\n\n\n<p class=\"wp-block-paragraph\">1843.- La goleta &#8216;Ancud&#8217; iza la bandera chilena en el puerto del Hambre y toma posesi\u00f3n del estrecho de Magallanes en nombre de este pa\u00eds.<\/p>\n\n\n\n<p class=\"wp-block-paragraph\">1863.- Espa\u00f1a reconoce la independencia de Argentina en el Tratado Tratado de reconocimiento, paz y amistad.<\/p>\n\n\n\n<p class=\"wp-block-paragraph\">1921.- Mueren 561 personas y casi dos mil resultan heridas al registrarse una explosi\u00f3n en la f\u00e1brica Badische Anilinwerke (BASF), en Oppau (Alemania), a orillas del Rhin, donde se almacenaban alrededor de 4.500 toneladas de sulfato y nitrato de amonio.<\/p>\n\n\n\n<p class=\"wp-block-paragraph\">1930.- El alem\u00e1n Johan Ostermeyer patenta el flash de l\u00e1mparas fotogr\u00e1fico de un solo uso.<\/p>\n\n\n\n<p class=\"wp-block-paragraph\">1937.- John R.R. Tolkien publica su novela &#8216;The Hobbit&#8217;.<\/p>\n\n\n\n<p class=\"wp-block-paragraph\">1954.- La Marina de los Estados Unidos recibe el &#8216;USS Nautilus&#8217;, el primer submarino de propulsi\u00f3n nuclear.<\/p>\n\n\n\n<p class=\"wp-block-paragraph\">1956.- El presidente de la Rep\u00fablica de Nicaragua Anastasio Somoza Garc\u00eda, resulta mortalmente herido en Le\u00f3n (Nicaragua). Fallece ocho d\u00edas despu\u00e9s en Panam\u00e1.<\/p>\n\n\n\n<p class=\"wp-block-paragraph\">1976.- El ex embajador chileno Orlando Letelier, miembro activo de la oposici\u00f3n a Pinochet, y su secretaria, Ronnie Moffit, mueren en Washington al estallar una bomba en su autom\u00f3vil.<\/p>\n\n\n\n<p class=\"wp-block-paragraph\">1979.- Jos\u00e9 Eduardo dos Santos toma posesi\u00f3n como presidente de Angola tras la muerte de Antonio Agostinho Neto por enfermedad en Mosc\u00fa.<\/p>\n\n\n\n<p class=\"wp-block-paragraph\">1982.- Am\u00edn Gemayel es elegido presidente de L\u00edbano despu\u00e9s de la muerte en atentado de su hermano Bechir Gemayel.<\/p>\n\n\n\n<p class=\"wp-block-paragraph\">1990.- El presidente de L\u00edbano, El\u00edas Haraui, proclama la Nueva Rep\u00fablica Libanesa.<\/p>\n\n\n\n<p class=\"wp-block-paragraph\">1992.- El Vaticano y M\u00e9xico establecen relaciones diplom\u00e1ticas, interrumpidas hac\u00eda un siglo.<\/p>\n\n\n\n<p class=\"wp-block-paragraph\">1994.- Cuarenta de los 120 pa\u00edses del OIEA firman en Viena la primera convenci\u00f3n internacional sobre seguridad nuclear.<\/p>\n\n\n\n<p class=\"wp-block-paragraph\">1998.- Bill Clinton testifica ante el Gran Jurado estadounidense por sus relaciones con Monica Lewinski, becaria de la Casa Blanca.<\/p>\n\n\n\n<p class=\"wp-block-paragraph\">2003.- El telescopio espacial &#8216;Galileo&#8217;, despu\u00e9s de casi 15 a\u00f1os en \u00f3rbita, se desintegra en la atm\u00f3sfera de J\u00fapiter al finalizar su misi\u00f3n.<\/p>\n\n\n\n<p class=\"wp-block-paragraph\">2005.- Nueve muertos, entre ellos el ministro de Seguridad P\u00fablica Ram\u00f3n Mart\u00edn, en un accidente de helic\u00f3ptero en el estado de M\u00e9xico.<\/p>\n\n\n\n<p class=\"wp-block-paragraph\">2006.- El exasesor presidencial peruano Vladimiro Montesinos es condenado a 20 a\u00f1os de c\u00e1rcel por vender armas a las FARC colombianas.<\/p>\n\n\n\n<p class=\"wp-block-paragraph\">2007.- La Corte Suprema de Chile aprueba la extradici\u00f3n a Per\u00fa del expresidente Alberto Fujimori.<\/p>\n\n\n\n<p class=\"wp-block-paragraph\">2009.- El depuesto presidente hondure\u00f1o Manuel Zelaya regresa a Honduras y se instala en la Embajada de Brasil.<\/p>\n\n\n\n<p class=\"wp-block-paragraph\">2013.- Mueren 72 personas, incluidos los 5 terroristas, en un centro comercial en Nairobi (Kenia) asaltado por la milicia radical somal\u00ed Al Shabab.<\/p>\n\n\n\n<p class=\"wp-block-paragraph\">2019.- J\u00f3venes activistas, entre ellos la sueca Greta Thunberg, piden en la Asamblea de la ONU acciones contra cambio clim\u00e1tico.<\/p>\n\n\n\n<p class=\"wp-block-paragraph\">2022.- Vladimir Putin anuncia la \u00abmovilizaci\u00f3n parcial\u00bb de 300 mil reservistas rusos para la guerra de Ucrania.<\/p>\n\n\n\n<p class=\"wp-block-paragraph\"><strong>Nacimientos<\/strong><\/p>\n\n\n\n<p class=\"wp-block-paragraph\">1895.- Juan de la Cierva, ingeniero espa\u00f1ol, inventor del autogiro.<\/p>\n\n\n\n<p class=\"wp-block-paragraph\">1929.- H\u00e9ctor Alterio, actor espa\u00f1ol de origen argentino.<\/p>\n\n\n\n<p class=\"wp-block-paragraph\">1934.- Leonard Cohen, m\u00fasico y escritor canadiense.<\/p>\n\n\n\n<p class=\"wp-block-paragraph\">1947.- Stephen King, escritor estadounidense.<\/p>\n\n\n\n<p class=\"wp-block-paragraph\">1950.- William James Murray, &#8216;Bill Murray&#8217;, actor estadounidense.<\/p>\n\n\n\n<p class=\"wp-block-paragraph\">1957.- Ethan Coen, director de cine estadounidense.<\/p>\n\n\n\n<p class=\"wp-block-paragraph\">1972.- Liam Gallagher, l\u00edder del grupo brit\u00e1nico &#8216;Oasis&#8217;.<\/p>\n\n\n\n<p class=\"wp-block-paragraph\">1989.- Jason Derulo, actor y cantante estadounidense.<\/p>\n\n\n\n<p class=\"wp-block-paragraph\"><strong>Defunciones<\/strong><\/p>\n\n\n\n<p class=\"wp-block-paragraph\">1558.- Carlos I, rey de Espa\u00f1a y emperador de Alemania.<\/p>\n\n\n\n<p class=\"wp-block-paragraph\">1832.- Walter Scott, escritor brit\u00e1nico.<\/p>\n\n\n\n<p class=\"wp-block-paragraph\">1976.- Orlando Letelier, pol\u00edtico chileno.<\/p>\n\n\n\n<p class=\"wp-block-paragraph\">2014.- Graciliano Barreiros, empresario de automoci\u00f3n espa\u00f1ol.<\/p>\n\n\n\n<p class=\"wp-block-paragraph\">2015.- Carmen Balcells, editora espa\u00f1ola.<\/p>\n\n\n\n<p class=\"wp-block-paragraph\">2017.- Liliane Bettencourt, empresaria francesa due\u00f1a de L&#8217;Or\u00e9al.<\/p>\n\n\n\n<p class=\"wp-block-paragraph\">2020.- Arthur Ashkin, f\u00edsico estadounidense y Premio Nobel por sus investigaciones del l\u00e1ser.<\/p>\n\n\n\n<p class=\"wp-block-paragraph\">2021.- Melvin Van Peebles, cineasta estadounidense, icono del cine afroamericano.<\/p>\n","protected":false},"excerpt":{"rendered":"<p>Un d\u00eda 21 de septiembre como hoy, pero de 1993, se registra el primer encuentro de un Papa cat\u00f3lico, Juan Pablo II, con el gran rabino jud\u00edo de Israel, Israel Lau, en Castelgandolfo, residencia veraniega del pont\u00edfice. Otras efem\u00e9rides 1551.- Carlos I de Espa\u00f1a ordena la fundaci\u00f3n de la Real Universidad de M\u00e9xico, hoy en [&hellip;]<\/p>\n","protected":false},"author":6,"featured_media":68614,"comment_status":"closed","ping_status":"closed","sticky":false,"template":"","format":"standard","meta":{"_acf_changed":false,"_monsterinsights_skip_tracking":false,"slim_seo":{"title":"Efem\u00e9rides 21 de septiembre | Un d\u00eda como hoy en la historia... - Opini\u00f3n P\u00fablica","description":"Un d\u00eda 21 de septiembre como hoy, pero de 1993, se registra el primer encuentro de un Papa cat\u00f3lico, Juan Pablo II, con el gran rabino jud\u00edo de Israel, Israel L"},"footnotes":""},"categories":[27],"tags":[],"class_list":["post-68612","post","type-post","status-publish","format-standard","has-post-thumbnail","hentry","category-un-dia-como-hoy"],"acf":[],"_links":{"self":[{"href":"https:\/\/www.opinionpublica.tv\/portada\/wp-json\/wp\/v2\/posts\/68612","targetHints":{"allow":["GET"]}}],"collection":[{"href":"https:\/\/www.opinionpublica.tv\/portada\/wp-json\/wp\/v2\/posts"}],"about":[{"href":"https:\/\/www.opinionpublica.tv\/portada\/wp-json\/wp\/v2\/types\/post"}],"author":[{"embeddable":true,"href":"https:\/\/www.opinionpublica.tv\/portada\/wp-json\/wp\/v2\/users\/6"}],"replies":[{"embeddable":true,"href":"https:\/\/www.opinionpublica.tv\/portada\/wp-json\/wp\/v2\/comments?post=68612"}],"version-history":[{"count":2,"href":"https:\/\/www.opinionpublica.tv\/portada\/wp-json\/wp\/v2\/posts\/68612\/revisions"}],"predecessor-version":[{"id":68616,"href":"https:\/\/www.opinionpublica.tv\/portada\/wp-json\/wp\/v2\/posts\/68612\/revisions\/68616"}],"wp:featuredmedia":[{"embeddable":true,"href":"https:\/\/www.opinionpublica.tv\/portada\/wp-json\/wp\/v2\/media\/68614"}],"wp:attachment":[{"href":"https:\/\/www.opinionpublica.tv\/portada\/wp-json\/wp\/v2\/media?parent=68612"}],"wp:term":[{"taxonomy":"category","embeddable":true,"href":"https:\/\/www.opinionpublica.tv\/portada\/wp-json\/wp\/v2\/categories?post=68612"},{"taxonomy":"post_tag","embeddable":true,"href":"https:\/\/www.opinionpublica.tv\/portada\/wp-json\/wp\/v2\/tags?post=68612"}],"curies":[{"name":"wp","href":"https:\/\/api.w.org\/{rel}","templated":true}]}}