{"id":68588,"date":"2025-09-20T00:01:00","date_gmt":"2025-09-20T06:01:00","guid":{"rendered":"https:\/\/www.opinionpublica.tv\/portada\/?p=68588"},"modified":"2025-09-19T20:50:59","modified_gmt":"2025-09-20T02:50:59","slug":"participan-corporaciones-de-ciudad-juarez-en-el-segundo-simulacro-nacional-2025","status":"publish","type":"post","link":"https:\/\/www.opinionpublica.tv\/portada\/participan-corporaciones-de-ciudad-juarez-en-el-segundo-simulacro-nacional-2025\/","title":{"rendered":"Participan corporaciones de Ciudad Ju\u00e1rez en el Segundo Simulacro Nacional 2025"},"content":{"rendered":"\n<figure class=\"wp-block-image size-large\"><img fetchpriority=\"high\" decoding=\"async\" width=\"1024\" height=\"682\" src=\"https:\/\/www.opinionpublica.tv\/portada\/wp-content\/uploads\/2025\/09\/Participan-corporaciones-de-Ciudad-Juarez-en-el-Segundo-Simulacro-Nacional-2025-1024x682.jpeg\" alt=\"Participan corporaciones de ciudad jua\u0301rez en el segundo simulacro nacional 2025\" class=\"wp-image-68591\" srcset=\"https:\/\/www.opinionpublica.tv\/portada\/wp-content\/uploads\/2025\/09\/Participan-corporaciones-de-Ciudad-Juarez-en-el-Segundo-Simulacro-Nacional-2025-1024x682.jpeg 1024w, https:\/\/www.opinionpublica.tv\/portada\/wp-content\/uploads\/2025\/09\/Participan-corporaciones-de-Ciudad-Juarez-en-el-Segundo-Simulacro-Nacional-2025-300x200.jpeg 300w, https:\/\/www.opinionpublica.tv\/portada\/wp-content\/uploads\/2025\/09\/Participan-corporaciones-de-Ciudad-Juarez-en-el-Segundo-Simulacro-Nacional-2025-768x512.jpeg 768w, https:\/\/www.opinionpublica.tv\/portada\/wp-content\/uploads\/2025\/09\/Participan-corporaciones-de-Ciudad-Juarez-en-el-Segundo-Simulacro-Nacional-2025-1536x1023.jpeg 1536w, https:\/\/www.opinionpublica.tv\/portada\/wp-content\/uploads\/2025\/09\/Participan-corporaciones-de-Ciudad-Juarez-en-el-Segundo-Simulacro-Nacional-2025.jpeg 1600w\" sizes=\"(max-width: 1024px) 100vw, 1024px\" \/><\/figure>\n\n\n\n<p class=\"wp-block-paragraph\"><em>Ciudad Ju\u00e1rez, Chih<\/em>.- En el marco del Segundo Simulacro Nacional 2025, el director de Protecci\u00f3n Civil, Sergio Rodr\u00edguez, destac\u00f3 la importancia de la alerta s\u00edsmica que, por primera vez, lleg\u00f3 de manera directa a la ciudadan\u00eda a trav\u00e9s de sus tel\u00e9fonos celulares, tal como lo hab\u00eda anunciado la presidenta de M\u00e9xico, Claudia Sheinbaum Pardo.<\/p>\n\n\n\n<p class=\"wp-block-paragraph\">Se\u00f1al\u00f3 que este avance representa un paso fundamental en la cultura de la prevenci\u00f3n, ya que permite que tanto amas de casa como trabajadores de la construcci\u00f3n o padres de familia reciban de inmediato la advertencia de un sismo.<\/p>\n\n\n\n<p class=\"wp-block-paragraph\">La hip\u00f3tesis del ejercicio fue un sismo de 6.5 grados en la escala de Richter. En Ciudad Ju\u00e1rez. La alarma son\u00f3 puntualmente a las 12:00 horas en distintos puntos de la ciudad, incluyendo la presidencia municipal, la Unidad Administrativa Abraham Gonz\u00e1lez (mejor conocida como edificio Nielsen), un centro comercial ubicado en avenida De los Aztecas y bulevar Zaragoza, en los institutos de la Universidad Aut\u00f3noma de Ciudad Ju\u00e1rez, la Aduana de Ciudad Ju\u00e1rez y varias maquiladoras como Bosch y BRP; registrando aproximadamente 200 participaciones de grupos ciudadanos entre estudiantes, empleados de gobierno, recicladoras y empresas.<\/p>\n\n\n\n<p class=\"wp-block-paragraph\">Rodr\u00edguez detall\u00f3 que en el edificio de la presidencia municipal se logr\u00f3 la evacuaci\u00f3n de 354 empleados y 20 civiles con apoyo de brigadistas internos previamente capacitados por Protecci\u00f3n Civil, contando con el apoyo de 52 brigadistas y tres jefes por piso, quienes coordinaron la evacuaci\u00f3n de los cinco pisos del inmueble.<\/p>\n\n\n\n<p class=\"wp-block-paragraph\">En el operativo participaron distintas dependencias y cuerpos de auxilio, entre ellos: Bomberos, Rescate Municipal, Cruz Roja, Secretar\u00eda de la Defensa Nacional, Secretar\u00eda de Seguridad P\u00fablica Municipal, Seguridad Vial, voluntarios del CLAM y agrupaciones de banda civil.<\/p>\n\n\n\n<p class=\"wp-block-paragraph\">Como parte del simulacro, se registraron tres personas \u201clesionadas\u201d de manera leve, quienes recibieron atenci\u00f3n m\u00e9dica inmediata.<\/p>\n\n\n\n<p class=\"wp-block-paragraph\">El titular de Protecci\u00f3n Civil subray\u00f3 que la implementaci\u00f3n de la alerta a nivel nacional, que alcanz\u00f3 a 80 millones de celulares, es un proyecto que lleg\u00f3 para quedarse y se fortalecer\u00e1 con la visi\u00f3n del Presidente Municipal, Cruz P\u00e9rez Cu\u00e9llar, de contar con un sistema de alerta temprana que permita actuar con mayor rapidez ante emergencias.<\/p>\n","protected":false},"excerpt":{"rendered":"<p>Ciudad Ju\u00e1rez, Chih.- En el marco del Segundo Simulacro Nacional 2025, el director de Protecci\u00f3n Civil, Sergio Rodr\u00edguez, destac\u00f3 la importancia de la alerta s\u00edsmica que, por primera vez, lleg\u00f3 de manera directa a la ciudadan\u00eda a trav\u00e9s de sus tel\u00e9fonos celulares, tal como lo hab\u00eda anunciado la presidenta de M\u00e9xico, Claudia Sheinbaum Pardo. Se\u00f1al\u00f3 [&hellip;]<\/p>\n","protected":false},"author":6,"featured_media":68591,"comment_status":"closed","ping_status":"closed","sticky":false,"template":"","format":"standard","meta":{"_acf_changed":false,"_monsterinsights_skip_tracking":false,"slim_seo":{"title":"Participan corporaciones de Ciudad Ju\u00e1rez en el Segundo Simulacro Nacional 2025 - Opini\u00f3n P\u00fablica","description":"Ciudad Ju\u00e1rez, Chih .- En el marco del Segundo Simulacro Nacional 2025, el director de Protecci\u00f3n Civil, Sergio Rodr\u00edguez, destac\u00f3 la importancia de la alerta s"},"footnotes":""},"categories":[41],"tags":[],"class_list":["post-68588","post","type-post","status-publish","format-standard","has-post-thumbnail","hentry","category-juarez"],"acf":[],"_links":{"self":[{"href":"https:\/\/www.opinionpublica.tv\/portada\/wp-json\/wp\/v2\/posts\/68588","targetHints":{"allow":["GET"]}}],"collection":[{"href":"https:\/\/www.opinionpublica.tv\/portada\/wp-json\/wp\/v2\/posts"}],"about":[{"href":"https:\/\/www.opinionpublica.tv\/portada\/wp-json\/wp\/v2\/types\/post"}],"author":[{"embeddable":true,"href":"https:\/\/www.opinionpublica.tv\/portada\/wp-json\/wp\/v2\/users\/6"}],"replies":[{"embeddable":true,"href":"https:\/\/www.opinionpublica.tv\/portada\/wp-json\/wp\/v2\/comments?post=68588"}],"version-history":[{"count":2,"href":"https:\/\/www.opinionpublica.tv\/portada\/wp-json\/wp\/v2\/posts\/68588\/revisions"}],"predecessor-version":[{"id":68592,"href":"https:\/\/www.opinionpublica.tv\/portada\/wp-json\/wp\/v2\/posts\/68588\/revisions\/68592"}],"wp:featuredmedia":[{"embeddable":true,"href":"https:\/\/www.opinionpublica.tv\/portada\/wp-json\/wp\/v2\/media\/68591"}],"wp:attachment":[{"href":"https:\/\/www.opinionpublica.tv\/portada\/wp-json\/wp\/v2\/media?parent=68588"}],"wp:term":[{"taxonomy":"category","embeddable":true,"href":"https:\/\/www.opinionpublica.tv\/portada\/wp-json\/wp\/v2\/categories?post=68588"},{"taxonomy":"post_tag","embeddable":true,"href":"https:\/\/www.opinionpublica.tv\/portada\/wp-json\/wp\/v2\/tags?post=68588"}],"curies":[{"name":"wp","href":"https:\/\/api.w.org\/{rel}","templated":true}]}}