{"id":68566,"date":"2025-09-20T00:01:00","date_gmt":"2025-09-20T06:01:00","guid":{"rendered":"https:\/\/www.opinionpublica.tv\/portada\/?p=68566"},"modified":"2025-09-19T20:16:01","modified_gmt":"2025-09-20T02:16:01","slug":"pese-a-temas-politicos-mexico-es-el-pais-mas-atractivo-para-invertir-en-latinoamerica-especialistas","status":"publish","type":"post","link":"https:\/\/www.opinionpublica.tv\/portada\/pese-a-temas-politicos-mexico-es-el-pais-mas-atractivo-para-invertir-en-latinoamerica-especialistas\/","title":{"rendered":"Pese a temas pol\u00edticos, M\u00e9xico es el pa\u00eds m\u00e1s atractivo para invertir en Latinoam\u00e9rica; se\u00f1alan especialistas"},"content":{"rendered":"\n<figure class=\"wp-block-image size-full\"><img fetchpriority=\"high\" decoding=\"async\" width=\"1006\" height=\"620\" src=\"https:\/\/www.opinionpublica.tv\/portada\/wp-content\/uploads\/2025\/09\/Pese-a-temas-politicos-Mexico-es-el-pais-mas-atractivo-para-invertir-en-Latinoamerica-senalan-especialistas.avif\" alt=\"Pese a temas poli\u0301ticos, me\u0301xico es el pai\u0301s ma\u0301s atractivo para invertir en latinoame\u0301rica; sen\u0303alan especialistas\" class=\"wp-image-68569\" srcset=\"https:\/\/www.opinionpublica.tv\/portada\/wp-content\/uploads\/2025\/09\/Pese-a-temas-politicos-Mexico-es-el-pais-mas-atractivo-para-invertir-en-Latinoamerica-senalan-especialistas.avif 1006w, https:\/\/www.opinionpublica.tv\/portada\/wp-content\/uploads\/2025\/09\/Pese-a-temas-politicos-Mexico-es-el-pais-mas-atractivo-para-invertir-en-Latinoamerica-senalan-especialistas-300x185.avif 300w, https:\/\/www.opinionpublica.tv\/portada\/wp-content\/uploads\/2025\/09\/Pese-a-temas-politicos-Mexico-es-el-pais-mas-atractivo-para-invertir-en-Latinoamerica-senalan-especialistas-768x473.avif 768w\" sizes=\"(max-width: 1006px) 100vw, 1006px\" \/><\/figure>\n\n\n\n<p class=\"wp-block-paragraph\">La econom\u00eda mexicana es una de las m\u00e1s atractivas para desarrollar proyectos de inversi\u00f3n en Am\u00e9rica Latina, a pesar de temas pol\u00edticos y del d\u00e9bil crecimiento que tiene, coincidieron especialistas.<\/p>\n\n\n\n<p class=\"wp-block-paragraph\">Durante el Summit Rumbo Econ\u00f3mico de M\u00e9xico y Norteam\u00e9rica, organizado por la Confederaci\u00f3n Patronal de la Rep\u00fablica Mexicana (Coparmex), los expertos afirmaron que M\u00e9xico es como \u201cla casa bonita en el barrio feo\u201d de la regi\u00f3n.<\/p>\n\n\n\n<p class=\"wp-block-paragraph\">El presidente de la Confederaci\u00f3n Patronal de la Rep\u00fablica Mexicana (Coparmex), Juan Jos\u00e9 Sierra, dijo que gracias al Tratado entre M\u00e9xico, Estados Unidos y Canad\u00e1 (T-MEC), el pa\u00eds cuenta con un marco jur\u00eddico que ofrece certeza a las inversiones, a pesar de la incertidumbre y la complejidad del entorno.<\/p>\n\n\n\n<p class=\"wp-block-paragraph\">En su opini\u00f3n, el acuerdo comercial facilita el intercambio de bienes y permite que las empresas participen en cadenas de valor de alto impacto.<\/p>\n\n\n\n<p class=\"wp-block-paragraph\">Sin embargo, a\u00f1adi\u00f3 que \u201cun tratado no se defiende solo, requiere la voluntad, el compromiso y la visi\u00f3n de largo plazo\u201d de gobiernos y del sector privado.<\/p>\n\n\n\n<p class=\"wp-block-paragraph\">A\u00f1adi\u00f3 que en medio de la pr\u00f3rroga arancelaria de 90 d\u00edas que dio Estados Unidos, \u00abestamos en un momento decisivo para M\u00e9xico\u2026 y ante una oportunidad de fortalecimiento como regi\u00f3n de Norteam\u00e9rica porque somos uno de los mercados m\u00e1s grande del mundo\u201d.<\/p>\n\n\n\n<p class=\"wp-block-paragraph\">\u00abM\u00e9xico, la casa bonita en el barrio feo\u00bb<\/p>\n\n\n\n<p class=\"wp-block-paragraph\">En general, a pesar de los problemas del pa\u00eds en todos los \u00e1mbitos, desde fuera \u201cven al pa\u00eds muy bien\u201d, \u201cest\u00e1 muy bien posicionado comparado con pa\u00edses de Latinoam\u00e9rica\u201d, expuso el vicepresidente y codirector de inversores de Franklin Templeton Investment, Luis Gonzali.<\/p>\n\n\n\n<p class=\"wp-block-paragraph\">Agreg\u00f3 que \u201csomos como la casa bonita en el barrio feo, no es que hayamos mejorado\u201d, pero tenemos inversiones porque es el pa\u00eds con la mejor tasa de muchas econom\u00edas, a\u00f1adi\u00f3 el especialista de la firma consultora.<\/p>\n\n\n\n<p class=\"wp-block-paragraph\">Al respecto, el experto en el sector financiero Jorge Su\u00e1rez V\u00e9lez, coincidi\u00f3 en que \u201csomos la casa menos fregada del barrio\u201d sobre todo si nos comparamos con pa\u00edses como Brasil y Colombia que podr\u00edan tener una crisis.<\/p>\n\n\n\n<p class=\"wp-block-paragraph\">Sin embargo, tenemos condiciones estables y con crecimiento mediocre.<\/p>\n\n\n\n<p class=\"wp-block-paragraph\">El presidente de Consejo de Banco Azteca, Alejandro Valenzuela, dijo que las empresas buscan tener un margen de maniobra para tomar riesgos m\u00e1s calculados y quieren certidumbre.<\/p>\n\n\n\n<p class=\"wp-block-paragraph\">Por su parte, la vicepresidenta de la American Chamber Mexico (Amcham), Fernanda Guarro, dijo que M\u00e9xico tiene que prepararse para la eventualidad de que haya una reapertura del T-MEC o se tengan que renegociar cap\u00edtulos.<\/p>\n\n\n\n<p class=\"wp-block-paragraph\">No obstante, dijo que no se observa riesgo de que se vaya a terminar el Tratado por el alto grado de integraci\u00f3n que hay en Norteam\u00e9rica.<\/p>\n\n\n\n<p class=\"wp-block-paragraph\"><em>Con informaci\u00f3n de El Universal<\/em>.<\/p>\n","protected":false},"excerpt":{"rendered":"<p>La econom\u00eda mexicana es una de las m\u00e1s atractivas para desarrollar proyectos de inversi\u00f3n en Am\u00e9rica Latina, a pesar de temas pol\u00edticos y del d\u00e9bil crecimiento que tiene, coincidieron especialistas. Durante el Summit Rumbo Econ\u00f3mico de M\u00e9xico y Norteam\u00e9rica, organizado por la Confederaci\u00f3n Patronal de la Rep\u00fablica Mexicana (Coparmex), los expertos afirmaron que M\u00e9xico es [&hellip;]<\/p>\n","protected":false},"author":6,"featured_media":68569,"comment_status":"closed","ping_status":"closed","sticky":false,"template":"","format":"standard","meta":{"_acf_changed":false,"_monsterinsights_skip_tracking":false,"slim_seo":{"title":"Pese a temas pol\u00edticos, M\u00e9xico es el pa\u00eds m\u00e1s atractivo para invertir en Latinoam\u00e9rica; se\u00f1alan especialistas - Opini\u00f3n P\u00fablica","description":"La econom\u00eda mexicana es una de las m\u00e1s atractivas para desarrollar proyectos de inversi\u00f3n en Am\u00e9rica Latina, a pesar de temas pol\u00edticos y del d\u00e9bil crecimiento"},"footnotes":""},"categories":[3],"tags":[],"class_list":["post-68566","post","type-post","status-publish","format-standard","has-post-thumbnail","hentry","category-principal"],"acf":[],"_links":{"self":[{"href":"https:\/\/www.opinionpublica.tv\/portada\/wp-json\/wp\/v2\/posts\/68566","targetHints":{"allow":["GET"]}}],"collection":[{"href":"https:\/\/www.opinionpublica.tv\/portada\/wp-json\/wp\/v2\/posts"}],"about":[{"href":"https:\/\/www.opinionpublica.tv\/portada\/wp-json\/wp\/v2\/types\/post"}],"author":[{"embeddable":true,"href":"https:\/\/www.opinionpublica.tv\/portada\/wp-json\/wp\/v2\/users\/6"}],"replies":[{"embeddable":true,"href":"https:\/\/www.opinionpublica.tv\/portada\/wp-json\/wp\/v2\/comments?post=68566"}],"version-history":[{"count":3,"href":"https:\/\/www.opinionpublica.tv\/portada\/wp-json\/wp\/v2\/posts\/68566\/revisions"}],"predecessor-version":[{"id":68570,"href":"https:\/\/www.opinionpublica.tv\/portada\/wp-json\/wp\/v2\/posts\/68566\/revisions\/68570"}],"wp:featuredmedia":[{"embeddable":true,"href":"https:\/\/www.opinionpublica.tv\/portada\/wp-json\/wp\/v2\/media\/68569"}],"wp:attachment":[{"href":"https:\/\/www.opinionpublica.tv\/portada\/wp-json\/wp\/v2\/media?parent=68566"}],"wp:term":[{"taxonomy":"category","embeddable":true,"href":"https:\/\/www.opinionpublica.tv\/portada\/wp-json\/wp\/v2\/categories?post=68566"},{"taxonomy":"post_tag","embeddable":true,"href":"https:\/\/www.opinionpublica.tv\/portada\/wp-json\/wp\/v2\/tags?post=68566"}],"curies":[{"name":"wp","href":"https:\/\/api.w.org\/{rel}","templated":true}]}}