{"id":68561,"date":"2025-09-20T00:01:00","date_gmt":"2025-09-20T06:01:00","guid":{"rendered":"https:\/\/www.opinionpublica.tv\/portada\/?p=68561"},"modified":"2025-09-19T20:06:15","modified_gmt":"2025-09-20T02:06:15","slug":"anuncian-meta-ray-ban-display-primeros-lentes-inteligencia-artificial-con-pantalla-hd","status":"publish","type":"post","link":"https:\/\/www.opinionpublica.tv\/portada\/anuncian-meta-ray-ban-display-primeros-lentes-inteligencia-artificial-con-pantalla-hd\/","title":{"rendered":"Anuncian Meta Ray-Ban Display, primeros lentes Inteligencia Artificial en HD"},"content":{"rendered":"\n<figure class=\"wp-block-image size-full\"><img fetchpriority=\"high\" decoding=\"async\" width=\"1005\" height=\"620\" src=\"https:\/\/www.opinionpublica.tv\/portada\/wp-content\/uploads\/2025\/09\/Anuncian-Meta-Ray-Ban-Display-primeros-lentes-Inteligencia-Artificial-en-HD.avif\" alt=\"Anuncian meta ray ban display, primeros lentes inteligencia artificial en hd\" class=\"wp-image-68564\" srcset=\"https:\/\/www.opinionpublica.tv\/portada\/wp-content\/uploads\/2025\/09\/Anuncian-Meta-Ray-Ban-Display-primeros-lentes-Inteligencia-Artificial-en-HD.avif 1005w, https:\/\/www.opinionpublica.tv\/portada\/wp-content\/uploads\/2025\/09\/Anuncian-Meta-Ray-Ban-Display-primeros-lentes-Inteligencia-Artificial-en-HD-300x185.avif 300w, https:\/\/www.opinionpublica.tv\/portada\/wp-content\/uploads\/2025\/09\/Anuncian-Meta-Ray-Ban-Display-primeros-lentes-Inteligencia-Artificial-en-HD-768x474.avif 768w\" sizes=\"(max-width: 1005px) 100vw, 1005px\" \/><\/figure>\n\n\n\n<p class=\"wp-block-paragraph\">Imagina que est\u00e1s en una conversaci\u00f3n y, de pronto, surge una duda, quieres integrar a alguien a la pl\u00e1tica o necesitas apuntar un acuerdo al que acabas de llegar&#8230; hoy lo m\u00e1s natural es tomar el tel\u00e9fono y llevar alguna de estas acciones a cabo. Pues, pronto, lo podr\u00e1s realizar con los lentes Meta Ray-Ban Display y un par de movimientos de mu\u00f1eca.<\/p>\n\n\n\n<p class=\"wp-block-paragraph\">El flamante modelo de lentes con IA fue presentado esta tarde por Mark Zuckerberg, como parte del evento Meta Connect 2025. Con ello, el CEO de Meta da un paso m\u00e1s en su proyecto de superinteligencia personal anunciado a finales de julio, donde comparti\u00f3 su ambici\u00f3n por procurar un futuro donde la gente estuviera verdaderamente conectada gracias a la IA.<\/p>\n\n\n\n<p class=\"wp-block-paragraph\">Con estos lentes, la intenci\u00f3n es que no pierdas esa conexi\u00f3n con tu interlocutor ni con tu entorno. As\u00ed, en lugar de enfocar tu vista a la pantalla del tel\u00e9fono, la propuesta de Meta son estos anteojos que proyectan, en un solo lado de tu vista, una peque\u00f1a pantalla que sirve para proyectar desde mensajes de WhatsApp, recomendaciones potenciadas con IA hasta videollamadas.<\/p>\n\n\n\n<p class=\"wp-block-paragraph\">Despu\u00e9s de unos segundos, la pantalla se quita para no ponerte en riesgo y para que contin\u00faes interactuando con lo que te rodea. \u00abNo son un prototipo, est\u00e1n aqu\u00ed y podr\u00e1n adquirirse en un par de semanas (en Estados Unidos).<\/p>\n\n\n\n<p class=\"wp-block-paragraph\">\u00abSon lentes con el estilo cl\u00e1sico de Ray-Ban, pero son los primeros lentes inteligentes con pantalla de alta resoluci\u00f3n y una forma completamente nueva de interactuar con ellos\u00bb, explic\u00f3 Zuckerberg.<\/p>\n\n\n\n<p class=\"wp-block-paragraph\">\u00bfC\u00f3mo funcionan los lentes Meta Ray-Ban Display?<\/p>\n\n\n\n<p class=\"wp-block-paragraph\">El secreto de los Meta Ray-Ban Display es el combo que forma con la Meta Neural Band, una discreta banda que traduce tus gestos en comandos para los anteojos. El desarrollo implic\u00f3 la participaci\u00f3n de casi 200 mil personas y a\u00f1os de investigaci\u00f3n en electromiograf\u00eda de superficie, una t\u00e9cnica empleada para evaluar la actividad muscular.<\/p>\n\n\n\n<p class=\"wp-block-paragraph\">Es por ello que con movimientos \u00abnaturales\u00bb como girar la perilla de volumen, deslizar el dedo \u00edndice hacia determinado lado o, incluso, simular que escribes una oraci\u00f3n sobre una superficie plana, podr\u00e1s manipular las tareas que ejecutan los lentes.<\/p>\n\n\n\n<p class=\"wp-block-paragraph\">Eso s\u00ed, para la an\u00e9cdota quedar\u00e1n los m\u00faltiples intentos de Mark por contestar la videollamada de uno de sus colaboradores durante el evento. En la demostraci\u00f3n, maravill\u00f3 a todos cuando, con unos cuantos movimientos, respondi\u00f3 una conversaci\u00f3n en WhatsApp; no obstante, a la hora de \u00abtomar\u00bb la llamada con sus dedos, la tecnolog\u00eda \u00able dio la espalda\u00bb.<\/p>\n\n\n\n<p class=\"wp-block-paragraph\">\u00bfQu\u00e9 se puede hacer con los Meta Ray-Ban Display?<\/p>\n\n\n\n<p class=\"wp-block-paragraph\">A diferencia de los otros productos revelados, la pantalla permite ver la traducci\u00f3n de textos o conversaciones con subt\u00edtulos sin necesidad de tener el tel\u00e9fono en la mano. En generaciones anteriores, por ejemplo, la traducci\u00f3n se va reflejando poco a poco en la app de Meta AI.<\/p>\n\n\n\n<p class=\"wp-block-paragraph\">Otro de los usos que tiene la pantalla es proyectar las indicaciones en un mapa cuando haces traslados a pie. La compa\u00f1\u00eda precis\u00f3 que esta funci\u00f3n se lanzar\u00e1 en beta para algunas ciudades e ir\u00e1n agregando m\u00e1s destinos con el paso del tiempo.<\/p>\n\n\n\n<p class=\"wp-block-paragraph\">Mientras que con la band tambi\u00e9n podr\u00e1s navegar en tus playlists, utilizar respuestas r\u00e1pidas o \u00abescribir\u00bb tu propio mensaje. Sin embargo, las palmas se las lleva la funci\u00f3n de Live AI, donde la inteligencia artificial estar\u00e1 lista para responder tus preguntas y atender a tus indicaciones sin necesidad de estar llam\u00e1ndola con el \u00abOk, Meta\u00bb o \u00abHey, Meta\u00bb que se ve\u00eda en sus modelos anteriores de gafas inteligentes.<\/p>\n\n\n\n<p class=\"wp-block-paragraph\">Al activar Live AI, puedes preguntar qu\u00e9 hacer con una serie de ingredientes que tengas frente a ti, cu\u00e1ndo salen los boletos para tu concierto favorito e, incluso, en medio de una conversaci\u00f3n, cual asistente de lujo, agendar\u00e1 tu pr\u00f3xima cita en el dentista sin que debas solicitarlo.<\/p>\n\n\n\n<p class=\"wp-block-paragraph\">Meta Ray-Ban Display: \u00bfcu\u00e1ndo salen a la venta y cu\u00e1nto costar\u00e1n?<\/p>\n\n\n\n<p class=\"wp-block-paragraph\">Estos lentes inteligentes con su respectiva Meta Neural Band tendr\u00e1n un costo de 799 d\u00f3lares (alrededor de 14 mil 600 pesos). Llegar\u00e1n al mercado estadounidense el 30 de septiembre en puntos de venta selectos.<\/p>\n\n\n\n<p class=\"wp-block-paragraph\">Se espera que para principios de 2026 lleguen a pa\u00edses como Canad\u00e1, Francia, Italia y el Reino Unido; y que la expansi\u00f3n del producto contin\u00fae en el futuro, de acuerdo con Meta.<\/p>\n\n\n\n<p class=\"wp-block-paragraph\">El armaz\u00f3n de estos lentes Meta y la band estar\u00e1n disponibles en colores negro y arena; con tratamiento solar para usar en interiores y exteriores sin problema; y tres tama\u00f1os de pulsera. Su bater\u00eda, en uso mixto, alcanza las seis horas y se extiende hasta 30 si consideramos la autonom\u00eda de su estuche abatible.<\/p>\n\n\n\n<p class=\"wp-block-paragraph\"><em>Fuente: El Universal<\/em>.<\/p>\n","protected":false},"excerpt":{"rendered":"<p>Imagina que est\u00e1s en una conversaci\u00f3n y, de pronto, surge una duda, quieres integrar a alguien a la pl\u00e1tica o necesitas apuntar un acuerdo al que acabas de llegar&#8230; hoy lo m\u00e1s natural es tomar el tel\u00e9fono y llevar alguna de estas acciones a cabo. Pues, pronto, lo podr\u00e1s realizar con los lentes Meta Ray-Ban [&hellip;]<\/p>\n","protected":false},"author":6,"featured_media":68564,"comment_status":"closed","ping_status":"closed","sticky":false,"template":"","format":"standard","meta":{"_acf_changed":false,"_monsterinsights_skip_tracking":false,"slim_seo":{"title":"Anuncian Meta Ray-Ban Display, primeros lentes Inteligencia Artificial en HD - Opini\u00f3n P\u00fablica","description":"Imagina que est\u00e1s en una conversaci\u00f3n y, de pronto, surge una duda, quieres integrar a alguien a la pl\u00e1tica o necesitas apuntar un acuerdo al que acabas de lleg"},"footnotes":""},"categories":[22],"tags":[],"class_list":["post-68561","post","type-post","status-publish","format-standard","has-post-thumbnail","hentry","category-ciencia-y-tecnologia"],"acf":[],"_links":{"self":[{"href":"https:\/\/www.opinionpublica.tv\/portada\/wp-json\/wp\/v2\/posts\/68561","targetHints":{"allow":["GET"]}}],"collection":[{"href":"https:\/\/www.opinionpublica.tv\/portada\/wp-json\/wp\/v2\/posts"}],"about":[{"href":"https:\/\/www.opinionpublica.tv\/portada\/wp-json\/wp\/v2\/types\/post"}],"author":[{"embeddable":true,"href":"https:\/\/www.opinionpublica.tv\/portada\/wp-json\/wp\/v2\/users\/6"}],"replies":[{"embeddable":true,"href":"https:\/\/www.opinionpublica.tv\/portada\/wp-json\/wp\/v2\/comments?post=68561"}],"version-history":[{"count":3,"href":"https:\/\/www.opinionpublica.tv\/portada\/wp-json\/wp\/v2\/posts\/68561\/revisions"}],"predecessor-version":[{"id":68565,"href":"https:\/\/www.opinionpublica.tv\/portada\/wp-json\/wp\/v2\/posts\/68561\/revisions\/68565"}],"wp:featuredmedia":[{"embeddable":true,"href":"https:\/\/www.opinionpublica.tv\/portada\/wp-json\/wp\/v2\/media\/68564"}],"wp:attachment":[{"href":"https:\/\/www.opinionpublica.tv\/portada\/wp-json\/wp\/v2\/media?parent=68561"}],"wp:term":[{"taxonomy":"category","embeddable":true,"href":"https:\/\/www.opinionpublica.tv\/portada\/wp-json\/wp\/v2\/categories?post=68561"},{"taxonomy":"post_tag","embeddable":true,"href":"https:\/\/www.opinionpublica.tv\/portada\/wp-json\/wp\/v2\/tags?post=68561"}],"curies":[{"name":"wp","href":"https:\/\/api.w.org\/{rel}","templated":true}]}}