{"id":68549,"date":"2025-09-20T00:01:00","date_gmt":"2025-09-20T06:01:00","guid":{"rendered":"https:\/\/www.opinionpublica.tv\/portada\/?p=68549"},"modified":"2025-09-19T19:11:53","modified_gmt":"2025-09-20T01:11:53","slug":"video-la-batalla-de-trump-contra-los-medios-y-jimmy-kimmel-france-24","status":"publish","type":"post","link":"https:\/\/www.opinionpublica.tv\/portada\/video-la-batalla-de-trump-contra-los-medios-y-jimmy-kimmel-france-24\/","title":{"rendered":"Video: La batalla de Trump contra Jimmy Kimmel y los medios | France 24 en espa\u00f1ol"},"content":{"rendered":"\n<p class=\"wp-block-paragraph\"><a href=\"https:\/\/www.youtube.com\/@France24_es\"><\/a><\/p>\n\n\n\n<figure class=\"wp-block-embed is-type-video is-provider-youtube wp-block-embed-youtube wp-embed-aspect-16-9 wp-has-aspect-ratio\"><div class=\"wp-block-embed__wrapper\">\n<iframe title=\"La batalla de Trump contra los medios: el caso Jimmy Kimmel \u2022 FRANCE 24 Espa\u00f1ol\" width=\"800\" height=\"450\" src=\"https:\/\/www.youtube.com\/embed\/ZWv67FlrxMQ?feature=oembed\" frameborder=\"0\" allow=\"accelerometer; autoplay; clipboard-write; encrypted-media; gyroscope; picture-in-picture; web-share\" referrerpolicy=\"strict-origin-when-cross-origin\" allowfullscreen><\/iframe>\n<\/div><\/figure>\n\n\n\n<p class=\"wp-block-paragraph\">No es la primera vez que el presidente Donald Trump celebra la cancelaci\u00f3n de un programa de televisi\u00f3n cr\u00edtico con su gesti\u00f3n.<\/p>\n\n\n\n<p class=\"wp-block-paragraph\">El m\u00e1s reciente, la suspensi\u00f3n de &#8216;Jimmy Kimmel Live&#8217; por comentarios sobre el asesinato a Charlie Kirk. Antes festej\u00f3 la salida de Stephen Colbert de &#8216;CBS&#8217;.<\/p>\n\n\n\n<p class=\"wp-block-paragraph\">Pero, adem\u00e1s, ha lanzado demandas contra &#8216;The New York Times&#8217; y &#8216;Wall Street Journal&#8217; por supuesta difamaci\u00f3n.<\/p>\n\n\n\n<p class=\"wp-block-paragraph\">Ahora, crecen las preocupaciones por la libertad de expresi\u00f3n y de prensa y sobre si realmente Donald Trump cumple con la Primera Enmienda.<\/p>\n\n\n\n<p class=\"wp-block-paragraph\"><em>Cr\u00e9ditos: France 24 en espa\u00f1ol<\/em>.<\/p>\n","protected":false},"excerpt":{"rendered":"<p>No es la primera vez que el presidente Donald Trump celebra la cancelaci\u00f3n de un programa de televisi\u00f3n cr\u00edtico con su gesti\u00f3n. El m\u00e1s reciente, la suspensi\u00f3n de &#8216;Jimmy Kimmel Live&#8217; por comentarios sobre el asesinato a Charlie Kirk. Antes festej\u00f3 la salida de Stephen Colbert de &#8216;CBS&#8217;. Pero, adem\u00e1s, ha lanzado demandas contra &#8216;The [&hellip;]<\/p>\n","protected":false},"author":6,"featured_media":68553,"comment_status":"closed","ping_status":"closed","sticky":false,"template":"","format":"standard","meta":{"_acf_changed":false,"_monsterinsights_skip_tracking":false,"slim_seo":{"title":"Video: La batalla de Trump contra Jimmy Kimmel y los medios | France 24 en espa\u00f1ol - Opini\u00f3n P\u00fablica","description":"https:\/\/youtu.be\/ZWv67FlrxMQ?si=Nln51TgAkQt6Sykf No es la primera vez que el presidente Donald Trump celebra la cancelaci\u00f3n de un programa de televisi\u00f3n cr\u00edtico"},"footnotes":""},"categories":[2,13,8],"tags":[],"class_list":["post-68549","post","type-post","status-publish","format-standard","has-post-thumbnail","hentry","category-videos-destacados","category-videos-destacados-contenido","category-videos"],"acf":[],"_links":{"self":[{"href":"https:\/\/www.opinionpublica.tv\/portada\/wp-json\/wp\/v2\/posts\/68549","targetHints":{"allow":["GET"]}}],"collection":[{"href":"https:\/\/www.opinionpublica.tv\/portada\/wp-json\/wp\/v2\/posts"}],"about":[{"href":"https:\/\/www.opinionpublica.tv\/portada\/wp-json\/wp\/v2\/types\/post"}],"author":[{"embeddable":true,"href":"https:\/\/www.opinionpublica.tv\/portada\/wp-json\/wp\/v2\/users\/6"}],"replies":[{"embeddable":true,"href":"https:\/\/www.opinionpublica.tv\/portada\/wp-json\/wp\/v2\/comments?post=68549"}],"version-history":[{"count":3,"href":"https:\/\/www.opinionpublica.tv\/portada\/wp-json\/wp\/v2\/posts\/68549\/revisions"}],"predecessor-version":[{"id":68552,"href":"https:\/\/www.opinionpublica.tv\/portada\/wp-json\/wp\/v2\/posts\/68549\/revisions\/68552"}],"wp:featuredmedia":[{"embeddable":true,"href":"https:\/\/www.opinionpublica.tv\/portada\/wp-json\/wp\/v2\/media\/68553"}],"wp:attachment":[{"href":"https:\/\/www.opinionpublica.tv\/portada\/wp-json\/wp\/v2\/media?parent=68549"}],"wp:term":[{"taxonomy":"category","embeddable":true,"href":"https:\/\/www.opinionpublica.tv\/portada\/wp-json\/wp\/v2\/categories?post=68549"},{"taxonomy":"post_tag","embeddable":true,"href":"https:\/\/www.opinionpublica.tv\/portada\/wp-json\/wp\/v2\/tags?post=68549"}],"curies":[{"name":"wp","href":"https:\/\/api.w.org\/{rel}","templated":true}]}}