{"id":68524,"date":"2025-09-19T00:01:00","date_gmt":"2025-09-19T06:01:00","guid":{"rendered":"https:\/\/www.opinionpublica.tv\/portada\/?p=68524"},"modified":"2025-09-18T19:58:46","modified_gmt":"2025-09-19T01:58:46","slug":"finaliza-el-30-de-septiembre-recepcion-de-solicitudes-de-apoyo-a-proyectos-de-agronegocios","status":"publish","type":"post","link":"https:\/\/www.opinionpublica.tv\/portada\/finaliza-el-30-de-septiembre-recepcion-de-solicitudes-de-apoyo-a-proyectos-de-agronegocios\/","title":{"rendered":"Finaliza el 30 de septiembre recepci\u00f3n de solicitudes para dar apoyo a los agronegocios"},"content":{"rendered":"\n<figure class=\"wp-block-image size-large\"><img fetchpriority=\"high\" decoding=\"async\" width=\"1024\" height=\"576\" src=\"https:\/\/www.opinionpublica.tv\/portada\/wp-content\/uploads\/2025\/09\/Finaliza-el-30-de-septiembre-recepcion-de-solicitudes-para-dar-apoyo-a-los-agronegocios-1024x576.jpeg\" alt=\"Finaliza el 30 de septiembre recepcio\u0301n de solicitudes para dar apoyo a los agronegocios\" class=\"wp-image-68529\" srcset=\"https:\/\/www.opinionpublica.tv\/portada\/wp-content\/uploads\/2025\/09\/Finaliza-el-30-de-septiembre-recepcion-de-solicitudes-para-dar-apoyo-a-los-agronegocios-1024x576.jpeg 1024w, https:\/\/www.opinionpublica.tv\/portada\/wp-content\/uploads\/2025\/09\/Finaliza-el-30-de-septiembre-recepcion-de-solicitudes-para-dar-apoyo-a-los-agronegocios-300x169.jpeg 300w, https:\/\/www.opinionpublica.tv\/portada\/wp-content\/uploads\/2025\/09\/Finaliza-el-30-de-septiembre-recepcion-de-solicitudes-para-dar-apoyo-a-los-agronegocios-768x432.jpeg 768w, https:\/\/www.opinionpublica.tv\/portada\/wp-content\/uploads\/2025\/09\/Finaliza-el-30-de-septiembre-recepcion-de-solicitudes-para-dar-apoyo-a-los-agronegocios-1536x864.jpeg 1536w, https:\/\/www.opinionpublica.tv\/portada\/wp-content\/uploads\/2025\/09\/Finaliza-el-30-de-septiembre-recepcion-de-solicitudes-para-dar-apoyo-a-los-agronegocios.jpeg 1600w\" sizes=\"(max-width: 1024px) 100vw, 1024px\" \/><\/figure>\n\n\n\n<p class=\"wp-block-paragraph\"><em>Chihuahua, Chih<\/em>.- El Gobierno del Estado, a trav\u00e9s de la Secretar\u00eda de Desarrollo Rural, informa a las y los productores que el 30 de septiembre ser\u00e1 el \u00faltimo d\u00eda para recibir solicitudes de apoyo del Programa para el Fomento de los Agronegocios y del Valor Agregado.<\/p>\n\n\n\n<p class=\"wp-block-paragraph\">El objetivo de este esquema es fortalecer la transformaci\u00f3n y comercializaci\u00f3n de productos del sector primario, mediante el apoyo econ\u00f3mico a iniciativas que les generen valor agregado en los \u00e1mbitos agr\u00edcolas, pecuarios, forestales, acu\u00edcolas y pesqueros.<\/p>\n\n\n\n<p class=\"wp-block-paragraph\">Se busca apoyar procesos como transformaci\u00f3n, procesamiento, empaquetado, acopio, estandarizaci\u00f3n y conservaci\u00f3n, a trav\u00e9s de la adquisici\u00f3n de maquinaria, herramientas y equipamiento, para la tecnificaci\u00f3n del sector y el fortalecimiento de las cadenas de valor.<\/p>\n\n\n\n<p class=\"wp-block-paragraph\">Los montos m\u00e1ximos de apoyo son de hasta 40 mil pesos en proyectos individuales y de hasta 50 mil pesos en proyectos individuales para mujeres.<\/p>\n\n\n\n<p class=\"wp-block-paragraph\">Las personas interesadas deber\u00e1n presentar su solicitud en la Direcci\u00f3n de Agronegocios de la Secretar\u00eda de Desarrollo Rural, ubicada en avenida Divisi\u00f3n del Norte 2504, colonia Altavista, C. P. 31200, en la ciudad de Chihuahua, en un horario de 9:00 a 15:00 horas, en d\u00edas h\u00e1biles.<\/p>\n\n\n\n<p class=\"wp-block-paragraph\">Todos los formatos y requisitos se encuentran disponibles en el sitio oficial: www.chihuahua.gob.mx\/sdr.<\/p>\n\n\n\n<p class=\"wp-block-paragraph\">Para m\u00e1s informaci\u00f3n, las y los interesados pueden comunicarse a los tel\u00e9fonos: (614) 429-33-00, extensiones 12591, 17784, 17766 y 12580.<\/p>\n","protected":false},"excerpt":{"rendered":"<p>Chihuahua, Chih.- El Gobierno del Estado, a trav\u00e9s de la Secretar\u00eda de Desarrollo Rural, informa a las y los productores que el 30 de septiembre ser\u00e1 el \u00faltimo d\u00eda para recibir solicitudes de apoyo del Programa para el Fomento de los Agronegocios y del Valor Agregado. El objetivo de este esquema es fortalecer la transformaci\u00f3n [&hellip;]<\/p>\n","protected":false},"author":6,"featured_media":68529,"comment_status":"closed","ping_status":"closed","sticky":false,"template":"","format":"standard","meta":{"_acf_changed":false,"_monsterinsights_skip_tracking":false,"slim_seo":{"title":"Finaliza el 30 de septiembre recepci\u00f3n de solicitudes para dar apoyo a los agronegocios - Opini\u00f3n P\u00fablica","description":"Chihuahua, Chih .- El Gobierno del Estado, a trav\u00e9s de la Secretar\u00eda de Desarrollo Rural, informa a las y los productores que el 30 de septiembre ser\u00e1 el \u00faltimo"},"footnotes":""},"categories":[11],"tags":[],"class_list":["post-68524","post","type-post","status-publish","format-standard","has-post-thumbnail","hentry","category-tendencias"],"acf":[],"_links":{"self":[{"href":"https:\/\/www.opinionpublica.tv\/portada\/wp-json\/wp\/v2\/posts\/68524","targetHints":{"allow":["GET"]}}],"collection":[{"href":"https:\/\/www.opinionpublica.tv\/portada\/wp-json\/wp\/v2\/posts"}],"about":[{"href":"https:\/\/www.opinionpublica.tv\/portada\/wp-json\/wp\/v2\/types\/post"}],"author":[{"embeddable":true,"href":"https:\/\/www.opinionpublica.tv\/portada\/wp-json\/wp\/v2\/users\/6"}],"replies":[{"embeddable":true,"href":"https:\/\/www.opinionpublica.tv\/portada\/wp-json\/wp\/v2\/comments?post=68524"}],"version-history":[{"count":4,"href":"https:\/\/www.opinionpublica.tv\/portada\/wp-json\/wp\/v2\/posts\/68524\/revisions"}],"predecessor-version":[{"id":68531,"href":"https:\/\/www.opinionpublica.tv\/portada\/wp-json\/wp\/v2\/posts\/68524\/revisions\/68531"}],"wp:featuredmedia":[{"embeddable":true,"href":"https:\/\/www.opinionpublica.tv\/portada\/wp-json\/wp\/v2\/media\/68529"}],"wp:attachment":[{"href":"https:\/\/www.opinionpublica.tv\/portada\/wp-json\/wp\/v2\/media?parent=68524"}],"wp:term":[{"taxonomy":"category","embeddable":true,"href":"https:\/\/www.opinionpublica.tv\/portada\/wp-json\/wp\/v2\/categories?post=68524"},{"taxonomy":"post_tag","embeddable":true,"href":"https:\/\/www.opinionpublica.tv\/portada\/wp-json\/wp\/v2\/tags?post=68524"}],"curies":[{"name":"wp","href":"https:\/\/api.w.org\/{rel}","templated":true}]}}