{"id":68085,"date":"2025-09-14T00:01:00","date_gmt":"2025-09-14T06:01:00","guid":{"rendered":"https:\/\/www.opinionpublica.tv\/portada\/?p=68085"},"modified":"2025-09-13T19:19:01","modified_gmt":"2025-09-14T01:19:01","slug":"alumnos-del-cecytech-ganan-bronce-en-concurso-de-ciencia-y-tecnologia-en-chile","status":"publish","type":"post","link":"https:\/\/www.opinionpublica.tv\/portada\/alumnos-del-cecytech-ganan-bronce-en-concurso-de-ciencia-y-tecnologia-en-chile\/","title":{"rendered":"Alumnos del CECyTECH ganan bronce en concurso de ciencia y tecnolog\u00eda en Chile"},"content":{"rendered":"\n<figure class=\"wp-block-image size-large\"><img fetchpriority=\"high\" decoding=\"async\" width=\"1024\" height=\"768\" src=\"https:\/\/www.opinionpublica.tv\/portada\/wp-content\/uploads\/2025\/09\/Alumnos-del-CECyTECH-ganan-bronce-en-concurso-de-ciencia-y-tecnologia-en-Chile-1024x768.jpeg\" alt=\"Alumnos del cecytech ganan bronce en concurso de ciencia y tecnologi\u0301a en chile\" class=\"wp-image-68088\" srcset=\"https:\/\/www.opinionpublica.tv\/portada\/wp-content\/uploads\/2025\/09\/Alumnos-del-CECyTECH-ganan-bronce-en-concurso-de-ciencia-y-tecnologia-en-Chile-1024x768.jpeg 1024w, https:\/\/www.opinionpublica.tv\/portada\/wp-content\/uploads\/2025\/09\/Alumnos-del-CECyTECH-ganan-bronce-en-concurso-de-ciencia-y-tecnologia-en-Chile-300x225.jpeg 300w, https:\/\/www.opinionpublica.tv\/portada\/wp-content\/uploads\/2025\/09\/Alumnos-del-CECyTECH-ganan-bronce-en-concurso-de-ciencia-y-tecnologia-en-Chile-768x576.jpeg 768w, https:\/\/www.opinionpublica.tv\/portada\/wp-content\/uploads\/2025\/09\/Alumnos-del-CECyTECH-ganan-bronce-en-concurso-de-ciencia-y-tecnologia-en-Chile.jpeg 1280w\" sizes=\"(max-width: 1024px) 100vw, 1024px\" \/><\/figure>\n\n\n\n<p class=\"wp-block-paragraph\"><em>Chihuahua, Chih<\/em>.- Alumnos del Colegio de Estudios Cient\u00edficos y Tecnol\u00f3gicos del Estado de Chihuahua (CECyTECH) No. 8 Cuauht\u00e9moc, obtuvieron la medalla de bronce en el Concurso Latinoamericano de Proyectos Estudiantiles en Ciencia y Tecnolog\u00eda (Infomatrix), efectuado San Carlos, Chile.<\/p>\n\n\n\n<p class=\"wp-block-paragraph\">Los j\u00f3venes Jes\u00fas Alexis Ramos Murillo y Jos\u00e9 Gael Pi\u00f1a Manr\u00edquez, previamente participaron en Ciudad Ju\u00e1rez en la fase regional, donde ganaron la plata.<\/p>\n\n\n\n<p class=\"wp-block-paragraph\">Posteriormente en la fase iberoamericana celebrada en Jalisco, se adjudicaron la presea de oro, que les dio el pase al concurso en Chile, en representaci\u00f3n de M\u00e9xico.<\/p>\n\n\n\n<p class=\"wp-block-paragraph\">Jes\u00fas Alexis y Jos\u00e9 Gael acompa\u00f1ados de su asesora Mar\u00eda Eugenia Delgado Casale, presentaron el proyecto ThermiSilk \u201cAbraza el calor, olvida el dolor\u201d, una prenda terap\u00e9utica dise\u00f1ada para aliviar dolores lumbares y menstruales.<\/p>\n\n\n\n<p class=\"wp-block-paragraph\">Funciona con el uso de materiales t\u00e9rmicos naturales y reutilizables, sin necesidad de electricidad ni qu\u00edmicos.<\/p>\n","protected":false},"excerpt":{"rendered":"<p>Chihuahua, Chih.- Alumnos del Colegio de Estudios Cient\u00edficos y Tecnol\u00f3gicos del Estado de Chihuahua (CECyTECH) No. 8 Cuauht\u00e9moc, obtuvieron la medalla de bronce en el Concurso Latinoamericano de Proyectos Estudiantiles en Ciencia y Tecnolog\u00eda (Infomatrix), efectuado San Carlos, Chile. Los j\u00f3venes Jes\u00fas Alexis Ramos Murillo y Jos\u00e9 Gael Pi\u00f1a Manr\u00edquez, previamente participaron en Ciudad Ju\u00e1rez [&hellip;]<\/p>\n","protected":false},"author":6,"featured_media":68088,"comment_status":"closed","ping_status":"closed","sticky":false,"template":"","format":"standard","meta":{"_acf_changed":false,"_monsterinsights_skip_tracking":false,"slim_seo":{"title":"Alumnos del CECyTECH ganan bronce en concurso de ciencia y tecnolog\u00eda en Chile - Opini\u00f3n P\u00fablica","description":"Chihuahua, Chih .- Alumnos del Colegio de Estudios Cient\u00edficos y Tecnol\u00f3gicos del Estado de Chihuahua (CECyTECH) No. 8 Cuauht\u00e9moc, obtuvieron la medalla de bron"},"footnotes":""},"categories":[11],"tags":[],"class_list":["post-68085","post","type-post","status-publish","format-standard","has-post-thumbnail","hentry","category-tendencias"],"acf":[],"_links":{"self":[{"href":"https:\/\/www.opinionpublica.tv\/portada\/wp-json\/wp\/v2\/posts\/68085","targetHints":{"allow":["GET"]}}],"collection":[{"href":"https:\/\/www.opinionpublica.tv\/portada\/wp-json\/wp\/v2\/posts"}],"about":[{"href":"https:\/\/www.opinionpublica.tv\/portada\/wp-json\/wp\/v2\/types\/post"}],"author":[{"embeddable":true,"href":"https:\/\/www.opinionpublica.tv\/portada\/wp-json\/wp\/v2\/users\/6"}],"replies":[{"embeddable":true,"href":"https:\/\/www.opinionpublica.tv\/portada\/wp-json\/wp\/v2\/comments?post=68085"}],"version-history":[{"count":3,"href":"https:\/\/www.opinionpublica.tv\/portada\/wp-json\/wp\/v2\/posts\/68085\/revisions"}],"predecessor-version":[{"id":68089,"href":"https:\/\/www.opinionpublica.tv\/portada\/wp-json\/wp\/v2\/posts\/68085\/revisions\/68089"}],"wp:featuredmedia":[{"embeddable":true,"href":"https:\/\/www.opinionpublica.tv\/portada\/wp-json\/wp\/v2\/media\/68088"}],"wp:attachment":[{"href":"https:\/\/www.opinionpublica.tv\/portada\/wp-json\/wp\/v2\/media?parent=68085"}],"wp:term":[{"taxonomy":"category","embeddable":true,"href":"https:\/\/www.opinionpublica.tv\/portada\/wp-json\/wp\/v2\/categories?post=68085"},{"taxonomy":"post_tag","embeddable":true,"href":"https:\/\/www.opinionpublica.tv\/portada\/wp-json\/wp\/v2\/tags?post=68085"}],"curies":[{"name":"wp","href":"https:\/\/api.w.org\/{rel}","templated":true}]}}