{"id":68034,"date":"2025-09-14T00:01:00","date_gmt":"2025-09-14T06:01:00","guid":{"rendered":"https:\/\/www.opinionpublica.tv\/portada\/?p=68034"},"modified":"2025-09-13T15:55:59","modified_gmt":"2025-09-13T21:55:59","slug":"abriran-los-bancos-el-15-y-16-de-septiembre-de-2025-con-motivo-de-las-fiestas-patrias","status":"publish","type":"post","link":"https:\/\/www.opinionpublica.tv\/portada\/abriran-los-bancos-el-15-y-16-de-septiembre-de-2025-con-motivo-de-las-fiestas-patrias\/","title":{"rendered":"\u00bfAbrir\u00e1n los bancos el 15 y 16 de septiembre de 2025 con motivo de las fiestas patrias?"},"content":{"rendered":"\n<figure class=\"wp-block-image size-full\"><img fetchpriority=\"high\" decoding=\"async\" width=\"640\" height=\"360\" src=\"https:\/\/www.opinionpublica.tv\/portada\/wp-content\/uploads\/2025\/09\/\u00bfAbriran-los-bancos-el-15-y-16-de-septiembre-de-2025.jpg\" alt=\"\u00bfabrira\u0301n los bancos el 15 y 16 de septiembre de 2025?\" class=\"wp-image-68036\" srcset=\"https:\/\/www.opinionpublica.tv\/portada\/wp-content\/uploads\/2025\/09\/\u00bfAbriran-los-bancos-el-15-y-16-de-septiembre-de-2025.jpg 640w, https:\/\/www.opinionpublica.tv\/portada\/wp-content\/uploads\/2025\/09\/\u00bfAbriran-los-bancos-el-15-y-16-de-septiembre-de-2025-300x169.jpg 300w\" sizes=\"(max-width: 640px) 100vw, 640px\" \/><\/figure>\n\n\n\n<p class=\"wp-block-paragraph\">La Comisi\u00f3n Nacional Bancaria de Valores (CNBV) public\u00f3 en el Diario Oficial de la Federaci\u00f3n las fechas conmemorativas en las que sucursales bancarias se mantienen cerradas, una de ellas ser\u00e1 el 16 de septiembre con motivo de un aniversario m\u00e1s de la Independencia de M\u00e9xico.<\/p>\n\n\n\n<p class=\"wp-block-paragraph\">Para el 15 de septiembre, la CNBV confirm\u00f3 que los bancos abrir\u00e1n en sus horarios habituales, por lo que los usuarios de la banca podr\u00e1n realizar operaciones con normalidad en ventanillas.<\/p>\n\n\n\n<p class=\"wp-block-paragraph\"><strong>\u00bfAbren los bancos el 16 de septiembre?<\/strong><\/p>\n\n\n\n<p class=\"wp-block-paragraph\">El martes 16 de septiembre los bancos estar\u00e1n cerrados por un aniversario m\u00e1s de la Independencia de M\u00e9xico, fecha que adem\u00e1s la Ley Federal del Trabajo (LFT) estipula como d\u00eda de asueto o descanso obligatorio en su art\u00edculo 74.<\/p>\n\n\n\n<p class=\"wp-block-paragraph\">Sin embargo, los clientes de la banca tienen a su disposici\u00f3n el 16 de septiembre, y los 365 d\u00edas del a\u00f1o, los siguientes servicios:<\/p>\n\n\n\n<p class=\"wp-block-paragraph\">Cajeros autom\u00e1ticos (ATM) operar\u00e1n las 24 horas.<\/p>\n\n\n\n<p class=\"wp-block-paragraph\">Banca en l\u00ednea y aplicaciones m\u00f3viles estar\u00e1n disponibles para realizar transferencias, pagos y consultas.<\/p>\n\n\n\n<p class=\"wp-block-paragraph\">Corresponsales bancarios, como supermercados y tiendas de conveniencia, permitir\u00e1n operaciones b\u00e1sicas como dep\u00f3sitos o retiros.<\/p>\n\n\n\n<p class=\"wp-block-paragraph\"><strong>\u00bfQu\u00e9 otros d\u00edas de 2025 no abrir\u00e1n los bancos en M\u00e9xico?<\/strong><\/p>\n\n\n\n<p class=\"wp-block-paragraph\">De acuerdo con el calendario de la CNBV publicado en el Diario Oficial de la Federaci\u00f3n (DOF), en lo que resta de 2025 otros d\u00edas que no abrir\u00e1n los bancos son:<\/p>\n\n\n\n<p class=\"wp-block-paragraph\">2 de noviembre-D\u00eda de Muertos<\/p>\n\n\n\n<p class=\"wp-block-paragraph\">18 de noviembre-Aniversario de la Revoluci\u00f3n<\/p>\n\n\n\n<p class=\"wp-block-paragraph\">12 de diciembre-D\u00eda del Empleado Bancario<\/p>\n\n\n\n<p class=\"wp-block-paragraph\">25 de diciembre-Navidad<\/p>\n\n\n\n<p class=\"wp-block-paragraph\"><em>Con informaci\u00f3n de Exc\u00e9lsior<\/em>.<\/p>\n","protected":false},"excerpt":{"rendered":"<p>La Comisi\u00f3n Nacional Bancaria de Valores (CNBV) public\u00f3 en el Diario Oficial de la Federaci\u00f3n las fechas conmemorativas en las que sucursales bancarias se mantienen cerradas, una de ellas ser\u00e1 el 16 de septiembre con motivo de un aniversario m\u00e1s de la Independencia de M\u00e9xico. Para el 15 de septiembre, la CNBV confirm\u00f3 que los [&hellip;]<\/p>\n","protected":false},"author":6,"featured_media":68036,"comment_status":"closed","ping_status":"closed","sticky":false,"template":"","format":"standard","meta":{"_acf_changed":false,"_monsterinsights_skip_tracking":false,"slim_seo":{"title":"\u00bfAbrir\u00e1n los bancos el 15 y 16 de septiembre de 2025 con motivo de las fiestas patrias? - Opini\u00f3n P\u00fablica","description":"La Comisi\u00f3n Nacional Bancaria de Valores (CNBV) public\u00f3 en el Diario Oficial de la Federaci\u00f3n las fechas conmemorativas en las que sucursales bancarias se manti"},"footnotes":""},"categories":[11],"tags":[],"class_list":["post-68034","post","type-post","status-publish","format-standard","has-post-thumbnail","hentry","category-tendencias"],"acf":[],"_links":{"self":[{"href":"https:\/\/www.opinionpublica.tv\/portada\/wp-json\/wp\/v2\/posts\/68034","targetHints":{"allow":["GET"]}}],"collection":[{"href":"https:\/\/www.opinionpublica.tv\/portada\/wp-json\/wp\/v2\/posts"}],"about":[{"href":"https:\/\/www.opinionpublica.tv\/portada\/wp-json\/wp\/v2\/types\/post"}],"author":[{"embeddable":true,"href":"https:\/\/www.opinionpublica.tv\/portada\/wp-json\/wp\/v2\/users\/6"}],"replies":[{"embeddable":true,"href":"https:\/\/www.opinionpublica.tv\/portada\/wp-json\/wp\/v2\/comments?post=68034"}],"version-history":[{"count":2,"href":"https:\/\/www.opinionpublica.tv\/portada\/wp-json\/wp\/v2\/posts\/68034\/revisions"}],"predecessor-version":[{"id":68037,"href":"https:\/\/www.opinionpublica.tv\/portada\/wp-json\/wp\/v2\/posts\/68034\/revisions\/68037"}],"wp:featuredmedia":[{"embeddable":true,"href":"https:\/\/www.opinionpublica.tv\/portada\/wp-json\/wp\/v2\/media\/68036"}],"wp:attachment":[{"href":"https:\/\/www.opinionpublica.tv\/portada\/wp-json\/wp\/v2\/media?parent=68034"}],"wp:term":[{"taxonomy":"category","embeddable":true,"href":"https:\/\/www.opinionpublica.tv\/portada\/wp-json\/wp\/v2\/categories?post=68034"},{"taxonomy":"post_tag","embeddable":true,"href":"https:\/\/www.opinionpublica.tv\/portada\/wp-json\/wp\/v2\/tags?post=68034"}],"curies":[{"name":"wp","href":"https:\/\/api.w.org\/{rel}","templated":true}]}}