{"id":68019,"date":"2025-09-13T13:14:54","date_gmt":"2025-09-13T19:14:54","guid":{"rendered":"https:\/\/www.opinionpublica.tv\/portada\/?p=68019"},"modified":"2025-09-13T13:17:06","modified_gmt":"2025-09-13T19:17:06","slug":"hernan-bermudez-lider-de-la-barredora-vivia-entre-joyas-fajos-de-dinero-y-hasta-alberca-en-casa-de-paraguay","status":"publish","type":"post","link":"https:\/\/www.opinionpublica.tv\/portada\/hernan-bermudez-lider-de-la-barredora-vivia-entre-joyas-fajos-de-dinero-y-hasta-alberca-en-casa-de-paraguay\/","title":{"rendered":"El l\u00edder de \u00abLa Barredora\u00bb Hern\u00e1n Berm\u00fadez viv\u00eda entre joyas, fajos de dinero y alberca, en casa de Paraguay"},"content":{"rendered":"\n<figure class=\"wp-block-image size-large\"><img fetchpriority=\"high\" decoding=\"async\" width=\"1024\" height=\"620\" src=\"https:\/\/www.opinionpublica.tv\/portada\/wp-content\/uploads\/2025\/09\/Siete-meses-tras-la-pista-de-Hernan-Bermudez-1024x620.avif\" alt=\"Siete meses tras la pista de herna\u0301n bermu\u0301dez\" class=\"wp-image-68024\" srcset=\"https:\/\/www.opinionpublica.tv\/portada\/wp-content\/uploads\/2025\/09\/Siete-meses-tras-la-pista-de-Hernan-Bermudez-1024x620.avif 1024w, https:\/\/www.opinionpublica.tv\/portada\/wp-content\/uploads\/2025\/09\/Siete-meses-tras-la-pista-de-Hernan-Bermudez-300x182.avif 300w, https:\/\/www.opinionpublica.tv\/portada\/wp-content\/uploads\/2025\/09\/Siete-meses-tras-la-pista-de-Hernan-Bermudez-768x465.avif 768w, https:\/\/www.opinionpublica.tv\/portada\/wp-content\/uploads\/2025\/09\/Siete-meses-tras-la-pista-de-Hernan-Bermudez.avif 1100w\" sizes=\"(max-width: 1024px) 100vw, 1024px\" \/><\/figure>\n\n\n\n<p class=\"wp-block-paragraph\"><em>Ciudad de M\u00e9xico<\/em>.- El exsecretario de Seguridad P\u00fablica de Tabasco, Hern\u00e1n Berm\u00fadez Requena, acusado de ser l\u00edder del grupo criminal la \u00abLa Barredora\u00bb fue detenido en Paraguay, entre joyas y fajos de dinero, gracias a la nueva Ley del Sistema Nacional de Investigaci\u00f3n e Inteligencia.<\/p>\n\n\n\n<p class=\"wp-block-paragraph\">En un comunicado del Gabinete de Seguridad mencion\u00f3 que en colaboraci\u00f3n con el gobierno paraguayo, se obtuvo su ubicaci\u00f3n.<\/p>\n\n\n\n<p class=\"wp-block-paragraph\">De acuerdo con videos sobre su detenci\u00f3n, Berm\u00fadez Requena viv\u00eda en una casa con alberca, donde se hallaban diferentes joyas, fajos de dinero (entre ellos d\u00f3lares), una botella de vino italiano de marca Prosecco, e identificaciones y celulares.<\/p>\n\n\n\n<p class=\"wp-block-paragraph\">Desde julio pasado era buscado por la Interpol en m\u00e1s de 190 pa\u00edses, que activ\u00f3 ficha roja para su b\u00fasqueda y localizaci\u00f3n.<\/p>\n\n\n\n<p class=\"wp-block-paragraph\"><strong>Siete meses tras la pista de Hern\u00e1n Berm\u00fadez<\/strong><\/p>\n\n\n\n<p class=\"wp-block-paragraph\">El pasado viernes 12 de septiembre se dio a conocer la detenci\u00f3n de Hern\u00e1n Berm\u00fadez Requena, presunto l\u00edder del grupo criminal \u00abLa Barredora\u00bb, quien se encontraba escondido en Paraguay.<\/p>\n\n\n\n<p class=\"wp-block-paragraph\">Al\u00edas \u00abEl abuelo\u00bb se encontraba pr\u00f3fugo de la justicia mexicana desde febrero de 2025, mes en el que se emiti\u00f3 una orden de aprehensi\u00f3n en su contra por presuntos v\u00ednculos con el crimen organizado.<\/p>\n\n\n\n<figure class=\"wp-block-image size-large\"><img decoding=\"async\" width=\"1024\" height=\"620\" src=\"https:\/\/www.opinionpublica.tv\/portada\/wp-content\/uploads\/2025\/09\/El-lider-de-22La-Barredora22-Hernan-Bermudez-vivia-entre-joyas-fajos-de-dinero-y-alberca-en-casa-de-Paraguay-1024x620.avif\" alt=\"El li\u0301der de %22la barredora%22 herna\u0301n bermu\u0301dez vivi\u0301a entre joyas, fajos de dinero y alberca, en casa de paraguay\" class=\"wp-image-68025\" srcset=\"https:\/\/www.opinionpublica.tv\/portada\/wp-content\/uploads\/2025\/09\/El-lider-de-22La-Barredora22-Hernan-Bermudez-vivia-entre-joyas-fajos-de-dinero-y-alberca-en-casa-de-Paraguay-1024x620.avif 1024w, https:\/\/www.opinionpublica.tv\/portada\/wp-content\/uploads\/2025\/09\/El-lider-de-22La-Barredora22-Hernan-Bermudez-vivia-entre-joyas-fajos-de-dinero-y-alberca-en-casa-de-Paraguay-300x182.avif 300w, https:\/\/www.opinionpublica.tv\/portada\/wp-content\/uploads\/2025\/09\/El-lider-de-22La-Barredora22-Hernan-Bermudez-vivia-entre-joyas-fajos-de-dinero-y-alberca-en-casa-de-Paraguay-768x465.avif 768w, https:\/\/www.opinionpublica.tv\/portada\/wp-content\/uploads\/2025\/09\/El-lider-de-22La-Barredora22-Hernan-Bermudez-vivia-entre-joyas-fajos-de-dinero-y-alberca-en-casa-de-Paraguay.avif 1100w\" sizes=\"(max-width: 1024px) 100vw, 1024px\" \/><\/figure>\n\n\n\n<p class=\"wp-block-paragraph\">Fue hasta el pasado 12 de julio cuando se dio a conocer p\u00fablicamente que hab\u00eda una orden de aprehensi\u00f3n en su contra, y la Organizaci\u00f3n Internacional de Polic\u00eda Criminal (Interpol) emiti\u00f3 una ficha roja, cuatro d\u00edas despu\u00e9s, para buscar en 190 pa\u00edses a Berm\u00fadez, exsecretario de Seguridad de Tabasco durante la gesti\u00f3n de Ad\u00e1n Augusto L\u00f3pez.<\/p>\n\n\n\n<p class=\"wp-block-paragraph\">Seg\u00fan el reporte de las autoridades, Hern\u00e1n Berm\u00fadez sali\u00f3 de M\u00e9xico el 26 de enero de 2025.<\/p>\n\n\n\n<p class=\"wp-block-paragraph\">De acuerdo con informaci\u00f3n brindada por el secretario de Seguridad, Omar Garc\u00eda Harfuch, desde 2024 se abri\u00f3 una carpeta de investigaci\u00f3n contra Berm\u00fadez Requena.<\/p>\n\n\n\n<p class=\"wp-block-paragraph\">Esto despu\u00e9s de que se le comenzar\u00e1 a vincular con el grupo delictivo desde 2022, cuando documentos oficiales de la Secretar\u00eda de la Defensa Nacional (Defensa) fueron filtrados por el grupo de hackers, Guacamaya Leaks que se\u00f1alaban a Hern\u00e1n Berm\u00fadez, en ese entonces todav\u00eda secretario de Seguridad de Tabasco, y tambi\u00e9n a Jos\u00e9 del Carmen Castillo Ram\u00edrez, excomisionado de seguridad p\u00fablica, de tener v\u00ednculos con el C\u00e1rtel Jalisco Nueva Generaci\u00f3n y otros grupos delictivos relacionados con el huachicoleo que operaban en Villahermosa.<\/p>\n\n\n\n<p class=\"wp-block-paragraph\">En 2024 se le cuestion\u00f3 directamente a Ad\u00e1n Augusto L\u00f3pez, quien ya fung\u00eda como secretario de Gobernaci\u00f3n, respecto a los se\u00f1alamiento en contra de miembros de su gabinete a lo que respondi\u00f3 que conoc\u00eda a los implicados, sin embargo, dijo, no ten\u00eda reporte, ni denuncias al respecto.<\/p>\n\n\n\n<p class=\"wp-block-paragraph\">Sigui\u00e9ndole la pista a \u00abEl abuelo\u00bb<\/p>\n\n\n\n<p class=\"wp-block-paragraph\">Durante julio, no s\u00f3lo se dio a conocer la investigaci\u00f3n contra Hern\u00e1n Berm\u00fadez, ese mismo mes se detuvo a 14 miembros de \u00abLa Barredora\u00bb, relacionadas con los delitos de extorsi\u00f3n y cobro de piso.<\/p>\n\n\n\n<p class=\"wp-block-paragraph\">Asimismo, se le brind\u00f3 arresto domiciliado en Paraguay a Gerardo Berm\u00fadez Arreola, sobrino de Hern\u00e1n Berm\u00fadez, el 23 de julio, quien fue se\u00f1alado de explotaci\u00f3n ilegal de apuestas deportivas a trav\u00e9s de los casinos Crown City.<\/p>\n\n\n\n<p class=\"wp-block-paragraph\">En tanto, la Unidad de Inteligencia Financiera (UIF) congel\u00f3 las cuentas bancarias de Hern\u00e1n Berm\u00fadez y autoridades realizaron un cateo en su residencia, ubicada en el fraccionamiento Campestre de una zona residencial de Villahermosa.<\/p>\n\n\n\n<p class=\"wp-block-paragraph\">El 23 de julio, tambi\u00e9n cay\u00f3 el brazo operativo del grupo, Ulises Pinto Madera, alias \u00abEl Mamado\u00bb, El Pinto o El 88, a quien se se\u00f1al\u00f3 de ser responsable de la escala de violencia en el estado e identificado como el segundo al mando de la organizaci\u00f3n delictiva, ahora colabora como testigo de la FGR.<\/p>\n\n\n\n<p class=\"wp-block-paragraph\">En agosto se logr\u00f3 la detenci\u00f3n de \u00abEl Vampiro\u00bb, identificado como Arturo \u201cN\u201d y se\u00f1alado como uno de los principales generadores de violencia en Tabasco a trav\u00e9s de delitos como extorsi\u00f3n y cobro de piso.<\/p>\n\n\n\n<p class=\"wp-block-paragraph\">Cabe destacar que antes de que se diera a conocer la orden de aprehensi\u00f3n contra Hern\u00e1n Berm\u00fadez, fue detenido en Puebla Carlos Tom\u00e1s \u00abN\u00bb, al\u00edas \u00abel Lic\u00bb, se\u00f1alado de ser uno de los l\u00edderes de \u00abLa Barredora\u00bb. Carlos Tom\u00e1s trabaj\u00f3 en la presidencia municipal de Macuspana hasta 2017 y posteriormente se supo que actuaba como abogado Hern\u00e1n Berm\u00fadez Requena.<\/p>\n\n\n\n<p class=\"wp-block-paragraph\">Fue hasta la noche del 12 de septiembre cuando el secretario de Seguridad inform\u00f3 de la captura de Requena en Paraguay, tras una operaci\u00f3n conjunta encabezada por el Centro Nacional de Inteligencia, Ej\u00e9rcito, Marina, Guardia Nacional, Marina, SSPC, y autoridades paraguayas.<\/p>\n\n\n\n<p class=\"wp-block-paragraph\"><em>Con informaci\u00f3n de El Universal<\/em>.<\/p>\n","protected":false},"excerpt":{"rendered":"<p>Ciudad de M\u00e9xico.- El exsecretario de Seguridad P\u00fablica de Tabasco, Hern\u00e1n Berm\u00fadez Requena, acusado de ser l\u00edder del grupo criminal la \u00abLa Barredora\u00bb fue detenido en Paraguay, entre joyas y fajos de dinero, gracias a la nueva Ley del Sistema Nacional de Investigaci\u00f3n e Inteligencia. En un comunicado del Gabinete de Seguridad mencion\u00f3 que en [&hellip;]<\/p>\n","protected":false},"author":6,"featured_media":68024,"comment_status":"closed","ping_status":"closed","sticky":false,"template":"","format":"standard","meta":{"_acf_changed":false,"_monsterinsights_skip_tracking":false,"slim_seo":{"title":"El l\u00edder de \"La Barredora\" Hern\u00e1n Berm\u00fadez viv\u00eda entre joyas, fajos de dinero y alberca, en casa de Paraguay - Opini\u00f3n P\u00fablica","description":"Ciudad de M\u00e9xico .- El exsecretario de Seguridad P\u00fablica de Tabasco, Hern\u00e1n Berm\u00fadez Requena, acusado de ser l\u00edder del grupo criminal la \"La Barredora\" fue dete"},"footnotes":""},"categories":[3],"tags":[],"class_list":["post-68019","post","type-post","status-publish","format-standard","has-post-thumbnail","hentry","category-principal"],"acf":[],"_links":{"self":[{"href":"https:\/\/www.opinionpublica.tv\/portada\/wp-json\/wp\/v2\/posts\/68019","targetHints":{"allow":["GET"]}}],"collection":[{"href":"https:\/\/www.opinionpublica.tv\/portada\/wp-json\/wp\/v2\/posts"}],"about":[{"href":"https:\/\/www.opinionpublica.tv\/portada\/wp-json\/wp\/v2\/types\/post"}],"author":[{"embeddable":true,"href":"https:\/\/www.opinionpublica.tv\/portada\/wp-json\/wp\/v2\/users\/6"}],"replies":[{"embeddable":true,"href":"https:\/\/www.opinionpublica.tv\/portada\/wp-json\/wp\/v2\/comments?post=68019"}],"version-history":[{"count":4,"href":"https:\/\/www.opinionpublica.tv\/portada\/wp-json\/wp\/v2\/posts\/68019\/revisions"}],"predecessor-version":[{"id":68026,"href":"https:\/\/www.opinionpublica.tv\/portada\/wp-json\/wp\/v2\/posts\/68019\/revisions\/68026"}],"wp:featuredmedia":[{"embeddable":true,"href":"https:\/\/www.opinionpublica.tv\/portada\/wp-json\/wp\/v2\/media\/68024"}],"wp:attachment":[{"href":"https:\/\/www.opinionpublica.tv\/portada\/wp-json\/wp\/v2\/media?parent=68019"}],"wp:term":[{"taxonomy":"category","embeddable":true,"href":"https:\/\/www.opinionpublica.tv\/portada\/wp-json\/wp\/v2\/categories?post=68019"},{"taxonomy":"post_tag","embeddable":true,"href":"https:\/\/www.opinionpublica.tv\/portada\/wp-json\/wp\/v2\/tags?post=68019"}],"curies":[{"name":"wp","href":"https:\/\/api.w.org\/{rel}","templated":true}]}}