{"id":68011,"date":"2025-09-13T13:00:29","date_gmt":"2025-09-13T19:00:29","guid":{"rendered":"https:\/\/www.opinionpublica.tv\/portada\/?p=68011"},"modified":"2025-09-13T13:02:41","modified_gmt":"2025-09-13T19:02:41","slug":"anuncia-alcalde-cambio-del-grito-de-independencia-sera-en-las-banderas-de-el-chamizal","status":"publish","type":"post","link":"https:\/\/www.opinionpublica.tv\/portada\/anuncia-alcalde-cambio-del-grito-de-independencia-sera-en-las-banderas-de-el-chamizal\/","title":{"rendered":"Anuncia alcalde cambio del Grito de Independencia, ser\u00e1 en banderas de El Chamizal"},"content":{"rendered":"\n<figure class=\"wp-block-image size-full\"><img fetchpriority=\"high\" decoding=\"async\" width=\"640\" height=\"454\" src=\"https:\/\/www.opinionpublica.tv\/portada\/wp-content\/uploads\/2025\/09\/Anuncia-alcalde-cambio-del-Grito-de-Independencia-sera-en-banderas-de-El-Chamizal.jpg\" alt=\"Anuncia alcalde cambio del grito de independencia, sera\u0301 en banderas de el chamizal\" class=\"wp-image-68016\" srcset=\"https:\/\/www.opinionpublica.tv\/portada\/wp-content\/uploads\/2025\/09\/Anuncia-alcalde-cambio-del-Grito-de-Independencia-sera-en-banderas-de-El-Chamizal.jpg 640w, https:\/\/www.opinionpublica.tv\/portada\/wp-content\/uploads\/2025\/09\/Anuncia-alcalde-cambio-del-Grito-de-Independencia-sera-en-banderas-de-El-Chamizal-300x213.jpg 300w\" sizes=\"(max-width: 640px) 100vw, 640px\" \/><\/figure>\n\n\n\n<p class=\"wp-block-paragraph\"><em>Ciudad Ju\u00e1rez, Chih<\/em>.- El presidente municipal, Cruz P\u00e9rez Cu\u00e9llar, anunci\u00f3 que en lugar de la Megabandera, la ceremonia del Grito de Independencia ser\u00e1 en el Monumento a las Banderas, ubicado a un costado del Puente Internacional C\u00f3rdoba-Am\u00e9ricas.<\/p>\n\n\n\n<p class=\"wp-block-paragraph\">El alcalde asegur\u00f3 que la celebraci\u00f3n no se cancela, solamente cambia de lugar, por lo que invit\u00f3 a los juarenses a participar y disfrutar de la velada.<\/p>\n\n\n\n<p class=\"wp-block-paragraph\">Coment\u00f3 que desde ayer decidi\u00f3 realizar la ceremonia cerca de dicho puente internacional ante la recepci\u00f3n de un oficio emitido por la Oficina de Representaci\u00f3n de la Secretar\u00eda de Medio Ambiente y Recursos Naturales en el Estado de Chihuahua.<\/p>\n\n\n\n<figure class=\"wp-block-image size-large\"><img decoding=\"async\" width=\"1024\" height=\"682\" src=\"https:\/\/www.opinionpublica.tv\/portada\/wp-content\/uploads\/2025\/09\/Anuncia-alcalde-cambio-del-Grito-de-Independencia-sera-en-banderas-de-El-Chamizal-2-1024x682.jpeg\" alt=\"Anuncia alcalde cambio del grito de independencia, sera\u0301 en banderas de el chamizal 2\" class=\"wp-image-68017\" srcset=\"https:\/\/www.opinionpublica.tv\/portada\/wp-content\/uploads\/2025\/09\/Anuncia-alcalde-cambio-del-Grito-de-Independencia-sera-en-banderas-de-El-Chamizal-2-1024x682.jpeg 1024w, https:\/\/www.opinionpublica.tv\/portada\/wp-content\/uploads\/2025\/09\/Anuncia-alcalde-cambio-del-Grito-de-Independencia-sera-en-banderas-de-El-Chamizal-2-300x200.jpeg 300w, https:\/\/www.opinionpublica.tv\/portada\/wp-content\/uploads\/2025\/09\/Anuncia-alcalde-cambio-del-Grito-de-Independencia-sera-en-banderas-de-El-Chamizal-2-768x512.jpeg 768w, https:\/\/www.opinionpublica.tv\/portada\/wp-content\/uploads\/2025\/09\/Anuncia-alcalde-cambio-del-Grito-de-Independencia-sera-en-banderas-de-El-Chamizal-2-1536x1023.jpeg 1536w, https:\/\/www.opinionpublica.tv\/portada\/wp-content\/uploads\/2025\/09\/Anuncia-alcalde-cambio-del-Grito-de-Independencia-sera-en-banderas-de-El-Chamizal-2.jpeg 1600w\" sizes=\"(max-width: 1024px) 100vw, 1024px\" \/><\/figure>\n\n\n\n<p class=\"wp-block-paragraph\">El edil lament\u00f3 las molestias a los ciudadanos que se ver\u00e1n afectados con el cambio de sede, ya que ser\u00e1n cuatro d\u00edas en que los conductores deben tomar v\u00edas alternas, es decir, desde hoy y hasta el martes 16 de septiembre.<\/p>\n\n\n\n<p class=\"wp-block-paragraph\">P\u00e9rez Cu\u00e9llar dijo que el Gobierno Municipal no tiene problema en cambiar de sitio para conmemorar la Independencia de M\u00e9xico, pues es importante no desde\u00f1ar el argumento.<\/p>\n\n\n\n<p class=\"wp-block-paragraph\">\u00abEs buen argumento y el Gobierno Municipal siempre ha cuidado esas \u00e1reas y se tomar\u00e1n medidas preventivas\u00bb, mencion\u00f3.<\/p>\n","protected":false},"excerpt":{"rendered":"<p>Ciudad Ju\u00e1rez, Chih.- El presidente municipal, Cruz P\u00e9rez Cu\u00e9llar, anunci\u00f3 que en lugar de la Megabandera, la ceremonia del Grito de Independencia ser\u00e1 en el Monumento a las Banderas, ubicado a un costado del Puente Internacional C\u00f3rdoba-Am\u00e9ricas. El alcalde asegur\u00f3 que la celebraci\u00f3n no se cancela, solamente cambia de lugar, por lo que invit\u00f3 a [&hellip;]<\/p>\n","protected":false},"author":6,"featured_media":68016,"comment_status":"closed","ping_status":"closed","sticky":false,"template":"","format":"standard","meta":{"_acf_changed":false,"_monsterinsights_skip_tracking":false,"slim_seo":{"title":"Anuncia alcalde cambio del Grito de Independencia, ser\u00e1 en banderas de El Chamizal - Opini\u00f3n P\u00fablica","description":"Ciudad Ju\u00e1rez, Chih .- El presidente municipal, Cruz P\u00e9rez Cu\u00e9llar, anunci\u00f3 que en lugar de la Megabandera, la ceremonia del Grito de Independencia ser\u00e1 en el M"},"footnotes":""},"categories":[41],"tags":[],"class_list":["post-68011","post","type-post","status-publish","format-standard","has-post-thumbnail","hentry","category-juarez"],"acf":[],"_links":{"self":[{"href":"https:\/\/www.opinionpublica.tv\/portada\/wp-json\/wp\/v2\/posts\/68011","targetHints":{"allow":["GET"]}}],"collection":[{"href":"https:\/\/www.opinionpublica.tv\/portada\/wp-json\/wp\/v2\/posts"}],"about":[{"href":"https:\/\/www.opinionpublica.tv\/portada\/wp-json\/wp\/v2\/types\/post"}],"author":[{"embeddable":true,"href":"https:\/\/www.opinionpublica.tv\/portada\/wp-json\/wp\/v2\/users\/6"}],"replies":[{"embeddable":true,"href":"https:\/\/www.opinionpublica.tv\/portada\/wp-json\/wp\/v2\/comments?post=68011"}],"version-history":[{"count":3,"href":"https:\/\/www.opinionpublica.tv\/portada\/wp-json\/wp\/v2\/posts\/68011\/revisions"}],"predecessor-version":[{"id":68018,"href":"https:\/\/www.opinionpublica.tv\/portada\/wp-json\/wp\/v2\/posts\/68011\/revisions\/68018"}],"wp:featuredmedia":[{"embeddable":true,"href":"https:\/\/www.opinionpublica.tv\/portada\/wp-json\/wp\/v2\/media\/68016"}],"wp:attachment":[{"href":"https:\/\/www.opinionpublica.tv\/portada\/wp-json\/wp\/v2\/media?parent=68011"}],"wp:term":[{"taxonomy":"category","embeddable":true,"href":"https:\/\/www.opinionpublica.tv\/portada\/wp-json\/wp\/v2\/categories?post=68011"},{"taxonomy":"post_tag","embeddable":true,"href":"https:\/\/www.opinionpublica.tv\/portada\/wp-json\/wp\/v2\/tags?post=68011"}],"curies":[{"name":"wp","href":"https:\/\/api.w.org\/{rel}","templated":true}]}}