{"id":67979,"date":"2025-09-13T00:01:00","date_gmt":"2025-09-13T06:01:00","guid":{"rendered":"https:\/\/www.opinionpublica.tv\/portada\/?p=67979"},"modified":"2025-09-12T20:16:04","modified_gmt":"2025-09-13T02:16:04","slug":"por-feria-del-tequila-y-el-mariachi-seguridad-vial-monta-operativo-de-vigilancia-y-resguardo","status":"publish","type":"post","link":"https:\/\/www.opinionpublica.tv\/portada\/por-feria-del-tequila-y-el-mariachi-seguridad-vial-monta-operativo-de-vigilancia-y-resguardo\/","title":{"rendered":"Por Festival del Tequila y el Mariachi, aplicar\u00e1 Vialidad un operativo de vigilancia"},"content":{"rendered":"\n<figure class=\"wp-block-image size-large\"><img fetchpriority=\"high\" decoding=\"async\" width=\"1024\" height=\"682\" src=\"https:\/\/www.opinionpublica.tv\/portada\/wp-content\/uploads\/2025\/09\/Por-Festival-del-Tequila-y-el-Mariachi-aplicara-Vialidad-un-operativo-de-vigilancia-1024x682.jpeg\" alt=\"Por festival del tequila y el mariachi, aplicara\u0301 vialidad un operativo de vigilancia\" class=\"wp-image-67985\" srcset=\"https:\/\/www.opinionpublica.tv\/portada\/wp-content\/uploads\/2025\/09\/Por-Festival-del-Tequila-y-el-Mariachi-aplicara-Vialidad-un-operativo-de-vigilancia-1024x682.jpeg 1024w, https:\/\/www.opinionpublica.tv\/portada\/wp-content\/uploads\/2025\/09\/Por-Festival-del-Tequila-y-el-Mariachi-aplicara-Vialidad-un-operativo-de-vigilancia-300x200.jpeg 300w, https:\/\/www.opinionpublica.tv\/portada\/wp-content\/uploads\/2025\/09\/Por-Festival-del-Tequila-y-el-Mariachi-aplicara-Vialidad-un-operativo-de-vigilancia-768x512.jpeg 768w, https:\/\/www.opinionpublica.tv\/portada\/wp-content\/uploads\/2025\/09\/Por-Festival-del-Tequila-y-el-Mariachi-aplicara-Vialidad-un-operativo-de-vigilancia-1536x1023.jpeg 1536w, https:\/\/www.opinionpublica.tv\/portada\/wp-content\/uploads\/2025\/09\/Por-Festival-del-Tequila-y-el-Mariachi-aplicara-Vialidad-un-operativo-de-vigilancia.jpeg 1600w\" sizes=\"(max-width: 1024px) 100vw, 1024px\" \/><\/figure>\n\n\n\n<p class=\"wp-block-paragraph\"><em>Ciudad Ju\u00e1rez, Chih<\/em>.- Durante este fin de semana la Coordinaci\u00f3n General de Seguridad Vial llevar\u00e1 a cabo un operativo especial de vigilancia y resguardo con motivo de la realizaci\u00f3n de la 25 edici\u00f3n del Festival del Tequila y del Mariachi que se llevar\u00e1 a cabo en la Plaza de la Mexicanidad.<\/p>\n\n\n\n<p class=\"wp-block-paragraph\">Para garantizar la seguridad de los asistentes, se desplegar\u00e1n 18 elementos de la corporaci\u00f3n y un total de seis unidades tipo patrulla, quienes permanecer\u00e1n atentos durante todo el evento.<\/p>\n\n\n\n<p class=\"wp-block-paragraph\">Al concluir las actividades de cada d\u00eda, los agentes implementar\u00e1n cierres estrat\u00e9gicos y acciones de desv\u00edo vehicular con el fin de facilitar tanto la salida de autom\u00f3viles como el cruce seguro de peatones en el lugar.<\/p>\n\n\n\n<p class=\"wp-block-paragraph\">Se dio a conocer que los cierres viales estrat\u00e9gicos que se realizar\u00e1n para la operatividad de dicho evento, se ubican en los siguientes puntos:<\/p>\n\n\n\n<p class=\"wp-block-paragraph\">&#8211; Avenida Plutarco El\u00edas Calles y calle Ing. David Herrera Jord\u00e1n<\/p>\n\n\n\n<p class=\"wp-block-paragraph\">&#8211; Avenida Rafael P\u00e9rez Serna y avenida Heroico Colegio Militar<\/p>\n\n\n\n<p class=\"wp-block-paragraph\">&#8211; Calle Universidad y avenida Heroico Colegio Militar<\/p>\n\n\n\n<p class=\"wp-block-paragraph\">&#8211; Avenida Adolfo L\u00f3pez Mateos y avenida Heroico Colegio Militar<\/p>\n","protected":false},"excerpt":{"rendered":"<p>Ciudad Ju\u00e1rez, Chih.- Durante este fin de semana la Coordinaci\u00f3n General de Seguridad Vial llevar\u00e1 a cabo un operativo especial de vigilancia y resguardo con motivo de la realizaci\u00f3n de la 25 edici\u00f3n del Festival del Tequila y del Mariachi que se llevar\u00e1 a cabo en la Plaza de la Mexicanidad. Para garantizar la seguridad [&hellip;]<\/p>\n","protected":false},"author":6,"featured_media":67985,"comment_status":"closed","ping_status":"closed","sticky":false,"template":"","format":"standard","meta":{"_acf_changed":false,"_monsterinsights_skip_tracking":false,"slim_seo":{"title":"Por Festival del Tequila y el Mariachi, aplicar\u00e1 Vialidad un operativo de vigilancia - Opini\u00f3n P\u00fablica","description":"Ciudad Ju\u00e1rez, Chih .- Durante este fin de semana la Coordinaci\u00f3n General de Seguridad Vial llevar\u00e1 a cabo un operativo especial de vigilancia y resguardo con m"},"footnotes":""},"categories":[41],"tags":[],"class_list":["post-67979","post","type-post","status-publish","format-standard","has-post-thumbnail","hentry","category-juarez"],"acf":[],"_links":{"self":[{"href":"https:\/\/www.opinionpublica.tv\/portada\/wp-json\/wp\/v2\/posts\/67979","targetHints":{"allow":["GET"]}}],"collection":[{"href":"https:\/\/www.opinionpublica.tv\/portada\/wp-json\/wp\/v2\/posts"}],"about":[{"href":"https:\/\/www.opinionpublica.tv\/portada\/wp-json\/wp\/v2\/types\/post"}],"author":[{"embeddable":true,"href":"https:\/\/www.opinionpublica.tv\/portada\/wp-json\/wp\/v2\/users\/6"}],"replies":[{"embeddable":true,"href":"https:\/\/www.opinionpublica.tv\/portada\/wp-json\/wp\/v2\/comments?post=67979"}],"version-history":[{"count":4,"href":"https:\/\/www.opinionpublica.tv\/portada\/wp-json\/wp\/v2\/posts\/67979\/revisions"}],"predecessor-version":[{"id":67986,"href":"https:\/\/www.opinionpublica.tv\/portada\/wp-json\/wp\/v2\/posts\/67979\/revisions\/67986"}],"wp:featuredmedia":[{"embeddable":true,"href":"https:\/\/www.opinionpublica.tv\/portada\/wp-json\/wp\/v2\/media\/67985"}],"wp:attachment":[{"href":"https:\/\/www.opinionpublica.tv\/portada\/wp-json\/wp\/v2\/media?parent=67979"}],"wp:term":[{"taxonomy":"category","embeddable":true,"href":"https:\/\/www.opinionpublica.tv\/portada\/wp-json\/wp\/v2\/categories?post=67979"},{"taxonomy":"post_tag","embeddable":true,"href":"https:\/\/www.opinionpublica.tv\/portada\/wp-json\/wp\/v2\/tags?post=67979"}],"curies":[{"name":"wp","href":"https:\/\/api.w.org\/{rel}","templated":true}]}}