{"id":67938,"date":"2025-09-13T00:01:00","date_gmt":"2025-09-13T06:01:00","guid":{"rendered":"https:\/\/www.opinionpublica.tv\/portada\/?p=67938"},"modified":"2025-09-12T17:53:29","modified_gmt":"2025-09-12T23:53:29","slug":"video-bolsonaro-a-la-carcel-como-fue-el-plan-golpista-del-ex-presidente-de-brasil","status":"publish","type":"post","link":"https:\/\/www.opinionpublica.tv\/portada\/video-bolsonaro-a-la-carcel-como-fue-el-plan-golpista-del-ex-presidente-de-brasil\/","title":{"rendered":"Video: Bolsonaro preso; c\u00f3mo fue el plan golpista del ex presidente de Brasil | BBC Mundo"},"content":{"rendered":"\n<p class=\"wp-block-paragraph\"><a href=\"https:\/\/www.youtube.com\/@BBCMundo\"><\/a><\/p>\n\n\n\n<figure class=\"wp-block-embed is-type-video is-provider-youtube wp-block-embed-youtube wp-embed-aspect-16-9 wp-has-aspect-ratio\"><div class=\"wp-block-embed__wrapper\">\n<iframe title=\"Bolsonaro a la c\u00e1rcel: c\u00f3mo fue el plan golpista por el que fue condenado el expresidente de Brasil\" width=\"800\" height=\"450\" src=\"https:\/\/www.youtube.com\/embed\/Suy18mGTHqU?feature=oembed\" frameborder=\"0\" allow=\"accelerometer; autoplay; clipboard-write; encrypted-media; gyroscope; picture-in-picture; web-share\" referrerpolicy=\"strict-origin-when-cross-origin\" allowfullscreen><\/iframe>\n<\/div><\/figure>\n\n\n\n<p class=\"wp-block-paragraph\">Un total de 27 a\u00f1os y tres meses de prisi\u00f3n por golpismo: \u00e9sta es la condena hist\u00f3rica al ex presidente brasile\u00f1o tras ser hallado culpable del intento de golpe de Estado del 8 de enero de 2023, cuando miles de sus seguidores invadieron las sedes del poder en Brasilia para revertir los resultados de las elecciones en las que fue derrotado por el actual presidente, Luiz In\u00e1cio Lula da Silva.<\/p>\n\n\n\n<p class=\"wp-block-paragraph\">La condena marca el momento m\u00e1s cr\u00edtico de la carrera pol\u00edtica de Bolsonaro y abre dudas sobre el futuro del bolsonarismo, su movimiento pol\u00edtico de derecha, que ahora queda sin un liderazgo claro.<\/p>\n\n\n\n<p class=\"wp-block-paragraph\">En este video, la periodista de BBC Mundo, Sara Valle, cuenta c\u00f3mo sucedi\u00f3 el intento de golpe de Estado, qu\u00e9 papel jug\u00f3 Bolsonaro y por qu\u00e9 su condena no necesariamente supone el fin de su carrera pol\u00edtica.<\/p>\n\n\n\n<p class=\"wp-block-paragraph\"><em>Cr\u00e9ditos: BBC Mundo<\/em>.<\/p>\n","protected":false},"excerpt":{"rendered":"<p>Un total de 27 a\u00f1os y tres meses de prisi\u00f3n por golpismo: \u00e9sta es la condena hist\u00f3rica al ex presidente brasile\u00f1o tras ser hallado culpable del intento de golpe de Estado del 8 de enero de 2023, cuando miles de sus seguidores invadieron las sedes del poder en Brasilia para revertir los resultados de las [&hellip;]<\/p>\n","protected":false},"author":6,"featured_media":67942,"comment_status":"closed","ping_status":"closed","sticky":false,"template":"","format":"standard","meta":{"_acf_changed":false,"_monsterinsights_skip_tracking":false,"slim_seo":{"title":"Video: Bolsonaro preso; c\u00f3mo fue el plan golpista del ex presidente de Brasil | BBC Mundo - Opini\u00f3n P\u00fablica","description":"https:\/\/youtu.be\/Suy18mGTHqU?si=ISHiQC_o1N7n659V Un total de 27 a\u00f1os y tres meses de prisi\u00f3n por golpismo: \u00e9sta es la condena hist\u00f3rica al ex presidente brasile"},"footnotes":""},"categories":[2,13,8],"tags":[],"class_list":["post-67938","post","type-post","status-publish","format-standard","has-post-thumbnail","hentry","category-videos-destacados","category-videos-destacados-contenido","category-videos"],"acf":[],"_links":{"self":[{"href":"https:\/\/www.opinionpublica.tv\/portada\/wp-json\/wp\/v2\/posts\/67938","targetHints":{"allow":["GET"]}}],"collection":[{"href":"https:\/\/www.opinionpublica.tv\/portada\/wp-json\/wp\/v2\/posts"}],"about":[{"href":"https:\/\/www.opinionpublica.tv\/portada\/wp-json\/wp\/v2\/types\/post"}],"author":[{"embeddable":true,"href":"https:\/\/www.opinionpublica.tv\/portada\/wp-json\/wp\/v2\/users\/6"}],"replies":[{"embeddable":true,"href":"https:\/\/www.opinionpublica.tv\/portada\/wp-json\/wp\/v2\/comments?post=67938"}],"version-history":[{"count":3,"href":"https:\/\/www.opinionpublica.tv\/portada\/wp-json\/wp\/v2\/posts\/67938\/revisions"}],"predecessor-version":[{"id":67943,"href":"https:\/\/www.opinionpublica.tv\/portada\/wp-json\/wp\/v2\/posts\/67938\/revisions\/67943"}],"wp:featuredmedia":[{"embeddable":true,"href":"https:\/\/www.opinionpublica.tv\/portada\/wp-json\/wp\/v2\/media\/67942"}],"wp:attachment":[{"href":"https:\/\/www.opinionpublica.tv\/portada\/wp-json\/wp\/v2\/media?parent=67938"}],"wp:term":[{"taxonomy":"category","embeddable":true,"href":"https:\/\/www.opinionpublica.tv\/portada\/wp-json\/wp\/v2\/categories?post=67938"},{"taxonomy":"post_tag","embeddable":true,"href":"https:\/\/www.opinionpublica.tv\/portada\/wp-json\/wp\/v2\/tags?post=67938"}],"curies":[{"name":"wp","href":"https:\/\/api.w.org\/{rel}","templated":true}]}}