{"id":67820,"date":"2025-09-11T00:01:00","date_gmt":"2025-09-11T06:01:00","guid":{"rendered":"https:\/\/www.opinionpublica.tv\/portada\/?p=67820"},"modified":"2025-09-10T15:07:10","modified_gmt":"2025-09-10T21:07:10","slug":"mujeres-militares-orgullosas-de-participar-en-primer-desfile-de-la-presidenta-sheinbaum","status":"publish","type":"post","link":"https:\/\/www.opinionpublica.tv\/portada\/mujeres-militares-orgullosas-de-participar-en-primer-desfile-de-la-presidenta-sheinbaum\/","title":{"rendered":"Mujeres militares, orgullosas de participar en primer desfile de la presidenta Sheinbaum"},"content":{"rendered":"\n<figure class=\"wp-block-image size-full\"><img fetchpriority=\"high\" decoding=\"async\" width=\"1006\" height=\"620\" src=\"https:\/\/www.opinionpublica.tv\/portada\/wp-content\/uploads\/2025\/09\/Mujeres-militares-orgullosas-de-participar-en-primer-desfile-de-la-presidenta-Sheinbaum.avif\" alt=\"Mujeres militares, orgullosas de participar en primer desfile de la presidenta sheinbaum\" class=\"wp-image-67823\" srcset=\"https:\/\/www.opinionpublica.tv\/portada\/wp-content\/uploads\/2025\/09\/Mujeres-militares-orgullosas-de-participar-en-primer-desfile-de-la-presidenta-Sheinbaum.avif 1006w, https:\/\/www.opinionpublica.tv\/portada\/wp-content\/uploads\/2025\/09\/Mujeres-militares-orgullosas-de-participar-en-primer-desfile-de-la-presidenta-Sheinbaum-300x185.avif 300w, https:\/\/www.opinionpublica.tv\/portada\/wp-content\/uploads\/2025\/09\/Mujeres-militares-orgullosas-de-participar-en-primer-desfile-de-la-presidenta-Sheinbaum-768x473.avif 768w\" sizes=\"(max-width: 1006px) 100vw, 1006px\" \/><\/figure>\n\n\n\n<p class=\"wp-block-paragraph\"><em>Ciudad de M\u00e9xico<\/em>.- Durante la pr\u00e1ctica del contingente de la Secretar\u00eda de Marina (Semar) para el desfile c\u00edvico-militar a llevarse a cabo el pr\u00f3ximo 16 de septiembre, las mujeres destacaron por la emoci\u00f3n y la vehemencia por participar en el primer desfile encabezado por la primera presidenta de M\u00e9xico y comandanta Suprema de las Fuerzas Armadas, Claudia Sheinbaum Pardo.<\/p>\n\n\n\n<p class=\"wp-block-paragraph\">Entre el calor y el entusiasmo, las mujeres se dieron cita desde muy temprano en las instalaciones del Aut\u00f3dromo Hermanos Rodr\u00edguez en la Ciudad de M\u00e9xico, a donde llegaron acicaladas y ataviadas con sus trajes militares para el evento, que cont\u00f3 con la presencia del secretario de Marina, Raymundo Pedro Morales \u00c1ngeles.<\/p>\n\n\n\n<p class=\"wp-block-paragraph\">La ocasi\u00f3n no era para menos, por lo que las integrantes de las Fuerzas Armadas no escatimaron y demostraron su emoci\u00f3n por su participaci\u00f3n en los festejos patrios, quienes sonrieron ante las c\u00e1maras que las entrevistaban y posaron mientras las fotografiaban.<\/p>\n\n\n\n<p class=\"wp-block-paragraph\">Fue poco antes de las 11:00 horas que el almirante Morales \u00c1ngeles arrib\u00f3 al Aut\u00f3dromo en medio de un dispositivo de seguridad para dar inicio a la Revista General de la Fuerza de Tarea Patria 2025, que estuvo conformada por 5 bloques y fue encabezada por banderas monumentales que ondearon en el aire.<\/p>\n\n\n\n<p class=\"wp-block-paragraph\">Para ellas, su actuaci\u00f3n en el desfile c\u00edvico-militar de este a\u00f1o es especial, porque se sienten orgullosas de ser representadas por la primera presidenta de M\u00e9xico y comandanta Suprema de las Fuerzas Armadas.<\/p>\n\n\n\n<p class=\"wp-block-paragraph\">Aunque descartan que dentro de la Secretar\u00eda de Marina existan distinciones por razones de g\u00e9nero o dificultades m\u00e1s all\u00e1 de lo profesional, reconocen que la presencia de Claudia Sheinbaum a la cabeza del pa\u00eds ha acentuado la visibilidad y la apertura para ellas dentro de la instituci\u00f3n.<\/p>\n\n\n\n<p class=\"wp-block-paragraph\">Para Gabriela Miranda Cruz, capitana de Corbeta, quien tiene 22 a\u00f1os de servicio en la Marina, es un orgullo y una satisfacci\u00f3n participar en el desfile c\u00edvico-militar, \u201cporque para nosotros el desfile es parte de nuestra doctrina y nuestra cultura y porque a trav\u00e9s de \u00e9l nos acercamos m\u00e1s a la sociedad mexicana\u201d.<\/p>\n\n\n\n<p class=\"wp-block-paragraph\">Para ella, la Marina representa valores, orgullo, patriotismo, amor, vocaci\u00f3n y devoci\u00f3n para el pa\u00eds y para el pueblo mexicano, \u201cporque estamos al servicio de ellos\u201d.<\/p>\n\n\n\n<p class=\"wp-block-paragraph\">Aunque ha participado en otros a\u00f1os en el desfile, para ella este a\u00f1o es especial, \u201cporque estamos siendo parte de la historia de M\u00e9xico con la primera presidenta y comandanta Suprema de las Fuerzas Armadas\u201d.<\/p>\n\n\n\n<p class=\"wp-block-paragraph\">\u201cEs para m\u00ed un orgullo como mujer ser parte de la historia, ser parte de las filas de esta instituci\u00f3n, porque cada d\u00eda tenemos m\u00e1s oportunidades y tener este parteaguas en el pa\u00eds es una gran satisfacci\u00f3n\u201d, dijo.<\/p>\n\n\n\n<p class=\"wp-block-paragraph\">Para Montserrat Z\u00e1rate, teniente a cargo del proyecto Islas Mar\u00edas, es un orgullo formar parte de la Marina, \u201cque representa los colores de honor, deber, lealtad y patriotismo\u201d.<\/p>\n\n\n\n<p class=\"wp-block-paragraph\">Si bien este es el segundo a\u00f1o que participa en el desfile, para ella este a\u00f1o tambi\u00e9n es singular, \u201cporque tenemos una presidenta y como mujer es una muestra de la equidad con la que podemos representar a nuestro pa\u00eds y demuestra que somos igualmente capaces\u201d.<\/p>\n\n\n\n<p class=\"wp-block-paragraph\">Para ella, la llegada de Claudia Sheinbaum a la Presidencia de la Rep\u00fablica, \u201ces una muestra de c\u00f3mo estamos creciendo como naci\u00f3n y el cambio de mentalidad que se est\u00e1 viviendo\u201d.<\/p>\n\n\n\n<p class=\"wp-block-paragraph\">Durante la pr\u00e1ctica del contingente, desfilaron 2 mil 873 elementos de la Semar, 72 veh\u00edculos, 10 embarcaciones y 20 caninos.<\/p>\n\n\n\n<p class=\"wp-block-paragraph\">Adem\u00e1s, se tiene previsto que el 16 de septiembre participen de manera adicional 16 veh\u00edculos tem\u00e1ticos, 5 aeronaves de ala fija, 3 de ala m\u00f3vil, 2 paracaidistas, 5 fuerzas especiales para izado de bandera y un turibus. (El Universal)<\/p>\n","protected":false},"excerpt":{"rendered":"<p>Ciudad de M\u00e9xico.- Durante la pr\u00e1ctica del contingente de la Secretar\u00eda de Marina (Semar) para el desfile c\u00edvico-militar a llevarse a cabo el pr\u00f3ximo 16 de septiembre, las mujeres destacaron por la emoci\u00f3n y la vehemencia por participar en el primer desfile encabezado por la primera presidenta de M\u00e9xico y comandanta Suprema de las Fuerzas [&hellip;]<\/p>\n","protected":false},"author":6,"featured_media":67823,"comment_status":"closed","ping_status":"closed","sticky":false,"template":"","format":"standard","meta":{"_acf_changed":false,"_monsterinsights_skip_tracking":false,"slim_seo":{"title":"Mujeres militares, orgullosas de participar en primer desfile de la presidenta Sheinbaum - Opini\u00f3n P\u00fablica","description":"Ciudad de M\u00e9xico .- Durante la pr\u00e1ctica del contingente de la Secretar\u00eda de Marina (Semar) para el desfile c\u00edvico-militar a llevarse a cabo el pr\u00f3ximo 16 de sep"},"footnotes":""},"categories":[4],"tags":[],"class_list":["post-67820","post","type-post","status-publish","format-standard","has-post-thumbnail","hentry","category-pulsopolitico"],"acf":[],"_links":{"self":[{"href":"https:\/\/www.opinionpublica.tv\/portada\/wp-json\/wp\/v2\/posts\/67820","targetHints":{"allow":["GET"]}}],"collection":[{"href":"https:\/\/www.opinionpublica.tv\/portada\/wp-json\/wp\/v2\/posts"}],"about":[{"href":"https:\/\/www.opinionpublica.tv\/portada\/wp-json\/wp\/v2\/types\/post"}],"author":[{"embeddable":true,"href":"https:\/\/www.opinionpublica.tv\/portada\/wp-json\/wp\/v2\/users\/6"}],"replies":[{"embeddable":true,"href":"https:\/\/www.opinionpublica.tv\/portada\/wp-json\/wp\/v2\/comments?post=67820"}],"version-history":[{"count":2,"href":"https:\/\/www.opinionpublica.tv\/portada\/wp-json\/wp\/v2\/posts\/67820\/revisions"}],"predecessor-version":[{"id":67824,"href":"https:\/\/www.opinionpublica.tv\/portada\/wp-json\/wp\/v2\/posts\/67820\/revisions\/67824"}],"wp:featuredmedia":[{"embeddable":true,"href":"https:\/\/www.opinionpublica.tv\/portada\/wp-json\/wp\/v2\/media\/67823"}],"wp:attachment":[{"href":"https:\/\/www.opinionpublica.tv\/portada\/wp-json\/wp\/v2\/media?parent=67820"}],"wp:term":[{"taxonomy":"category","embeddable":true,"href":"https:\/\/www.opinionpublica.tv\/portada\/wp-json\/wp\/v2\/categories?post=67820"},{"taxonomy":"post_tag","embeddable":true,"href":"https:\/\/www.opinionpublica.tv\/portada\/wp-json\/wp\/v2\/tags?post=67820"}],"curies":[{"name":"wp","href":"https:\/\/api.w.org\/{rel}","templated":true}]}}