{"id":6774,"date":"2016-10-28T06:00:00","date_gmt":"2016-10-28T04:00:00","guid":{"rendered":"https:\/\/www.opinionpublica.tv\/portada\/2016\/10\/28\/burguer-king-se-disfraza-de-mcdonald-s\/"},"modified":"2016-10-28T06:00:00","modified_gmt":"2016-10-28T04:00:00","slug":"burguer-king-se-disfraza-de-mcdonald-s","status":"publish","type":"post","link":"https:\/\/www.opinionpublica.tv\/portada\/burguer-king-se-disfraza-de-mcdonald-s\/","title":{"rendered":"Burguer King se disfraza de McDonald\u00b4s"},"content":{"rendered":"<p><img decoding=\"async\" class=\" size-full wp-image-6768\" src=\"https:\/\/www.opinionpublica.tv\/portada\/wp-content\/uploads\/2016\/10\/f65b831b3508fcdc8890b01c698794a9.jpg\" alt=\"\" width=\"130\" height=\"98\" \/><br \/>\n<!--more--><\/p>\n<p style=\"text-align: justify;\">Burger King quiso a unirse a la fiesta y las bromas, pero lo hizo de una manera incre\u00edble, donde demostraron que la creatividad siempre puede llegar m\u00e1s lejos.<\/p>\n<p style=\"text-align: justify;\">Una de sus sucursales en la zona de Queens en Nueva York se \u2018disfraz\u00f3\u2019, pero no de cualquier personaje t\u00edpico de Hallowen, se disfrazaron de su competencia, McDonald\u2019s.<\/p>\n<p style=\"text-align: justify;\">En las im\u00e1genes que compartieron en su canal de YouTube y tambi\u00e9n muchos usuarios de redes sociales, se ve como la sucursal est\u00e1 cubierta totalmente con una gran manta blanca y sobre el letrero de \u2018Burger King\u2019 queda \u2018Mc Donald\u2019s\u2019. Los logos gigantes de la empresa tambi\u00e9n fueron cubiertos y en su lugar hay una manta, con dos hoyos a manera de ojos y encima la famosa \u2018M\u2019 amarilla.<\/p>\n<p style=\"text-align: justify;\">Acompa\u00f1ado de esto, en la marquesina aparece el siguiente mensaje:<\/p>\n<blockquote>\n<p>\u00a1Boooooo!<\/p>\n<p>Solo estamos jugando. Todav\u00eda tenemos nuestras hamburguesas a la parrilla.<\/p>\n<p>Feliz Halloween.<\/p>\n<\/blockquote>\n<p style=\"text-align: justify;\">Los clientes que pudieron ir mientras el disfraz segu\u00eda montado en la sucursal, reportaron que las cajas donde ven\u00edan las hamburguesas tambi\u00e9n estaban disfrazadas.<\/p>\n<p style=\"text-align: justify;\">Informaci\u00f3n de Exc\u00e9lsior<\/p>\n<p style=\"text-align: justify;\"><img fetchpriority=\"high\" decoding=\"async\" class=\" size-full wp-image-6769\" src=\"https:\/\/www.opinionpublica.tv\/portada\/wp-content\/uploads\/2016\/10\/1548780.jpg\" width=\"665\" height=\"500\" srcset=\"https:\/\/www.opinionpublica.tv\/portada\/wp-content\/uploads\/2016\/10\/1548780.jpg 665w, https:\/\/www.opinionpublica.tv\/portada\/wp-content\/uploads\/2016\/10\/1548780-300x226.jpg 300w\" sizes=\"(max-width: 665px) 100vw, 665px\" \/><\/p>\n<p style=\"text-align: justify;\"><img decoding=\"async\" class=\" size-full wp-image-6770\" src=\"https:\/\/www.opinionpublica.tv\/portada\/wp-content\/uploads\/2016\/10\/1548783.jpg\" width=\"551\" height=\"550\" srcset=\"https:\/\/www.opinionpublica.tv\/portada\/wp-content\/uploads\/2016\/10\/1548783.jpg 551w, https:\/\/www.opinionpublica.tv\/portada\/wp-content\/uploads\/2016\/10\/1548783-300x300.jpg 300w, https:\/\/www.opinionpublica.tv\/portada\/wp-content\/uploads\/2016\/10\/1548783-150x150.jpg 150w\" sizes=\"(max-width: 551px) 100vw, 551px\" \/><\/p>\n<p style=\"text-align: justify;\"><img loading=\"lazy\" decoding=\"async\" class=\" size-full wp-image-6771\" src=\"https:\/\/www.opinionpublica.tv\/portada\/wp-content\/uploads\/2016\/10\/1548779.jpg\" width=\"665\" height=\"500\" srcset=\"https:\/\/www.opinionpublica.tv\/portada\/wp-content\/uploads\/2016\/10\/1548779.jpg 665w, https:\/\/www.opinionpublica.tv\/portada\/wp-content\/uploads\/2016\/10\/1548779-300x226.jpg 300w\" sizes=\"(max-width: 665px) 100vw, 665px\" \/><\/p>\n<p style=\"text-align: justify;\"><img loading=\"lazy\" decoding=\"async\" class=\" size-full wp-image-6772\" src=\"https:\/\/www.opinionpublica.tv\/portada\/wp-content\/uploads\/2016\/10\/1548782.jpg\" width=\"665\" height=\"500\" srcset=\"https:\/\/www.opinionpublica.tv\/portada\/wp-content\/uploads\/2016\/10\/1548782.jpg 665w, https:\/\/www.opinionpublica.tv\/portada\/wp-content\/uploads\/2016\/10\/1548782-300x226.jpg 300w\" sizes=\"(max-width: 665px) 100vw, 665px\" \/><\/p>\n<p style=\"text-align: justify;\"><img loading=\"lazy\" decoding=\"async\" class=\" size-full wp-image-6773\" src=\"https:\/\/www.opinionpublica.tv\/portada\/wp-content\/uploads\/2016\/10\/1548781.jpg\" width=\"663\" height=\"500\" \/><\/p>\n<p style=\"text-align: justify;\">\u00a0<\/p>\n","protected":false},"excerpt":{"rendered":"","protected":false},"author":1,"featured_media":6768,"comment_status":"open","ping_status":"open","sticky":false,"template":"","format":"standard","meta":{"_acf_changed":false,"_monsterinsights_skip_tracking":false,"slim_seo":{"title":"Burguer King se disfraza de McDonald\u00b4s - Opini\u00f3n P\u00fablica","description":"Burger King quiso a unirse a la fiesta y las bromas, pero lo hizo de una manera incre\u00edble, donde demostraron que la creatividad siempre puede llegar m\u00e1s lejos."},"footnotes":""},"categories":[15],"tags":[],"class_list":["post-6774","post","type-post","status-publish","format-standard","has-post-thumbnail","hentry","category-galerias"],"acf":[],"_links":{"self":[{"href":"https:\/\/www.opinionpublica.tv\/portada\/wp-json\/wp\/v2\/posts\/6774","targetHints":{"allow":["GET"]}}],"collection":[{"href":"https:\/\/www.opinionpublica.tv\/portada\/wp-json\/wp\/v2\/posts"}],"about":[{"href":"https:\/\/www.opinionpublica.tv\/portada\/wp-json\/wp\/v2\/types\/post"}],"author":[{"embeddable":true,"href":"https:\/\/www.opinionpublica.tv\/portada\/wp-json\/wp\/v2\/users\/1"}],"replies":[{"embeddable":true,"href":"https:\/\/www.opinionpublica.tv\/portada\/wp-json\/wp\/v2\/comments?post=6774"}],"version-history":[{"count":0,"href":"https:\/\/www.opinionpublica.tv\/portada\/wp-json\/wp\/v2\/posts\/6774\/revisions"}],"wp:featuredmedia":[{"embeddable":true,"href":"https:\/\/www.opinionpublica.tv\/portada\/wp-json\/wp\/v2\/media\/6768"}],"wp:attachment":[{"href":"https:\/\/www.opinionpublica.tv\/portada\/wp-json\/wp\/v2\/media?parent=6774"}],"wp:term":[{"taxonomy":"category","embeddable":true,"href":"https:\/\/www.opinionpublica.tv\/portada\/wp-json\/wp\/v2\/categories?post=6774"},{"taxonomy":"post_tag","embeddable":true,"href":"https:\/\/www.opinionpublica.tv\/portada\/wp-json\/wp\/v2\/tags?post=6774"}],"curies":[{"name":"wp","href":"https:\/\/api.w.org\/{rel}","templated":true}]}}