{"id":6737,"date":"2016-10-28T06:00:00","date_gmt":"2016-10-28T04:00:00","guid":{"rendered":"https:\/\/www.opinionpublica.tv\/portada\/2016\/10\/28\/industria-quimica-estancado-por-desabasto-de-pemex\/"},"modified":"2016-10-28T06:00:00","modified_gmt":"2016-10-28T04:00:00","slug":"industria-quimica-estancado-por-desabasto-de-pemex","status":"publish","type":"post","link":"https:\/\/www.opinionpublica.tv\/portada\/industria-quimica-estancado-por-desabasto-de-pemex\/","title":{"rendered":"Industria qu\u00edmica estancado por desabasto de Pemex"},"content":{"rendered":"<p><img fetchpriority=\"high\" decoding=\"async\" class=\" size-full wp-image-6736\" src=\"https:\/\/www.opinionpublica.tv\/portada\/wp-content\/uploads\/2016\/10\/048e752c64cf593538ebd02b789f68f2.jpg\" alt=\"\" width=\"888\" height=\"592\" srcset=\"https:\/\/www.opinionpublica.tv\/portada\/wp-content\/uploads\/2016\/10\/048e752c64cf593538ebd02b789f68f2.jpg 888w, https:\/\/www.opinionpublica.tv\/portada\/wp-content\/uploads\/2016\/10\/048e752c64cf593538ebd02b789f68f2-300x200.jpg 300w, https:\/\/www.opinionpublica.tv\/portada\/wp-content\/uploads\/2016\/10\/048e752c64cf593538ebd02b789f68f2-768x512.jpg 768w\" sizes=\"(max-width: 888px) 100vw, 888px\" \/><br \/>\n<!--more--><\/p>\n<p style=\"text-align: justify;\">La falta de gas natural por parte de Petr\u00f3leos Mexicanos (Pemex) tiene a la industria qu\u00edmica contra las cuerdas, por lo que ha frenado sus inversiones lo que agrava la ya menor producci\u00f3n que tan solo el a\u00f1o pasado cay\u00f3 8.2%.<\/p>\n<p style=\"text-align: justify;\">El desabasto de Pemex obedece en parte a la explosi\u00f3n que se registr\u00f3 en la plataforma Abkat\u00fan-A de la empresa en abril de 2015, lo que afect\u00f3 una de las principales \u00e1reas de procesamiento de gas natural, adicionalmente enfrenta recortes presupuestales que suman m\u00e1s de 162,000 millones de pesos.<\/p>\n<p style=\"text-align: justify;\">\u201cLos \u00faltimos 18 meses, es decir todo este a\u00f1o y una parte importante de 2015, es lo que ha sucedido por falta de producci\u00f3n de Petr\u00f3leos Mexicanos en diferentes \u00e1mbitos, afectando a nuestra industria\u201d, dijo a Expansi\u00f3n Patricio Guti\u00e9rrez, presidente de la Asociaci\u00f3n Nacional de la Industria Qu\u00edmica (ANIQ), una organizaci\u00f3n que tiene m\u00e1s de 200 empresas afiliadas.<\/p>\n<p style=\"text-align: justify;\">La propia Pemex reconoci\u00f3 la reducci\u00f3n en su oferta en su informe anual a la Comisi\u00f3n de Valores de Estados Unidos (SEC, por sus siglas en ingl\u00e9s) ante el impacto de la explosi\u00f3n en Abkat\u00fan-A.<\/p>\n<p style=\"text-align: justify;\">De ese insumo la industria consume alrededor de 105,000 barriles diarios actualmente frente a los 150,000 que deber\u00eda utilizar en condiciones normales.<\/p>\n<p style=\"text-align: justify;\">Por esta raz\u00f3n, la participaci\u00f3n de la industria qu\u00edmica en el Producto Interno Bruto (PIB) del pa\u00eds est\u00e1 estancada en 1.8%, mientras que las inversiones cayeron 56.9% en 2015 frente a 2014, de acuerdo con cifras de ANIQ.<\/p>\n<p style=\"text-align: justify;\">Ante la falta de suministros, en muchos casos se ha dejado de producir y se importa el producto terminado, seg\u00fan Guti\u00e9rrez. Por ello, las importaciones del sector crecieron 22.5% en 2015 frente al a\u00f1o anterior.<\/p>\n<p style=\"text-align: justify;\">La ANIQ espera que el suministro de estas materias primas se normalice a finales de este a\u00f1o o inicios del pr\u00f3ximo.<\/p>\n<p style=\"text-align: justify;\">Informaci\u00f3n de Expansi\u00f3n<\/p>\n","protected":false},"excerpt":{"rendered":"","protected":false},"author":1,"featured_media":6736,"comment_status":"open","ping_status":"open","sticky":false,"template":"","format":"standard","meta":{"_acf_changed":false,"_monsterinsights_skip_tracking":false,"slim_seo":{"title":"Industria qu\u00edmica estancado por desabasto de Pemex - Opini\u00f3n P\u00fablica","description":"La falta de gas natural por parte de Petr\u00f3leos Mexicanos (Pemex) tiene a la industria qu\u00edmica contra las cuerdas, por lo que ha frenado sus inversiones lo que a"},"footnotes":""},"categories":[9],"tags":[],"class_list":["post-6737","post","type-post","status-publish","format-standard","has-post-thumbnail","hentry","category-nacional"],"acf":[],"_links":{"self":[{"href":"https:\/\/www.opinionpublica.tv\/portada\/wp-json\/wp\/v2\/posts\/6737","targetHints":{"allow":["GET"]}}],"collection":[{"href":"https:\/\/www.opinionpublica.tv\/portada\/wp-json\/wp\/v2\/posts"}],"about":[{"href":"https:\/\/www.opinionpublica.tv\/portada\/wp-json\/wp\/v2\/types\/post"}],"author":[{"embeddable":true,"href":"https:\/\/www.opinionpublica.tv\/portada\/wp-json\/wp\/v2\/users\/1"}],"replies":[{"embeddable":true,"href":"https:\/\/www.opinionpublica.tv\/portada\/wp-json\/wp\/v2\/comments?post=6737"}],"version-history":[{"count":0,"href":"https:\/\/www.opinionpublica.tv\/portada\/wp-json\/wp\/v2\/posts\/6737\/revisions"}],"wp:featuredmedia":[{"embeddable":true,"href":"https:\/\/www.opinionpublica.tv\/portada\/wp-json\/wp\/v2\/media\/6736"}],"wp:attachment":[{"href":"https:\/\/www.opinionpublica.tv\/portada\/wp-json\/wp\/v2\/media?parent=6737"}],"wp:term":[{"taxonomy":"category","embeddable":true,"href":"https:\/\/www.opinionpublica.tv\/portada\/wp-json\/wp\/v2\/categories?post=6737"},{"taxonomy":"post_tag","embeddable":true,"href":"https:\/\/www.opinionpublica.tv\/portada\/wp-json\/wp\/v2\/tags?post=6737"}],"curies":[{"name":"wp","href":"https:\/\/api.w.org\/{rel}","templated":true}]}}