{"id":6733,"date":"2016-10-28T06:00:00","date_gmt":"2016-10-28T04:00:00","guid":{"rendered":"https:\/\/www.opinionpublica.tv\/portada\/2016\/10\/28\/la-economia-de-eu-crece-a-su-ritmo-mas-rapido-read-more-at-http-scl-io-ijrv39dx-gs-xj9mlbc\/"},"modified":"2016-10-28T06:00:00","modified_gmt":"2016-10-28T04:00:00","slug":"la-economia-de-eu-crece-a-su-ritmo-mas-rapido-read-more-at-http-scl-io-ijrv39dx-gs-xj9mlbc","status":"publish","type":"post","link":"https:\/\/www.opinionpublica.tv\/portada\/la-economia-de-eu-crece-a-su-ritmo-mas-rapido-read-more-at-http-scl-io-ijrv39dx-gs-xj9mlbc\/","title":{"rendered":"La econom\u00eda de EU crece a su ritmo m\u00e1s r\u00e1pido"},"content":{"rendered":"<p><img fetchpriority=\"high\" decoding=\"async\" class=\" size-full wp-image-6732\" src=\"https:\/\/www.opinionpublica.tv\/portada\/wp-content\/uploads\/2016\/10\/2ae429b4c1cd591f2c458b76f0cd7263.jpg\" alt=\"\" width=\"450\" height=\"356\" srcset=\"https:\/\/www.opinionpublica.tv\/portada\/wp-content\/uploads\/2016\/10\/2ae429b4c1cd591f2c458b76f0cd7263.jpg 450w, https:\/\/www.opinionpublica.tv\/portada\/wp-content\/uploads\/2016\/10\/2ae429b4c1cd591f2c458b76f0cd7263-300x237.jpg 300w\" sizes=\"(max-width: 450px) 100vw, 450px\" \/><br \/>\n<!--more--><\/p>\n<p style=\"text-align: justify;\">La econom\u00eda de Estados Unidos creci\u00f3 a una tasa anual de 2.9% en el tercer trimestre, su ritmo m\u00e1s r\u00e1pido de los \u00faltimos dos a\u00f1os, anunci\u00f3 este viernes el Departamento de Comercio en su primera estimaci\u00f3n para el periodo julio-septiembre.<\/p>\n<p style=\"text-align: justify;\">El aumento en el Producto Interno Bruto (PIB) estadounidense se debe al alza en las exportaciones y un repunte en los inventarios que compensaron la desaceleraci\u00f3n en el gasto de los consumidores.<\/p>\n<p style=\"text-align: justify;\">El dato representa la tasa de crecimiento m\u00e1s fuerte desde el tercer trimestre de 2014 y se da luego de que el PIB norteamericano se expandi\u00f3 un 1.4% en el segundo trimestre.<\/p>\n<p style=\"text-align: justify;\">Las exportaciones dieron un fuerte impulso al crecimiento el tercer trimestre al avanzar a tasa anualizada de 10%, la m\u00e1s alta desde los \u00faltimos tres meses de 2013.<\/p>\n<p style=\"text-align: justify;\">Por su parte, en el periodo de referencia, el consumo privado creci\u00f3 a una tasa anualizada de 2.1%, impulsado por un crecimiento de 9.5% en el consumo de bienes duraderos; mientras que la inversi\u00f3n bruta privada repunt\u00f3 a una tasa anualizada de 3.1%, luego de retroceder durante los tres trimestres anteriores, aunque la inversi\u00f3n en equipo continu\u00f3 a la baja por cuarta ocasi\u00f3n consecutiva.<\/p>\n<p style=\"text-align: justify;\">Informaci\u00f3n \u00a0de Forbes<\/p>\n","protected":false},"excerpt":{"rendered":"","protected":false},"author":1,"featured_media":6732,"comment_status":"open","ping_status":"open","sticky":false,"template":"","format":"standard","meta":{"_acf_changed":false,"_monsterinsights_skip_tracking":false,"slim_seo":{"title":"La econom\u00eda de EU crece a su ritmo m\u00e1s r\u00e1pido - Opini\u00f3n P\u00fablica","description":"La econom\u00eda de Estados Unidos creci\u00f3 a una tasa anual de 2.9% en el tercer trimestre, su ritmo m\u00e1s r\u00e1pido de los \u00faltimos dos a\u00f1os, anunci\u00f3 este viernes el Depar"},"footnotes":""},"categories":[24],"tags":[],"class_list":["post-6733","post","type-post","status-publish","format-standard","has-post-thumbnail","hentry","category-estados-unidos"],"acf":[],"_links":{"self":[{"href":"https:\/\/www.opinionpublica.tv\/portada\/wp-json\/wp\/v2\/posts\/6733","targetHints":{"allow":["GET"]}}],"collection":[{"href":"https:\/\/www.opinionpublica.tv\/portada\/wp-json\/wp\/v2\/posts"}],"about":[{"href":"https:\/\/www.opinionpublica.tv\/portada\/wp-json\/wp\/v2\/types\/post"}],"author":[{"embeddable":true,"href":"https:\/\/www.opinionpublica.tv\/portada\/wp-json\/wp\/v2\/users\/1"}],"replies":[{"embeddable":true,"href":"https:\/\/www.opinionpublica.tv\/portada\/wp-json\/wp\/v2\/comments?post=6733"}],"version-history":[{"count":0,"href":"https:\/\/www.opinionpublica.tv\/portada\/wp-json\/wp\/v2\/posts\/6733\/revisions"}],"wp:featuredmedia":[{"embeddable":true,"href":"https:\/\/www.opinionpublica.tv\/portada\/wp-json\/wp\/v2\/media\/6732"}],"wp:attachment":[{"href":"https:\/\/www.opinionpublica.tv\/portada\/wp-json\/wp\/v2\/media?parent=6733"}],"wp:term":[{"taxonomy":"category","embeddable":true,"href":"https:\/\/www.opinionpublica.tv\/portada\/wp-json\/wp\/v2\/categories?post=6733"},{"taxonomy":"post_tag","embeddable":true,"href":"https:\/\/www.opinionpublica.tv\/portada\/wp-json\/wp\/v2\/tags?post=6733"}],"curies":[{"name":"wp","href":"https:\/\/api.w.org\/{rel}","templated":true}]}}