{"id":67219,"date":"2025-09-01T12:24:01","date_gmt":"2025-09-01T18:24:01","guid":{"rendered":"https:\/\/www.opinionpublica.tv\/portada\/?p=67219"},"modified":"2025-09-01T12:26:24","modified_gmt":"2025-09-01T18:26:24","slug":"gobierno-municipal-refuerza-seguridad-con-62-nuevas-unidades-para-policia-y-vialidad","status":"publish","type":"post","link":"https:\/\/www.opinionpublica.tv\/portada\/gobierno-municipal-refuerza-seguridad-con-62-nuevas-unidades-para-policia-y-vialidad\/","title":{"rendered":"Gobierno Municipal refuerza seguridad con 62 unidades nuevas para Polic\u00eda y Vialidad"},"content":{"rendered":"\n<figure class=\"wp-block-image size-large\"><img fetchpriority=\"high\" decoding=\"async\" width=\"1024\" height=\"682\" src=\"https:\/\/www.opinionpublica.tv\/portada\/wp-content\/uploads\/2025\/09\/Gobierno-Municipal-refuerza-seguridad-con-62-unidades-nuevas-para-Policia-y-Vialidad-1024x682.jpeg\" alt=\"Gobierno municipal refuerza seguridad con 62 unidades nuevas para polici\u0301a y vialidad\" class=\"wp-image-67223\" srcset=\"https:\/\/www.opinionpublica.tv\/portada\/wp-content\/uploads\/2025\/09\/Gobierno-Municipal-refuerza-seguridad-con-62-unidades-nuevas-para-Policia-y-Vialidad-1024x682.jpeg 1024w, https:\/\/www.opinionpublica.tv\/portada\/wp-content\/uploads\/2025\/09\/Gobierno-Municipal-refuerza-seguridad-con-62-unidades-nuevas-para-Policia-y-Vialidad-300x200.jpeg 300w, https:\/\/www.opinionpublica.tv\/portada\/wp-content\/uploads\/2025\/09\/Gobierno-Municipal-refuerza-seguridad-con-62-unidades-nuevas-para-Policia-y-Vialidad-768x512.jpeg 768w, https:\/\/www.opinionpublica.tv\/portada\/wp-content\/uploads\/2025\/09\/Gobierno-Municipal-refuerza-seguridad-con-62-unidades-nuevas-para-Policia-y-Vialidad-1536x1023.jpeg 1536w, https:\/\/www.opinionpublica.tv\/portada\/wp-content\/uploads\/2025\/09\/Gobierno-Municipal-refuerza-seguridad-con-62-unidades-nuevas-para-Policia-y-Vialidad.jpeg 1600w\" sizes=\"(max-width: 1024px) 100vw, 1024px\" \/><\/figure>\n\n\n\n<p class=\"wp-block-paragraph\"><em>Ciudad Ju\u00e1rez, Chih<\/em>.- El Gobierno Municipal entreg\u00f3 62 unidades a la Secretar\u00eda de Seguridad P\u00fablica Municipal (SSPM) y a la Coordinaci\u00f3n General de Seguridad Vial.<\/p>\n\n\n\n<p class=\"wp-block-paragraph\">La ceremonia se llev\u00f3 a cabo a un costado del Museo de Arqueolog\u00eda e Historia de El Chamizal, encabezada por el alcalde Cruz P\u00e9rez Cu\u00e9llar, acompa\u00f1ado por el coordinador general de Seguridad Vial, Jes\u00fas Manuel Garc\u00eda Reyes y el secretario de Seguridad P\u00fablica Municipal, C\u00e9sar Omar Mu\u00f1oz Morales.<\/p>\n\n\n\n<p class=\"wp-block-paragraph\">Se incorporan a la flota:<\/p>\n\n\n\n<p class=\"wp-block-paragraph\">52 veh\u00edculos tipo Pick Up Ram 2500 HD modelo 2024<\/p>\n\n\n\n<p class=\"wp-block-paragraph\">10 veh\u00edculos tipo Pick Up Ford modelo 2025<\/p>\n\n\n\n<p class=\"wp-block-paragraph\">Todas las unidades est\u00e1n equipadas con sirena, sistema de luces, bocina, radio m\u00f3vil, audio, micr\u00f3fono y tumbaburros. La inversi\u00f3n destinada fue de 86 millones 375 mil 696 pesos.<\/p>\n\n\n\n<p class=\"wp-block-paragraph\">P\u00e9rez Cu\u00e9llar, agradeci\u00f3 el esfuerzo de las corporaciones de seguridad:<\/p>\n\n\n\n<p class=\"wp-block-paragraph\">\u201cEste mes cerramos con una reducci\u00f3n en el delito de homicidio doloso. No es la cifra que quisi\u00e9ramos, pero la disminuci\u00f3n es una se\u00f1al positiva del trabajo que realizan d\u00eda a d\u00eda nuestros elementos. Reconozco el esfuerzo de los mandos y de toda la corporaci\u00f3n\u201d, expres\u00f3 el edil.<\/p>\n\n\n\n<p class=\"wp-block-paragraph\">Con esta entrega, sumada a las 100 patrullas entregadas hace dos meses, la administraci\u00f3n municipal alcanza una inversi\u00f3n total de 221 millones 563 mil 496 pesos en equipamiento de seguridad p\u00fablica este a\u00f1o.<\/p>\n\n\n\n<p class=\"wp-block-paragraph\">El secretario de Seguridad P\u00fablica Municipal, C\u00e9sar Omar Mu\u00f1oz Morales, subray\u00f3 que estas unidades no solo representan veh\u00edculos, sino herramientas que permitir\u00e1n brindar una atenci\u00f3n m\u00e1s eficiente y reforzar el acercamiento con la ciudadan\u00eda.<\/p>\n","protected":false},"excerpt":{"rendered":"<p>Ciudad Ju\u00e1rez, Chih.- El Gobierno Municipal entreg\u00f3 62 unidades a la Secretar\u00eda de Seguridad P\u00fablica Municipal (SSPM) y a la Coordinaci\u00f3n General de Seguridad Vial. La ceremonia se llev\u00f3 a cabo a un costado del Museo de Arqueolog\u00eda e Historia de El Chamizal, encabezada por el alcalde Cruz P\u00e9rez Cu\u00e9llar, acompa\u00f1ado por el coordinador general [&hellip;]<\/p>\n","protected":false},"author":6,"featured_media":67223,"comment_status":"closed","ping_status":"closed","sticky":false,"template":"","format":"standard","meta":{"_acf_changed":false,"_monsterinsights_skip_tracking":false,"slim_seo":{"title":"Gobierno Municipal refuerza seguridad con 62 unidades nuevas para Polic\u00eda y Vialidad - Opini\u00f3n P\u00fablica","description":"Ciudad Ju\u00e1rez, Chih .- El Gobierno Municipal entreg\u00f3 62 unidades a la Secretar\u00eda de Seguridad P\u00fablica Municipal (SSPM) y a la Coordinaci\u00f3n General de Seguridad"},"footnotes":""},"categories":[41],"tags":[],"class_list":["post-67219","post","type-post","status-publish","format-standard","has-post-thumbnail","hentry","category-juarez"],"acf":[],"_links":{"self":[{"href":"https:\/\/www.opinionpublica.tv\/portada\/wp-json\/wp\/v2\/posts\/67219","targetHints":{"allow":["GET"]}}],"collection":[{"href":"https:\/\/www.opinionpublica.tv\/portada\/wp-json\/wp\/v2\/posts"}],"about":[{"href":"https:\/\/www.opinionpublica.tv\/portada\/wp-json\/wp\/v2\/types\/post"}],"author":[{"embeddable":true,"href":"https:\/\/www.opinionpublica.tv\/portada\/wp-json\/wp\/v2\/users\/6"}],"replies":[{"embeddable":true,"href":"https:\/\/www.opinionpublica.tv\/portada\/wp-json\/wp\/v2\/comments?post=67219"}],"version-history":[{"count":3,"href":"https:\/\/www.opinionpublica.tv\/portada\/wp-json\/wp\/v2\/posts\/67219\/revisions"}],"predecessor-version":[{"id":67224,"href":"https:\/\/www.opinionpublica.tv\/portada\/wp-json\/wp\/v2\/posts\/67219\/revisions\/67224"}],"wp:featuredmedia":[{"embeddable":true,"href":"https:\/\/www.opinionpublica.tv\/portada\/wp-json\/wp\/v2\/media\/67223"}],"wp:attachment":[{"href":"https:\/\/www.opinionpublica.tv\/portada\/wp-json\/wp\/v2\/media?parent=67219"}],"wp:term":[{"taxonomy":"category","embeddable":true,"href":"https:\/\/www.opinionpublica.tv\/portada\/wp-json\/wp\/v2\/categories?post=67219"},{"taxonomy":"post_tag","embeddable":true,"href":"https:\/\/www.opinionpublica.tv\/portada\/wp-json\/wp\/v2\/tags?post=67219"}],"curies":[{"name":"wp","href":"https:\/\/api.w.org\/{rel}","templated":true}]}}