{"id":67187,"date":"2025-09-01T00:01:00","date_gmt":"2025-09-01T06:01:00","guid":{"rendered":"https:\/\/www.opinionpublica.tv\/portada\/?p=67187"},"modified":"2025-08-31T16:28:43","modified_gmt":"2025-08-31T22:28:43","slug":"alerta-ecologia-por-enjambres-de-abejas-piden-reportar-y-extremar-precauciones","status":"publish","type":"post","link":"https:\/\/www.opinionpublica.tv\/portada\/alerta-ecologia-por-enjambres-de-abejas-piden-reportar-y-extremar-precauciones\/","title":{"rendered":"Alerta Ecolog\u00eda por enjambres de abejas, piden reportar al 911 y extremar precauciones"},"content":{"rendered":"\n<figure class=\"wp-block-image size-large\"><img fetchpriority=\"high\" decoding=\"async\" width=\"1024\" height=\"576\" src=\"https:\/\/www.opinionpublica.tv\/portada\/wp-content\/uploads\/2025\/08\/Alerta-Ecologia-por-enjambres-de-abejas-piden-reportar-al-911-y-extremar-precauciones-1024x576.jpeg\" alt=\"Alerta ecologi\u0301a por enjambres de abejas, piden reportar al 911 y extremar precauciones\" class=\"wp-image-67191\" srcset=\"https:\/\/www.opinionpublica.tv\/portada\/wp-content\/uploads\/2025\/08\/Alerta-Ecologia-por-enjambres-de-abejas-piden-reportar-al-911-y-extremar-precauciones-1024x576.jpeg 1024w, https:\/\/www.opinionpublica.tv\/portada\/wp-content\/uploads\/2025\/08\/Alerta-Ecologia-por-enjambres-de-abejas-piden-reportar-al-911-y-extremar-precauciones-300x169.jpeg 300w, https:\/\/www.opinionpublica.tv\/portada\/wp-content\/uploads\/2025\/08\/Alerta-Ecologia-por-enjambres-de-abejas-piden-reportar-al-911-y-extremar-precauciones-768x432.jpeg 768w, https:\/\/www.opinionpublica.tv\/portada\/wp-content\/uploads\/2025\/08\/Alerta-Ecologia-por-enjambres-de-abejas-piden-reportar-al-911-y-extremar-precauciones.jpeg 1280w\" sizes=\"(max-width: 1024px) 100vw, 1024px\" \/><\/figure>\n\n\n\n<p class=\"wp-block-paragraph\"><em>Ciudad Ju\u00e1rez, Chih<\/em>.- El Gobierno Municipal, a trav\u00e9s de la Direcci\u00f3n de Ecolog\u00eda, solicita a los juarenses reportar los enjambres de abejas que haya en la ciudad y exhortan a no destruirlos.<\/p>\n\n\n\n<p class=\"wp-block-paragraph\">C\u00e9sar Ren\u00e9 D\u00edaz Guti\u00e9rrez, titular de la dependencia, indic\u00f3 que el personal de Ecolog\u00eda trabaja en las acciones, por lo que esta semana retir\u00f3 una colmena que detectaron en la colonia Fidel \u00c1vila.<\/p>\n\n\n\n<p class=\"wp-block-paragraph\">Dijo que los empleados est\u00e1n capacitados para realizar estas labores y la Direcci\u00f3n trabaja en los casos a trav\u00e9s de denuncias de los ciudadanos.<\/p>\n\n\n\n<p class=\"wp-block-paragraph\">El funcionario se\u00f1al\u00f3 que los reportes pueden hacerse en la aplicaci\u00f3n WhatsApp al n\u00famero de tel\u00e9fono 656-756-7793 o al n\u00famero de emergencias 911.<\/p>\n\n\n\n<p class=\"wp-block-paragraph\">Mencion\u00f3 que una vez que retiran los enjambres, los llevan con alg\u00fan apicultor de la regi\u00f3n, en un espacio seguro y fuera de la ciudad.<\/p>\n","protected":false},"excerpt":{"rendered":"<p>Ciudad Ju\u00e1rez, Chih.- El Gobierno Municipal, a trav\u00e9s de la Direcci\u00f3n de Ecolog\u00eda, solicita a los juarenses reportar los enjambres de abejas que haya en la ciudad y exhortan a no destruirlos. C\u00e9sar Ren\u00e9 D\u00edaz Guti\u00e9rrez, titular de la dependencia, indic\u00f3 que el personal de Ecolog\u00eda trabaja en las acciones, por lo que esta semana [&hellip;]<\/p>\n","protected":false},"author":6,"featured_media":67191,"comment_status":"closed","ping_status":"closed","sticky":false,"template":"","format":"standard","meta":{"_acf_changed":false,"_monsterinsights_skip_tracking":false,"slim_seo":{"title":"Alerta Ecolog\u00eda por enjambres de abejas, piden reportar al 911 y extremar precauciones - Opini\u00f3n P\u00fablica","description":"Ciudad Ju\u00e1rez, Chih .- El Gobierno Municipal, a trav\u00e9s de la Direcci\u00f3n de Ecolog\u00eda, solicita a los juarenses reportar los enjambres de abejas que haya en la ciu"},"footnotes":""},"categories":[41],"tags":[],"class_list":["post-67187","post","type-post","status-publish","format-standard","has-post-thumbnail","hentry","category-juarez"],"acf":[],"_links":{"self":[{"href":"https:\/\/www.opinionpublica.tv\/portada\/wp-json\/wp\/v2\/posts\/67187","targetHints":{"allow":["GET"]}}],"collection":[{"href":"https:\/\/www.opinionpublica.tv\/portada\/wp-json\/wp\/v2\/posts"}],"about":[{"href":"https:\/\/www.opinionpublica.tv\/portada\/wp-json\/wp\/v2\/types\/post"}],"author":[{"embeddable":true,"href":"https:\/\/www.opinionpublica.tv\/portada\/wp-json\/wp\/v2\/users\/6"}],"replies":[{"embeddable":true,"href":"https:\/\/www.opinionpublica.tv\/portada\/wp-json\/wp\/v2\/comments?post=67187"}],"version-history":[{"count":3,"href":"https:\/\/www.opinionpublica.tv\/portada\/wp-json\/wp\/v2\/posts\/67187\/revisions"}],"predecessor-version":[{"id":67192,"href":"https:\/\/www.opinionpublica.tv\/portada\/wp-json\/wp\/v2\/posts\/67187\/revisions\/67192"}],"wp:featuredmedia":[{"embeddable":true,"href":"https:\/\/www.opinionpublica.tv\/portada\/wp-json\/wp\/v2\/media\/67191"}],"wp:attachment":[{"href":"https:\/\/www.opinionpublica.tv\/portada\/wp-json\/wp\/v2\/media?parent=67187"}],"wp:term":[{"taxonomy":"category","embeddable":true,"href":"https:\/\/www.opinionpublica.tv\/portada\/wp-json\/wp\/v2\/categories?post=67187"},{"taxonomy":"post_tag","embeddable":true,"href":"https:\/\/www.opinionpublica.tv\/portada\/wp-json\/wp\/v2\/tags?post=67187"}],"curies":[{"name":"wp","href":"https:\/\/api.w.org\/{rel}","templated":true}]}}