{"id":67175,"date":"2025-09-01T00:01:00","date_gmt":"2025-09-01T06:01:00","guid":{"rendered":"https:\/\/www.opinionpublica.tv\/portada\/?p=67175"},"modified":"2025-08-31T16:19:30","modified_gmt":"2025-08-31T22:19:30","slug":"presidencia-de-la-republica-trabaja-por-el-alza-al-ieps-en-bebidas-azucaradas","status":"publish","type":"post","link":"https:\/\/www.opinionpublica.tv\/portada\/presidencia-de-la-republica-trabaja-por-el-alza-al-ieps-en-bebidas-azucaradas\/","title":{"rendered":"Presidencia de la Rep\u00fablica trabaja por el alza al IEPS en todas las bebidas azucaradas"},"content":{"rendered":"\n<figure class=\"wp-block-image size-large\"><img fetchpriority=\"high\" decoding=\"async\" width=\"1024\" height=\"767\" src=\"https:\/\/www.opinionpublica.tv\/portada\/wp-content\/uploads\/2025\/08\/Presidencia-de-la-Republica-trabaja-por-el-alza-al-IEPS-en-todas-las-bebidas-azucaradas-1024x767.webp\" alt=\"Presidencia de la repu\u0301blica trabaja por el alza al ieps en todas las bebidas azucaradas\" class=\"wp-image-67179\" srcset=\"https:\/\/www.opinionpublica.tv\/portada\/wp-content\/uploads\/2025\/08\/Presidencia-de-la-Republica-trabaja-por-el-alza-al-IEPS-en-todas-las-bebidas-azucaradas-1024x767.webp 1024w, https:\/\/www.opinionpublica.tv\/portada\/wp-content\/uploads\/2025\/08\/Presidencia-de-la-Republica-trabaja-por-el-alza-al-IEPS-en-todas-las-bebidas-azucaradas-300x225.webp 300w, https:\/\/www.opinionpublica.tv\/portada\/wp-content\/uploads\/2025\/08\/Presidencia-de-la-Republica-trabaja-por-el-alza-al-IEPS-en-todas-las-bebidas-azucaradas-768x575.webp 768w, https:\/\/www.opinionpublica.tv\/portada\/wp-content\/uploads\/2025\/08\/Presidencia-de-la-Republica-trabaja-por-el-alza-al-IEPS-en-todas-las-bebidas-azucaradas.webp 1200w\" sizes=\"(max-width: 1024px) 100vw, 1024px\" \/><\/figure>\n\n\n\n<p class=\"wp-block-paragraph\"><em>Ciudad de M\u00e9xico<\/em>.- La Consejer\u00eda Jur\u00eddica de la Presidencia confirm\u00f3 a los diputados de Morena las iniciativas prioritarias para el periodo de sesiones que empieza el lunes y anticip\u00f3 que, en las reformas a la Ley Aduanera y en el paquete econ\u00f3mico habr\u00e1 \u201cmucho cabildeo\u201d de las empresas \u201cporque vienen algunas cosas importantes, sobre todo con las refresqueras\u201d.<\/p>\n\n\n\n<p class=\"wp-block-paragraph\">Esto, seg\u00fan explicaron legisladores, se tratar\u00eda de una \u201cactualizaci\u00f3n\u201d al IEPS que se paga por el consumo de bebidas azucaradas.<\/p>\n\n\n\n<p class=\"wp-block-paragraph\">En ese contexto, la titular de la consejer\u00eda, Ernestina Godoy Ramos, pidi\u00f3 a los legisladores de la mayor\u00eda revisar \u201ccon mucho cuidado\u201d la reforma en materia aduanera porque ser\u00e1 un instrumento \u201cde gran calado, va a causar mucho escozor en algunos, pero es momento en que tenemos que apretar todo lo que tiene que ver con importaciones y exportaciones y no haya corrupci\u00f3n\u201d.<\/p>\n\n\n\n<p class=\"wp-block-paragraph\">Seguramente, insisti\u00f3 en la reuni\u00f3n plenaria de la bancada morenista, \u201cvan a tener a las asociaciones de agentes aduanales, el lobby, los cabildeos\u201d para tratar de frenarla. Anticip\u00f3 que los diputados estar\u00e1n sujetos a \u201cmucho cabildeo\u201d por el contenido del Paquete Econ\u00f3mico 2026 que la Secretar\u00eda de Hacienda entregar\u00e1 el 8 de septiembre.<\/p>\n\n\n\n<p class=\"wp-block-paragraph\">Godoy Ramos inform\u00f3 que recibi\u00f3 la iniciativa de Ley de Ingresos y el proyecto de Presupuesto de Egresos por parte de Hacienda.<\/p>\n\n\n\n<p class=\"wp-block-paragraph\">Explic\u00f3 que para dar instrumentos legales a los nuevos jueces, una de las iniciativas plantea regular la obligaci\u00f3n de resolver los casos penales en un a\u00f1o y los de car\u00e1cter fiscal en seis meses. Adem\u00e1s, est\u00e1 por concluir la redacci\u00f3n de la reforma a la Ley de Amparo, con la cual \u201cterminar\u00edamos la regulaci\u00f3n de la reforma al Poder Judicial\u201d.<\/p>\n\n\n\n<p class=\"wp-block-paragraph\">Confirm\u00f3 tambi\u00e9n una iniciativa de reformas a la Ley General de Salud, para regular la prohibici\u00f3n de venta y consumo de cigarros electr\u00f3nicos. Asimismo, se enviar\u00e1 una nueva ley federal de propiedad industrial, con objeto de agilizar los tr\u00e1mites de patentes, que actualmente \u201ctardan meses o a\u00f1os\u201d.<\/p>\n\n\n\n<p class=\"wp-block-paragraph\">M\u00e1s tarde, el secretario de Hacienda, Edgar Amador Zamora, se\u00f1al\u00f3 a la bancada de Morena que el Paquete Econ\u00f3mico 2026 que se entregar\u00e1 se plane\u00f3 bajo el objetivo de un \u201cbienestar amplio y dentro de las proyecciones fiscales para mantener finanzas p\u00fablicas responsables, con m\u00e1rgenes de maniobra que garantizan la confianza para quienes apuestan por el pa\u00eds\u201d.<\/p>\n\n\n\n<p class=\"wp-block-paragraph\">Asimismo, al cerrar las reuniones con funcionarios, el titular de Econom\u00eda, Marcelo Ebrard, descart\u00f3 que el gobierno de Estados Unidos pueda rechazar la renovaci\u00f3n del T-MEC o replantearlo en condiciones muy negativas para M\u00e9xico, que es el principal exportador y comprador de ese pa\u00eds, y Washington \u201clo necesita\u201d. (La Jornada)<\/p>\n","protected":false},"excerpt":{"rendered":"<p>Ciudad de M\u00e9xico.- La Consejer\u00eda Jur\u00eddica de la Presidencia confirm\u00f3 a los diputados de Morena las iniciativas prioritarias para el periodo de sesiones que empieza el lunes y anticip\u00f3 que, en las reformas a la Ley Aduanera y en el paquete econ\u00f3mico habr\u00e1 \u201cmucho cabildeo\u201d de las empresas \u201cporque vienen algunas cosas importantes, sobre todo [&hellip;]<\/p>\n","protected":false},"author":6,"featured_media":67179,"comment_status":"closed","ping_status":"closed","sticky":false,"template":"","format":"standard","meta":{"_acf_changed":false,"_monsterinsights_skip_tracking":false,"slim_seo":{"title":"Presidencia de la Rep\u00fablica trabaja por el alza al IEPS en todas las bebidas azucaradas - Opini\u00f3n P\u00fablica","description":"Ciudad de M\u00e9xico .- La Consejer\u00eda Jur\u00eddica de la Presidencia confirm\u00f3 a los diputados de Morena las iniciativas prioritarias para el periodo de sesiones que emp"},"footnotes":""},"categories":[4],"tags":[],"class_list":["post-67175","post","type-post","status-publish","format-standard","has-post-thumbnail","hentry","category-pulsopolitico"],"acf":[],"_links":{"self":[{"href":"https:\/\/www.opinionpublica.tv\/portada\/wp-json\/wp\/v2\/posts\/67175","targetHints":{"allow":["GET"]}}],"collection":[{"href":"https:\/\/www.opinionpublica.tv\/portada\/wp-json\/wp\/v2\/posts"}],"about":[{"href":"https:\/\/www.opinionpublica.tv\/portada\/wp-json\/wp\/v2\/types\/post"}],"author":[{"embeddable":true,"href":"https:\/\/www.opinionpublica.tv\/portada\/wp-json\/wp\/v2\/users\/6"}],"replies":[{"embeddable":true,"href":"https:\/\/www.opinionpublica.tv\/portada\/wp-json\/wp\/v2\/comments?post=67175"}],"version-history":[{"count":3,"href":"https:\/\/www.opinionpublica.tv\/portada\/wp-json\/wp\/v2\/posts\/67175\/revisions"}],"predecessor-version":[{"id":67180,"href":"https:\/\/www.opinionpublica.tv\/portada\/wp-json\/wp\/v2\/posts\/67175\/revisions\/67180"}],"wp:featuredmedia":[{"embeddable":true,"href":"https:\/\/www.opinionpublica.tv\/portada\/wp-json\/wp\/v2\/media\/67179"}],"wp:attachment":[{"href":"https:\/\/www.opinionpublica.tv\/portada\/wp-json\/wp\/v2\/media?parent=67175"}],"wp:term":[{"taxonomy":"category","embeddable":true,"href":"https:\/\/www.opinionpublica.tv\/portada\/wp-json\/wp\/v2\/categories?post=67175"},{"taxonomy":"post_tag","embeddable":true,"href":"https:\/\/www.opinionpublica.tv\/portada\/wp-json\/wp\/v2\/tags?post=67175"}],"curies":[{"name":"wp","href":"https:\/\/api.w.org\/{rel}","templated":true}]}}