{"id":6709,"date":"2016-10-27T06:00:00","date_gmt":"2016-10-27T04:00:00","guid":{"rendered":"https:\/\/www.opinionpublica.tv\/portada\/2016\/10\/27\/liberan-y-recapturan-a-el-cholo-ivan-companero-del-chapo\/"},"modified":"2016-10-27T06:00:00","modified_gmt":"2016-10-27T04:00:00","slug":"liberan-y-recapturan-a-el-cholo-ivan-companero-del-chapo","status":"publish","type":"post","link":"https:\/\/www.opinionpublica.tv\/portada\/liberan-y-recapturan-a-el-cholo-ivan-companero-del-chapo\/","title":{"rendered":"Liberan y recapturan a \u201cEl Cholo Iv\u00e1n\u201d, compa\u00f1ero del Chapo"},"content":{"rendered":"<p><img fetchpriority=\"high\" decoding=\"async\" class=\" size-full wp-image-6708\" src=\"https:\/\/www.opinionpublica.tv\/portada\/wp-content\/uploads\/2016\/10\/ef40c6f058410ce395edaa6a10652dc9.jpg\" alt=\"\" width=\"700\" height=\"400\" srcset=\"https:\/\/www.opinionpublica.tv\/portada\/wp-content\/uploads\/2016\/10\/ef40c6f058410ce395edaa6a10652dc9.jpg 700w, https:\/\/www.opinionpublica.tv\/portada\/wp-content\/uploads\/2016\/10\/ef40c6f058410ce395edaa6a10652dc9-300x171.jpg 300w\" sizes=\"(max-width: 700px) 100vw, 700px\" \/><br \/>\n<!--more--><\/p>\n<p style=\"text-align: justify;\">Orso Iv\u00e1n Gast\u00e9lum, conocido como \u201cEl Cholo Iv\u00e1n\u201d, fue liberado este s\u00e1bado 22 de octubre del Cefereso 9 de Ciudad Ju\u00e1rez, para luego volver a ser capturado por miembros del Ejercito Mexicano.<\/p>\n<p style=\"text-align: justify;\">\u201cEl Cholo Iv\u00e1n\u201d hab\u00eda sido detenido junto a \u201cEl Chapo\u201d Guzm\u00e1n Loera el 8 de enero, y este s\u00e1bado hab\u00eda sido liberado por una orden proveniente de un juez federal, debido a que \u201cno ten\u00edan pruebas suficientes\u201d para tenerlo en prisi\u00f3n.<\/p>\n<p style=\"text-align: justify;\">Sin embargo, inmediatamente despu\u00e9s de salir caminando del Cefereso, Gast\u00e9lum fue reaprehendido por elementos del Ej\u00e9rcito Mexicano que desde mayo mantienen vigilancia a las afueras de dicho penal, debido al traslado de su compa\u00f1ero, Joaqu\u00edn el Chapo Guzm\u00e1n, a ese mismo sitio.<\/p>\n<p style=\"text-align: justify;\">La orden de reaprehensi\u00f3n fue dictada luego de que la Secretar\u00eda de la Defensa Nacional notificara a la Procuradur\u00eda General de la Rep\u00fablica (PGR) sobre su pronta liberacion. El departamento de inteligencia de la Defensa contact\u00f3 a la Subprocuradur\u00eda Especializada en Investigaci\u00f3n de Delincuencia Organizada, luego de lo cual se gir\u00f3 una orden de localizaci\u00f3n, para regresar a \u201cEl Cholo Iv\u00e1n\u201d al interior del penal.<\/p>\n<p style=\"text-align: justify;\">Cabe recordar que \u201cEl Cholo\u201d era jefe de la plaza de Los Mochis para el c\u00e1rtel de Sinaloa, y un hombre de total confianza para Joaqu\u00edn Guzm\u00e1n Loera.<\/p>\n<p style=\"text-align: justify;\">\u201cNo estamos hablando de un delincuente de poca monta. Los soldados evitaron una crisis gubernamental may\u00fascula\u201d, expres\u00f3 Carlos Loret de Mola, periodista de El Universal.<\/p>\n","protected":false},"excerpt":{"rendered":"","protected":false},"author":4,"featured_media":6708,"comment_status":"open","ping_status":"open","sticky":false,"template":"","format":"standard","meta":{"_acf_changed":false,"_monsterinsights_skip_tracking":false,"slim_seo":{"title":"Liberan y recapturan a \u201cEl Cholo Iv\u00e1n\u201d, compa\u00f1ero del Chapo - Opini\u00f3n P\u00fablica","description":"Orso Iv\u00e1n Gast\u00e9lum, conocido como \u201cEl Cholo Iv\u00e1n\u201d, fue liberado este s\u00e1bado 22 de octubre del Cefereso 9 de Ciudad Ju\u00e1rez, para luego volver a ser capturado por"},"footnotes":""},"categories":[5],"tags":[],"class_list":["post-6709","post","type-post","status-publish","format-standard","has-post-thumbnail","hentry","category-frontera"],"acf":[],"_links":{"self":[{"href":"https:\/\/www.opinionpublica.tv\/portada\/wp-json\/wp\/v2\/posts\/6709","targetHints":{"allow":["GET"]}}],"collection":[{"href":"https:\/\/www.opinionpublica.tv\/portada\/wp-json\/wp\/v2\/posts"}],"about":[{"href":"https:\/\/www.opinionpublica.tv\/portada\/wp-json\/wp\/v2\/types\/post"}],"author":[{"embeddable":true,"href":"https:\/\/www.opinionpublica.tv\/portada\/wp-json\/wp\/v2\/users\/4"}],"replies":[{"embeddable":true,"href":"https:\/\/www.opinionpublica.tv\/portada\/wp-json\/wp\/v2\/comments?post=6709"}],"version-history":[{"count":0,"href":"https:\/\/www.opinionpublica.tv\/portada\/wp-json\/wp\/v2\/posts\/6709\/revisions"}],"wp:featuredmedia":[{"embeddable":true,"href":"https:\/\/www.opinionpublica.tv\/portada\/wp-json\/wp\/v2\/media\/6708"}],"wp:attachment":[{"href":"https:\/\/www.opinionpublica.tv\/portada\/wp-json\/wp\/v2\/media?parent=6709"}],"wp:term":[{"taxonomy":"category","embeddable":true,"href":"https:\/\/www.opinionpublica.tv\/portada\/wp-json\/wp\/v2\/categories?post=6709"},{"taxonomy":"post_tag","embeddable":true,"href":"https:\/\/www.opinionpublica.tv\/portada\/wp-json\/wp\/v2\/tags?post=6709"}],"curies":[{"name":"wp","href":"https:\/\/api.w.org\/{rel}","templated":true}]}}