{"id":67052,"date":"2025-08-30T00:01:00","date_gmt":"2025-08-30T06:01:00","guid":{"rendered":"https:\/\/www.opinionpublica.tv\/portada\/?p=67052"},"modified":"2025-08-29T14:36:14","modified_gmt":"2025-08-29T20:36:14","slug":"dificil-reducir-la-pobreza-si-no-hay-crecimiento-economico-ni-empleo-persiste-rezago-en-salud-y-educacion-expertos","status":"publish","type":"post","link":"https:\/\/www.opinionpublica.tv\/portada\/dificil-reducir-la-pobreza-si-no-hay-crecimiento-economico-ni-empleo-persiste-rezago-en-salud-y-educacion-expertos\/","title":{"rendered":"Dif\u00edcil reducir pobreza sin crecimiento econ\u00f3mico ni empleo, persiste rezago en salud y educaci\u00f3n; se\u00f1alan expertos"},"content":{"rendered":"\n<figure class=\"wp-block-image size-full\"><img fetchpriority=\"high\" decoding=\"async\" width=\"1006\" height=\"620\" src=\"https:\/\/www.opinionpublica.tv\/portada\/wp-content\/uploads\/2025\/08\/Dificil-reducir-pobreza-sin-crecimiento-economico-ni-empleo-persiste-rezago-en-salud-y-educacion-senalan-expertos.avif\" alt=\"Difi\u0301cil reducir pobreza sin crecimiento econo\u0301mico ni empleo, persiste rezago en salud y educacio\u0301n; sen\u0303alan expertos\" class=\"wp-image-67056\" srcset=\"https:\/\/www.opinionpublica.tv\/portada\/wp-content\/uploads\/2025\/08\/Dificil-reducir-pobreza-sin-crecimiento-economico-ni-empleo-persiste-rezago-en-salud-y-educacion-senalan-expertos.avif 1006w, https:\/\/www.opinionpublica.tv\/portada\/wp-content\/uploads\/2025\/08\/Dificil-reducir-pobreza-sin-crecimiento-economico-ni-empleo-persiste-rezago-en-salud-y-educacion-senalan-expertos-300x185.avif 300w, https:\/\/www.opinionpublica.tv\/portada\/wp-content\/uploads\/2025\/08\/Dificil-reducir-pobreza-sin-crecimiento-economico-ni-empleo-persiste-rezago-en-salud-y-educacion-senalan-expertos-768x473.avif 768w\" sizes=\"(max-width: 1006px) 100vw, 1006px\" \/><\/figure>\n\n\n\n<p class=\"wp-block-paragraph\">Aunque la estimaci\u00f3n oficial sugiere que estamos en los niveles m\u00e1s bajos de pobreza en d\u00e9cadas, esta reducci\u00f3n no podr\u00e1 mantenerse si no hay crecimiento econ\u00f3mico, afirmaron expertos.<\/p>\n\n\n\n<p class=\"wp-block-paragraph\">En la videoconferencia \u201cDe los datos a las acciones efectivas, desarrollo con equidad en un pa\u00eds de contrastes\u201d, que organiz\u00f3 Acci\u00f3n Ciudadana Frente a la Pobreza, especialistas explicaron que, si bien aumentaron los ingresos de las personas, no mejoraron las condiciones de educaci\u00f3n, salud y seguridad social.<\/p>\n\n\n\n<p class=\"wp-block-paragraph\">El presidente ejecutivo de la organizaci\u00f3n, Rogelio G\u00f3mez Hermosillo, dijo que \u201cse redujo la pobreza, pero se mantienen las desigualdades, porque los hogares de menor ingreso tienen 3.5 veces m\u00e1s carencias en salud que los de mayor ingreso\u201d.<\/p>\n\n\n\n<p class=\"wp-block-paragraph\">En tanto que, en materia educativa, los hogares de menor ingreso tienen 8.5 veces m\u00e1s rezago educativo que los de mayor ingreso, en tanto que, en materia de seguridad social, nueve de cada 10 hogares de bajo ingreso no cuentan con ello.<\/p>\n\n\n\n<p class=\"wp-block-paragraph\">La directora de la Divisi\u00f3n de Estudios Sociales e Investigadora del EQUIDE de la Universidad Iberoamericana, Graciela Teruel, dijo que \u201clo que impact\u00f3 a la reducci\u00f3n de la pobreza fueron los ingresos laborales y la pol\u00edtica laboral dif\u00edcilmente podr\u00e1 ayudar a la reducci\u00f3n de la pobreza si no hay crecimiento econ\u00f3mico\u201d.<\/p>\n\n\n\n<p class=\"wp-block-paragraph\">Coment\u00f3 que el ingreso por programas sociales creci\u00f3 223%, pero menos del 4% del ingreso de los hogares.<\/p>\n\n\n\n<p class=\"wp-block-paragraph\">Programa social para adultos mayores, el gasto m\u00e1s importante<\/p>\n\n\n\n<p class=\"wp-block-paragraph\">El programa de adultos mayores es el gasto m\u00e1s importante, sin embargo, la pol\u00edtica gubernamental no se enfoca \u00fanicamente a los sectores de m\u00e1s bajos ingresos, porque se entregan muy parecidos los gastos a los deciles de mayores ingresos como a los de menores ingresos.<\/p>\n\n\n\n<p class=\"wp-block-paragraph\">El problema es que \u201clos programas destinados a becas, son muy marginales\u201d, porque los recursos destinados a la siguiente generaci\u00f3n, a los j\u00f3venes, se han reducido dr\u00e1sticamente, estamos apostando a los adultos mayores dejando de atender a la poblaci\u00f3n joven de la siguiente generaci\u00f3n\u201d.<\/p>\n\n\n\n<p class=\"wp-block-paragraph\">A\u00f1adi\u00f3 que \u201csin gastar m\u00e1s solamente dando los recursos de hoy recibe el 20% m\u00e1s rico al 20% m\u00e1s pobre bajar\u00edamos la pobreza extrema por ingreso de 9.3% a 8.5%\u201d.<\/p>\n\n\n\n<p class=\"wp-block-paragraph\">En su turno, el profesor investigador del Centro de Investigaci\u00f3n y Docencia Econ\u00f3mica (CIDE), Guillermo Cejudo, dijo que aunque subieron los ingresos de la poblaci\u00f3n, estos se tienen que destinar a servicios de salud y educaci\u00f3n.<\/p>\n\n\n\n<p class=\"wp-block-paragraph\">Por otra parte, coment\u00f3 que se tiene que pensar en pol\u00edticas p\u00fablicas diferenciadas porque no se puede pensar que una pol\u00edtica tendr\u00e1 el mismo efecto en un estado y en otro.<\/p>\n\n\n\n<p class=\"wp-block-paragraph\"><em>Con informaci\u00f3n de El Universal<\/em>.<\/p>\n","protected":false},"excerpt":{"rendered":"<p>Aunque la estimaci\u00f3n oficial sugiere que estamos en los niveles m\u00e1s bajos de pobreza en d\u00e9cadas, esta reducci\u00f3n no podr\u00e1 mantenerse si no hay crecimiento econ\u00f3mico, afirmaron expertos. En la videoconferencia \u201cDe los datos a las acciones efectivas, desarrollo con equidad en un pa\u00eds de contrastes\u201d, que organiz\u00f3 Acci\u00f3n Ciudadana Frente a la Pobreza, especialistas [&hellip;]<\/p>\n","protected":false},"author":6,"featured_media":67056,"comment_status":"closed","ping_status":"closed","sticky":false,"template":"","format":"standard","meta":{"_acf_changed":false,"_monsterinsights_skip_tracking":false,"slim_seo":{"title":"Dif\u00edcil reducir pobreza sin crecimiento econ\u00f3mico ni empleo, persiste rezago en salud y educaci\u00f3n; se\u00f1alan expertos - Opini\u00f3n P\u00fablica","description":"Aunque la estimaci\u00f3n oficial sugiere que estamos en los niveles m\u00e1s bajos de pobreza en d\u00e9cadas, esta reducci\u00f3n no podr\u00e1 mantenerse si no hay crecimiento econ\u00f3m"},"footnotes":""},"categories":[3],"tags":[],"class_list":["post-67052","post","type-post","status-publish","format-standard","has-post-thumbnail","hentry","category-principal"],"acf":[],"_links":{"self":[{"href":"https:\/\/www.opinionpublica.tv\/portada\/wp-json\/wp\/v2\/posts\/67052","targetHints":{"allow":["GET"]}}],"collection":[{"href":"https:\/\/www.opinionpublica.tv\/portada\/wp-json\/wp\/v2\/posts"}],"about":[{"href":"https:\/\/www.opinionpublica.tv\/portada\/wp-json\/wp\/v2\/types\/post"}],"author":[{"embeddable":true,"href":"https:\/\/www.opinionpublica.tv\/portada\/wp-json\/wp\/v2\/users\/6"}],"replies":[{"embeddable":true,"href":"https:\/\/www.opinionpublica.tv\/portada\/wp-json\/wp\/v2\/comments?post=67052"}],"version-history":[{"count":4,"href":"https:\/\/www.opinionpublica.tv\/portada\/wp-json\/wp\/v2\/posts\/67052\/revisions"}],"predecessor-version":[{"id":67057,"href":"https:\/\/www.opinionpublica.tv\/portada\/wp-json\/wp\/v2\/posts\/67052\/revisions\/67057"}],"wp:featuredmedia":[{"embeddable":true,"href":"https:\/\/www.opinionpublica.tv\/portada\/wp-json\/wp\/v2\/media\/67056"}],"wp:attachment":[{"href":"https:\/\/www.opinionpublica.tv\/portada\/wp-json\/wp\/v2\/media?parent=67052"}],"wp:term":[{"taxonomy":"category","embeddable":true,"href":"https:\/\/www.opinionpublica.tv\/portada\/wp-json\/wp\/v2\/categories?post=67052"},{"taxonomy":"post_tag","embeddable":true,"href":"https:\/\/www.opinionpublica.tv\/portada\/wp-json\/wp\/v2\/tags?post=67052"}],"curies":[{"name":"wp","href":"https:\/\/api.w.org\/{rel}","templated":true}]}}