{"id":67027,"date":"2025-08-29T00:01:00","date_gmt":"2025-08-29T06:01:00","guid":{"rendered":"https:\/\/www.opinionpublica.tv\/portada\/?p=67027"},"modified":"2025-08-28T17:38:42","modified_gmt":"2025-08-28T23:38:42","slug":"la-ceguera-de-saramago-en-juarez","status":"publish","type":"post","link":"https:\/\/www.opinionpublica.tv\/portada\/la-ceguera-de-saramago-en-juarez\/","title":{"rendered":"La Ceguera de Saramago en Ju\u00e1rez"},"content":{"rendered":"\n<h4 class=\"wp-block-heading\">Ra\u00fal Ruiz<\/h4>\n\n\n\n<p class=\"wp-block-paragraph\">___________________________<\/p>\n\n\n\n<p class=\"wp-block-paragraph\">En la novela Ensayo sobre la ceguera, Jos\u00e9 Saramago nos lanza a un mundo donde la gente pierde la vista sin explicaci\u00f3n.<\/p>\n\n\n\n<p class=\"wp-block-paragraph\">No es una ceguera f\u00edsica, sino moral, \u00e9tica, institucional.<\/p>\n\n\n\n<p class=\"wp-block-paragraph\">Una epidemia blanca que revela lo que ya estaba podrido.<\/p>\n\n\n\n<p class=\"wp-block-paragraph\">Y en Ju\u00e1rez, parece que esa epidemia ha mutado: ahora se transmite por palmadas en la espalda, promesas huecas y reuniones de caf\u00e9 con aroma a nostalgia priista.<\/p>\n\n\n\n<p class=\"wp-block-paragraph\">Filiberto Terrazas: elegido de los ciegos.<\/p>\n\n\n\n<p class=\"wp-block-paragraph\">Desde 2014, Filiberto Terrazas ha sido magistrado. Un hombre de sangre liviana, como quien flota entre expedientes sin mancharse. Pero ahora, los viejos zorros \u2014que ya no son ni zorros, sino f\u00f3siles con corbata\u2014 lo han convencido de que puede ser alcalde.<\/p>\n\n\n\n<p class=\"wp-block-paragraph\">No cualquier alcalde: su alcalde. El mes\u00edas independiente que vendr\u00e1 a unir a las c\u00e1maras empresariales, las iglesias, los sindicatos, los cient\u00edficos, los deportistas, los j\u00f3venes, los abogados, los maquileros\u2026 y si queda tiempo, a los que a\u00fan creen en la democracia.<\/p>\n\n\n\n<p class=\"wp-block-paragraph\">Los arcaicos del poder<\/p>\n\n\n\n<p class=\"wp-block-paragraph\">\u00bfQui\u00e9nes son estos iluminados que ven en Filiberto al nuevo gu\u00eda? Aqu\u00ed el elenco de La Ceguera: versi\u00f3n Ju\u00e1rez:<\/p>\n\n\n\n<p class=\"wp-block-paragraph\">&#8211; El Cura Canales, reliquia del viejo PRI, que a\u00fan cree que el voto se bendice desde el p\u00falpito.<\/p>\n\n\n\n<p class=\"wp-block-paragraph\">&#8211; Alejandro Loaeza, ex alcalde por unas horas, como quien alquila el poder por Airbnb.<\/p>\n\n\n\n<p class=\"wp-block-paragraph\">&#8211; Adriana Fuentes, senadora suplente, que aparece en la pol\u00edtica, radiante y bella, pero en el lado equivocado.<\/p>\n\n\n\n<p class=\"wp-block-paragraph\">&#8211; Mireya Porras, regidora, que a\u00fan cree que el cabildo es un club de t\u00e9.<\/p>\n\n\n\n<p class=\"wp-block-paragraph\">&#8211; Nacho Duarte, ex diputado, que confunde el Congreso con una sobremesa.<\/p>\n\n\n\n<p class=\"wp-block-paragraph\">&#8211; Guillermo Dowell, reaparecido como quien regresa del exilio pol\u00edtico con una bufanda de dignidad reciclada.<\/p>\n\n\n\n<p class=\"wp-block-paragraph\">&#8211; Alejandro Cabada, hijo de don Arnoldo, heredero de apellido pero no necesariamente de visi\u00f3n, sino de televisi\u00f3n.<\/p>\n\n\n\n<p class=\"wp-block-paragraph\">&#8211; Y lo ins\u00f3lito\u2026 M\u00e1quina de fuego. Tratando de vender un costal de votos que lee regala la perrada del norponiente.<\/p>\n\n\n\n<p class=\"wp-block-paragraph\">Lavado cerebral con aroma a nostalgia<\/p>\n\n\n\n<p class=\"wp-block-paragraph\">A Filiberto le lavan el coco con frases como: \u201cT\u00fa puedes ser alcalde, nuestro alcalde\u2026 nuestro alcalde.\u201d Como si repiti\u00e9ndolo tres veces se invocara el esp\u00edritu de la gobernanza.<\/p>\n\n\n\n<p class=\"wp-block-paragraph\">Le venden la idea de que ser\u00e1 el factor electoral del 2027, como quien vende espejitos a cambio de votos.<\/p>\n\n\n\n<p class=\"wp-block-paragraph\">Pero lo que no ven \u2014porque est\u00e1n ciegos, claro\u2014 es que Ju\u00e1rez ya no es el tablero de ajedrez del PRI de los noventa.<\/p>\n\n\n\n<p class=\"wp-block-paragraph\">Es una ciudad que exige visi\u00f3n, no nostalgia. Que pide propuestas, no procesiones de fantasmas pol\u00edticos.<\/p>\n\n\n\n<p class=\"wp-block-paragraph\">Saramago y los ciegos con corbata<\/p>\n\n\n\n<p class=\"wp-block-paragraph\">Saramago escribi\u00f3 que \u201csi puedes mirar, ve. Si puedes ver, repara.\u201d Pero estos personajes no miran, no ven, y mucho menos reparan.<\/p>\n\n\n\n<p class=\"wp-block-paragraph\">Est\u00e1n atrapados en una ceguera blanca, donde todo parece posible porque nada se cuestiona. Como los personajes de su novela, se mueven por instinto, por miedo, por costumbre. Y en ese mundo, Filiberto es el nuevo gu\u00eda\u2026 aunque a\u00fan no sabe que lo est\u00e1n usando como bast\u00f3n.<\/p>\n\n\n\n<p class=\"wp-block-paragraph\">La Ceguera de Saramago no es solo una met\u00e1fora: es una advertencia. Cuando el poder se ejerce sin \u00e9tica, cuando se repite el pasado sin aprender de \u00e9l, cuando se elige al candidato por docilidad y no por visi\u00f3n\u2026 entonces estamos todos ciegos. Y no hay bast\u00f3n que nos salve.<\/p>\n\n\n\n<p class=\"wp-block-paragraph\">\u00bfIndependiente?<\/p>\n\n\n\n<p class=\"wp-block-paragraph\">Filiberto dice que ir\u00e1 por la v\u00eda independiente. Que si los juarenses lo desean, \u00e9l los representar\u00e1. Pero su independencia parece m\u00e1s bien una rep\u00fablica de ilusiones, sostenida por los mismos que antes vend\u00edan candidaturas como quien vende terrenos en Marte.<\/p>\n\n\n\n<p class=\"wp-block-paragraph\">\u00bfY si los organismos de la sociedad civil no se ponen de acuerdo? \u00bfY si los j\u00f3venes prefieren TikTok a las urnas? \u00bfY si los cient\u00edficos est\u00e1n ocupados en cosas m\u00e1s serias que la pol\u00edtica local? Entonces, \u00bfqu\u00e9 queda?<\/p>\n\n\n\n<p class=\"wp-block-paragraph\">Queda la ceguera. Queda el eco de los viejos zorros. Queda la esperanza de que alguien, alg\u00fan d\u00eda, abra los ojos.<\/p>\n","protected":false},"excerpt":{"rendered":"<p>Ra\u00fal Ruiz ___________________________ En la novela Ensayo sobre la ceguera, Jos\u00e9 Saramago nos lanza a un mundo donde la gente pierde la vista sin explicaci\u00f3n. No es una ceguera f\u00edsica, sino moral, \u00e9tica, institucional. Una epidemia blanca que revela lo que ya estaba podrido. Y en Ju\u00e1rez, parece que esa epidemia ha mutado: ahora se [&hellip;]<\/p>\n","protected":false},"author":6,"featured_media":43347,"comment_status":"closed","ping_status":"closed","sticky":false,"template":"","format":"standard","meta":{"_acf_changed":false,"_monsterinsights_skip_tracking":false,"slim_seo":{"title":"La Ceguera de Saramago en Ju\u00e1rez - Opini\u00f3n P\u00fablica","description":"Ra\u00fal Ruiz ___________________________ En la novela Ensayo sobre la ceguera, Jos\u00e9 Saramago nos lanza a un mundo donde la gente pierde la vista sin explicaci\u00f3n. N"},"footnotes":""},"categories":[21],"tags":[593],"class_list":["post-67027","post","type-post","status-publish","format-standard","has-post-thumbnail","hentry","category-cartapacio","tag-cartapacio"],"acf":[],"_links":{"self":[{"href":"https:\/\/www.opinionpublica.tv\/portada\/wp-json\/wp\/v2\/posts\/67027","targetHints":{"allow":["GET"]}}],"collection":[{"href":"https:\/\/www.opinionpublica.tv\/portada\/wp-json\/wp\/v2\/posts"}],"about":[{"href":"https:\/\/www.opinionpublica.tv\/portada\/wp-json\/wp\/v2\/types\/post"}],"author":[{"embeddable":true,"href":"https:\/\/www.opinionpublica.tv\/portada\/wp-json\/wp\/v2\/users\/6"}],"replies":[{"embeddable":true,"href":"https:\/\/www.opinionpublica.tv\/portada\/wp-json\/wp\/v2\/comments?post=67027"}],"version-history":[{"count":3,"href":"https:\/\/www.opinionpublica.tv\/portada\/wp-json\/wp\/v2\/posts\/67027\/revisions"}],"predecessor-version":[{"id":67030,"href":"https:\/\/www.opinionpublica.tv\/portada\/wp-json\/wp\/v2\/posts\/67027\/revisions\/67030"}],"wp:featuredmedia":[{"embeddable":true,"href":"https:\/\/www.opinionpublica.tv\/portada\/wp-json\/wp\/v2\/media\/43347"}],"wp:attachment":[{"href":"https:\/\/www.opinionpublica.tv\/portada\/wp-json\/wp\/v2\/media?parent=67027"}],"wp:term":[{"taxonomy":"category","embeddable":true,"href":"https:\/\/www.opinionpublica.tv\/portada\/wp-json\/wp\/v2\/categories?post=67027"},{"taxonomy":"post_tag","embeddable":true,"href":"https:\/\/www.opinionpublica.tv\/portada\/wp-json\/wp\/v2\/tags?post=67027"}],"curies":[{"name":"wp","href":"https:\/\/api.w.org\/{rel}","templated":true}]}}